{"id":6283,"date":"2011-05-04T22:30:49","date_gmt":"2011-05-04T20:30:49","guid":{"rendered":"http:\/\/www.djk-erlangen.de\/fussball\/?p=6283"},"modified":"2011-05-05T00:44:03","modified_gmt":"2011-05-04T22:44:03","slug":"6283","status":"publish","type":"post","link":"https:\/\/www.djk-erlangen.de\/fussball\/?p=6283","title":{"rendered":"Die \u00f6sterliche Pause gut \u00fcberstanden"},"content":{"rendered":"<p>Nach der \u00f6sterlichen Spielpause, in der beim w\u00f6chentlichen Training am Feinschliff gearbeitet wurde, pr\u00e4sentierte sich am heutigen Sp\u00e4tnachmittag eine hellwache fu\u00dfballbegeisterte Mannschaft den zahlreich erschienenen Zuschauern im heimischen Wiesengrund.<\/p>\n<p><!--more-->Um der bisherigen Abschlu\u00dfschw\u00e4che entgegen zu wirken, haben die Verantwortlichen die Offensivabteilung umgebaut und Arijan ins Zentrum beordert. Im Mittelfeld agierten heute der extrem laufstarke Ben an der Seite von Daniel. Nach anf\u00e4nglichen Abstimmungsproblemen kam die Wiesenwegbubenmaschinerie immer besser in Tritt und lie\u00df Ball und Gegner laufen. Den Torreigen er\u00f6ffnete schlie\u00dflich in der 7. Spielminute Arijan. Die Jungs freuten sich so sehr mit Arijan \u00fcber sein erstes Saisontor, dass sie ganz und gar das Weiterspielen vergessen haben. Mit dem Ansto\u00df tankte sich der beste Mann der G\u00e4ste, Nicolai Oppelt, auf der linken Au\u00dfenbahn durch und konnte musterg\u00fcltig von der Grundlinie in den Strafraum flanken, wo der Etzelskirchener St\u00fcrmer nur noch einnetzen mu\u00dfte.<\/p>\n<p>V\u00f6llig erstaunt und fast fassungslos nahm man in Zuschauerkreisen den Gegentreffer zum bisherigen Spielverlauf hin. Begann jetzt wieder die gro\u00dfe Flatter??<\/p>\n<p>Weit gefeht! Vielmehr sch\u00fcttelte man sich kurz und besann sich auf\u00b4s Wesentliche, unser Spiel! In der Folgezeit der Partie schn\u00fcrte man die G\u00e4ste in deren H\u00e4lfte ein und die sich bietenden Chancen wurde heute endlich in Tore umgem\u00fcnzt. Einen der sch\u00f6nsten Spielz\u00fcge dieser Begegnung, eingeleitet von Lorenz auf Daniel, dieser passte dem auf der Au\u00dfenbahn seinem davon geeilten Bewacher musterg\u00fcltig in den Lauf und Ben verz\u00f6gerte kurz und lie\u00df so den Verteidiger ins Leere laufen. Den Pass auf den freistehenden Arijan verwandelte dieser sicher zur 2:1 F\u00fchrung f\u00fcr seine neuen Farben.<\/p>\n<p>Das Image des Chancentods wollte Arijan nicht l\u00e4nger an sich haften lassen und so sorgte genau dieser Spieler mit einem weiteren Doppelpack in der 17. und 18. Spielminute durch sehr sch\u00f6ne Einzelleistungen f\u00fcr die verdiente Vorentscheidung.<\/p>\n<p>Kurz vor der Pause kamen wir noch zu einer Standardsituation, einem Ecksto\u00df. Die verschiedensten Varianten wurden in den zur\u00fcckliegenden Trainingseinheiten einstudiert. Endlich wurde das Erlernte auch mal erfolgreich umgesetzt. Unser Spezialist f\u00fcr die Standards, Oliver, gab die Ecke lang herein, der am kurzen Pfosten positionierte Benedikt verl\u00e4ngerte musterg\u00fcltig auf den Kopf von Torj\u00e4ger Arijan, der gar nicht mehr reagieren brauchte, da von seinem K\u00f6pfchen der Ball durch die H\u00e4nde des G\u00e4stekeepers ins Tor plumpste.<\/p>\n<p>So wechselte man mit einer verdienten 5:1 Pausenf\u00fchrung auch die Seiten. Die Jungs haben aufgrund der geschossenen Tore ganz vergessen, dass es nochmals \u00fcber die Distanz von 20 Minuten geht und so die Halbzeitpause durch die Trainer mehr oder weniger genutzt wurde, nicht \u00fcberheblich zu werden.<\/p>\n<p>Irgendwie waren sich die Wiesenwegbuben zu sicher und agierten mit Beginn des zweiten Spielabschnitts grob fahrl\u00e4ssig, sodass von der Au\u00dfenlinie mehrmals zur Diszipin aufgerufen werden mu\u00dfte, zumal auch die G\u00e4ste sich mit\u00a0 dem R\u00fcckstand nicht einverstanden gaben und alles in die Abteilung Offensive steckten. Jedoch konnte unser immer besser werdender Torh\u00fcter der F2, Dominik, welcher den immer noch an seiner Verletzung laborierenden Stammtorh\u00fcter Luis erneut fehlerfrei vertrat, die eine oder andere Einschussm\u00f6glichkeit der Etzelskirchener verhindern. Es dauerte bis zur Mitte des zweiten Spielabschnittes, ehe sich die Wiesenwegbuben wieder gefangen hatten.<\/p>\n<p>Mit zunehmender Spieldauer nahm man das Heft durch eine geschlossene Mannschaftsleistung wieder in die Hand und spielte &#8222;Einbahnstra\u00dfenfu\u00dfball&#8220;. Doch agierten die G\u00e4ste etwas resoluter und verhinderten weitere Torchancen, welche sich zwangsl\u00e4ufig durch Ben, Daniel und Alex ergaben.<\/p>\n<p>Wieder einmal war es dem &#8222;Spieler des Tages&#8220; vorbehalten, f\u00fcr die entg\u00fcltige Entscheidung im Nachholspiel des ersten Spieltages zu sorgen.<\/p>\n<p>Kein anderer als Arijan eroberte sich im Mittelfeld den Ball und tankte sich gegen die gesamte Defensivabteilung der G\u00e4ste durch. Wer jetzt meinte, dass er den Ball auf den besser postierten Mitspieler passen w\u00fcrde, der irrte sich. Eiskalt verwandelte Ari aus spitzem Winkel zum 6:1 f\u00fcr die Wiesenwegbuben.<\/p>\n<p>Das Image des Chancentods war damit &#8222;ad acta&#8220; gelegt!<\/p>\n<p>Seine bisher beste spielerische Leistung im Dress der DJK kr\u00f6nte Ari mit seinem 7!!! Treffer an diesem Nachmittag und avancierte somit zum &#8222;Kid of the Match&#8220; und sorgte auch f\u00fcr einen kleinen Kantersieg, der wie ein Befreiungsschlag wirken k\u00f6nnte!<\/p>\n<p>Heute hat die Mannschaft endlich einmal ihr wahres Gesicht gezeigt und den Aufw\u00e4rtstrend der letzten Wochen eindrucksvoll unter Beweis gestellt.<\/p>\n<p>Jedoch darf man sich auf diesem Achtungserfolg nicht ausruhen, sondern vielmehr gilt es, die Konzentration auf das schwere Ausw\u00e4rtsspiel am kommenden Freitag in H\u00f6chstadt zu fokusieren.<\/p>\n<p>Eine v\u00f6llig andere Mannschaft wird dort an den Start gehen!<\/p>\n<p><strong><span style=\"text-decoration: underline;\">DJK Aufgebot:<\/span><\/strong><br \/>\nDominik; Johannes; Daniel; Alex; Oliver; Lorenz; Benedikt; Ben; Arijan<\/p>\n<p><strong><span style=\"text-decoration: underline;\">Tore:<\/span><\/strong><br \/>\nArijan (7)<\/p>\n","protected":false},"excerpt":{"rendered":"<p>Nach der \u00f6sterlichen Spielpause, in der beim w\u00f6chentlichen Training am Feinschliff gearbeitet wurde, pr\u00e4sentierte sich am heutigen Sp\u00e4tnachmittag eine hellwache fu\u00dfballbegeisterte Mannschaft den zahlreich erschienenen Zuschauern im heimischen Wiesengrund.<\/p>\n","protected":false},"author":32,"featured_media":0,"comment_status":"open","ping_status":"closed","sticky":false,"template":"","format":"standard","meta":{"jetpack_post_was_ever_published":false,"_jetpack_newsletter_access":"","_jetpack_dont_email_post_to_subs":false,"_jetpack_newsletter_tier_id":0,"_jetpack_memberships_contains_paywalled_content":false,"_jetpack_memberships_contains_paid_content":false,"footnotes":"","jetpack_publicize_message":"","jetpack_publicize_feature_enabled":true,"jetpack_social_post_already_shared":false,"jetpack_social_options":{"image_generator_settings":{"template":"highway","default_image_id":0,"font":"","enabled":false},"version":2}},"categories":[15],"tags":[],"class_list":["post-6283","post","type-post","status-publish","format-standard","hentry","category-u9-f1"],"jetpack_publicize_connections":[],"jetpack_featured_media_url":"","jetpack_shortlink":"https:\/\/wp.me\/s2ZUr0-6283","jetpack_sharing_enabled":true,"_links":{"self":[{"href":"https:\/\/www.djk-erlangen.de\/fussball\/index.php?rest_route=\/wp\/v2\/posts\/6283","targetHints":{"allow":["GET"]}}],"collection":[{"href":"https:\/\/www.djk-erlangen.de\/fussball\/index.php?rest_route=\/wp\/v2\/posts"}],"about":[{"href":"https:\/\/www.djk-erlangen.de\/fussball\/index.php?rest_route=\/wp\/v2\/types\/post"}],"author":[{"embeddable":true,"href":"https:\/\/www.djk-erlangen.de\/fussball\/index.php?rest_route=\/wp\/v2\/users\/32"}],"replies":[{"embeddable":true,"href":"https:\/\/www.djk-erlangen.de\/fussball\/index.php?rest_route=%2Fwp%2Fv2%2Fcomments&post=6283"}],"version-history":[{"count":5,"href":"https:\/\/www.djk-erlangen.de\/fussball\/index.php?rest_route=\/wp\/v2\/posts\/6283\/revisions"}],"predecessor-version":[{"id":6288,"href":"https:\/\/www.djk-erlangen.de\/fussball\/index.php?rest_route=\/wp\/v2\/posts\/6283\/revisions\/6288"}],"wp:attachment":[{"href":"https:\/\/www.djk-erlangen.de\/fussball\/index.php?rest_route=%2Fwp%2Fv2%2Fmedia&parent=6283"}],"wp:term":[{"taxonomy":"category","embeddable":true,"href":"https:\/\/www.djk-erlangen.de\/fussball\/index.php?rest_route=%2Fwp%2Fv2%2Fcategories&post=6283"},{"taxonomy":"post_tag","embeddable":true,"href":"https:\/\/www.djk-erlangen.de\/fussball\/index.php?rest_route=%2Fwp%2Fv2%2Ftags&post=6283"}],"curies":[{"name":"wp","href":"https:\/\/api.w.org\/{rel}","templated":true}]}}