{"id":6252,"date":"2011-04-25T20:54:03","date_gmt":"2011-04-25T18:54:03","guid":{"rendered":"http:\/\/www.djk-erlangen.de\/fussball\/?p=6252"},"modified":"2011-04-28T16:00:55","modified_gmt":"2011-04-28T14:00:55","slug":"24-spieltag-turkischer-sv-erlangen-djk-erlangen-04-02","status":"publish","type":"post","link":"https:\/\/www.djk-erlangen.de\/fussball\/?p=6252","title":{"rendered":"24. Spieltag: T\u00fcrkischer SV Erlangen &#8211; DJK Erlangen 0:4 (0:2)"},"content":{"rendered":"<div>Quelle: anpfiff.info<\/div>\n<div>Die Abstiegssorgen werden nicht kleiner<\/div>\n<p>von T\u00fcrkischer SV Erlangen<\/p>\n<p>Die DJK Erlangen holte bei den T\u00fcrken verdiente drei Punkte. In dieser einseitig gef\u00fchrten Partie gingen die Gastgeber stark ersatzgeschw\u00e4cht ins Match. Drei sehr wichtige Kr\u00e4fte fehlten Trainer \u00d6mer Mete dabei. <!--more-->Man merkte dem TSV an, dass nach vorne einfach der Schwung fehlte und man nicht wirklich eine M\u00f6glichkeit herrausspielen konnte, um einen Treffer zu erzielen. Bei der DJK sah das ganz anders aus. Die Jungs vom Wiesengrund lie\u00dfen Ball und Gegner laufen und lagen zur Halbzeit verdient mit 2:0 in Front. In der zweiten Halbzeit b\u00fcndelten die Spieler des T\u00fcrkischen SV nochmals alle Kr\u00e4fte und kamen ein wenig besser ins Spiel. Leider sprang bei den m\u00fchsam vorgetragenen Angriffen nichts Z\u00e4hlbares heraus, so dass die DJK keine gro\u00dfen Probleme hatte das Spiel zu gewinnen. Es war ihnen sogar gegl\u00fcckt den Spielstand in H\u00e4lfte Zwei auf 4:0 zu erh\u00f6hen. Im Abstiegskampf kommt der T\u00fcrkische SV nicht von der Stelle. Dennoch stehen die M\u00e4nner von Coach Mete weiterhin vier Punkte \u00fcber dem Strich. Es bleibt zu hoffen, dass im Ausw\u00e4rtsspiel gegen Hammerbach am kommenden Sonntag wieder alle Mann an Bord sind und das Heimteam einen Dreier einfahren kann.<\/p>\n<p>Spielinfos<\/p>\n<div>\n<div>Liga: Kreisklasse 1<\/div>\n<div>Alter: Erwachsene<\/div>\n<div>Geschlecht: m\u00e4nnlich<\/div>\n<div>Spieltag: Saison 2010\/11 &#8211; 24. Spieltag<\/div>\n<div>Datum: 25.04.2011<\/div>\n<div>Ansto\u00df: 15:00 Uhr<\/div>\n<div>Sportst\u00e4tte: \u00a0, Hauptplatz<\/div>\n<div>Zuschauer: 47<\/div>\n<\/div>\n<p>Spiel-Stenogramm<\/p>\n<div>\n<div><strong>T\u00fcrkischer SV Erlangen<\/strong>: <a href=\"http:\/\/anpfiff.info\/sites\/spieler\/stamm.aspx?SK=2&amp;Pers=6218&amp;spr=3&amp;Men=8\"><span style=\"color: #0000ff\">Grosch<\/span><\/a>, <a href=\"http:\/\/anpfiff.info\/sites\/spieler\/stamm.aspx?SK=2&amp;Pers=30193&amp;spr=3&amp;Men=8\"><strong><span style=\"color: #0000ff\">Canbaz<\/span><\/strong><\/a>, <a href=\"http:\/\/anpfiff.info\/sites\/spieler\/stamm.aspx?SK=2&amp;Pers=15715&amp;spr=3&amp;Men=8\"><span style=\"color: #0000ff\">Ortakci B.<\/span><\/a>, <a href=\"http:\/\/anpfiff.info\/sites\/spieler\/stamm.aspx?SK=2&amp;Pers=9760&amp;spr=3&amp;Men=8\"><span style=\"color: #0000ff\">G\u00fcnd\u00f6n\u00fcm<\/span><\/a>, <a href=\"http:\/\/anpfiff.info\/sites\/spieler\/stamm.aspx?SK=2&amp;Pers=55109&amp;spr=3&amp;Men=8\"><span style=\"color: #0000ff\">Altuntas<\/span><\/a>, <a href=\"http:\/\/anpfiff.info\/sites\/spieler\/stamm.aspx?SK=2&amp;Pers=9756&amp;spr=3&amp;Men=8\"><span style=\"color: #810081\">Ortakci E.<\/span><\/a>, <a href=\"http:\/\/anpfiff.info\/sites\/spieler\/stamm.aspx?SK=2&amp;Pers=69044&amp;spr=3&amp;Men=8\"><span style=\"color: #0000ff\">Urgun<\/span><\/a>, <a href=\"http:\/\/anpfiff.info\/sites\/spieler\/stamm.aspx?SK=2&amp;Pers=12605&amp;spr=3&amp;Men=8\"><span style=\"color: #0000ff\">S\u00fctc\u00fc<\/span><\/a>, <a href=\"http:\/\/anpfiff.info\/sites\/spieler\/stamm.aspx?SK=2&amp;Pers=54027&amp;spr=3&amp;Men=8\"><span style=\"color: #0000ff\">G\u00f6ztepe<\/span><\/a>, <a href=\"http:\/\/anpfiff.info\/sites\/spieler\/stamm.aspx?SK=2&amp;Pers=68533&amp;spr=3&amp;Men=8\"><span style=\"color: #0000ff\">Fikret<\/span><\/a>, <a href=\"http:\/\/anpfiff.info\/sites\/spieler\/stamm.aspx?SK=2&amp;Pers=69043&amp;spr=3&amp;Men=8\"><span style=\"color: #0000ff\">Senocak<\/span><\/a><\/div>\n<\/div>\n<p><strong>DJK Erlangen<\/strong>: <a href=\"http:\/\/anpfiff.info\/sites\/spieler\/stamm.aspx?SK=2&amp;Pers=9170&amp;spr=3&amp;Men=8\"><span style=\"color: #0000ff\">Bachfischer<\/span><\/a>, <a href=\"http:\/\/anpfiff.info\/sites\/spieler\/stamm.aspx?SK=2&amp;Pers=56797&amp;spr=3&amp;Men=8\"><span style=\"color: #0000ff\">Meyer<\/span><\/a>, <a href=\"http:\/\/anpfiff.info\/sites\/spieler\/stamm.aspx?SK=2&amp;Pers=9186&amp;spr=3&amp;Men=8\"><span style=\"color: #0000ff\">Fenz<\/span><\/a>, <a href=\"http:\/\/anpfiff.info\/sites\/spieler\/stamm.aspx?SK=2&amp;Pers=67759&amp;spr=3&amp;Men=8\"><span style=\"color: #0000ff\">Welke<\/span><\/a>, <a href=\"http:\/\/anpfiff.info\/sites\/spieler\/stamm.aspx?SK=2&amp;Pers=30242&amp;spr=3&amp;Men=8\"><span style=\"color: #0000ff\">Wein<\/span><\/a>, <a href=\"http:\/\/anpfiff.info\/sites\/spieler\/stamm.aspx?SK=2&amp;Pers=9214&amp;spr=3&amp;Men=8\"><span style=\"color: #0000ff\">Behnsen<\/span><\/a>, <a href=\"http:\/\/anpfiff.info\/sites\/spieler\/stamm.aspx?SK=2&amp;Pers=9172&amp;spr=3&amp;Men=8\"><span style=\"color: #0000ff\">Haas<\/span><\/a>, <a href=\"http:\/\/anpfiff.info\/sites\/spieler\/stamm.aspx?SK=2&amp;Pers=30748&amp;spr=3&amp;Men=8\"><span style=\"color: #0000ff\">Costanzo<\/span><\/a>, <a href=\"http:\/\/anpfiff.info\/sites\/spieler\/stamm.aspx?SK=2&amp;Pers=67757&amp;spr=3&amp;Men=8\"><strong><span style=\"color: #0000ff\">Pfister T.<\/span><\/strong><\/a>, <a href=\"http:\/\/anpfiff.info\/sites\/spieler\/stamm.aspx?SK=2&amp;Pers=37075&amp;spr=3&amp;Men=8\"><span style=\"color: #0000ff\">Rausch T.<\/span><\/a>, <a href=\"http:\/\/anpfiff.info\/sites\/spieler\/stamm.aspx?SK=2&amp;Pers=9257&amp;spr=3&amp;Men=8\"><strong><span style=\"color: #0000ff\">Trautner<\/span><\/strong><\/a> <strong>Tore:<\/strong> 0:1 <a href=\"http:\/\/anpfiff.info\/sites\/spieler\/stamm.aspx?SK=2&amp;Pers=67757&amp;spr=3&amp;Men=8\"><span style=\"color: #0000ff\">Pfister T.<\/span><\/a> (12.), 0:2 <a href=\"http:\/\/anpfiff.info\/sites\/spieler\/stamm.aspx?SK=2&amp;Pers=9257&amp;spr=3&amp;Men=8\"><span style=\"color: #0000ff\">Trautner<\/span><\/a> (35.), 0:3 <a href=\"http:\/\/anpfiff.info\/sites\/spieler\/stamm.aspx?SK=2&amp;Pers=67757&amp;spr=3&amp;Men=8\"><span style=\"color: #0000ff\">Pfister T.<\/span><\/a> (62.), 0:4 <a href=\"http:\/\/anpfiff.info\/sites\/spieler\/stamm.aspx?SK=2&amp;Pers=9257&amp;spr=3&amp;Men=8\"><span style=\"color: #0000ff\">Trautner<\/span><\/a> (89.)<\/p>\n","protected":false},"excerpt":{"rendered":"<p>Quelle: anpfiff.info Die Abstiegssorgen werden nicht kleiner von T\u00fcrkischer SV Erlangen Die DJK Erlangen holte bei den T\u00fcrken verdiente drei Punkte. In dieser einseitig gef\u00fchrten Partie gingen die Gastgeber stark ersatzgeschw\u00e4cht ins Match. Drei sehr wichtige Kr\u00e4fte fehlten Trainer \u00d6mer &hellip; <a href=\"https:\/\/www.djk-erlangen.de\/fussball\/?p=6252\">Weiterlesen <span class=\"meta-nav\">&rarr;<\/span><\/a><\/p>\n","protected":false},"author":24,"featured_media":0,"comment_status":"open","ping_status":"closed","sticky":false,"template":"","format":"standard","meta":{"jetpack_post_was_ever_published":false,"_jetpack_newsletter_access":"","_jetpack_dont_email_post_to_subs":false,"_jetpack_newsletter_tier_id":0,"_jetpack_memberships_contains_paywalled_content":false,"_jetpack_memberships_contains_paid_content":false,"footnotes":"","jetpack_publicize_message":"","jetpack_publicize_feature_enabled":true,"jetpack_social_post_already_shared":false,"jetpack_social_options":{"image_generator_settings":{"template":"highway","default_image_id":0,"font":"","enabled":false},"version":2}},"categories":[5,17],"tags":[],"class_list":["post-6252","post","type-post","status-publish","format-standard","hentry","category-herren","category-herren-1"],"jetpack_publicize_connections":[],"jetpack_featured_media_url":"","jetpack_shortlink":"https:\/\/wp.me\/p2ZUr0-1CQ","jetpack_sharing_enabled":true,"_links":{"self":[{"href":"https:\/\/www.djk-erlangen.de\/fussball\/index.php?rest_route=\/wp\/v2\/posts\/6252","targetHints":{"allow":["GET"]}}],"collection":[{"href":"https:\/\/www.djk-erlangen.de\/fussball\/index.php?rest_route=\/wp\/v2\/posts"}],"about":[{"href":"https:\/\/www.djk-erlangen.de\/fussball\/index.php?rest_route=\/wp\/v2\/types\/post"}],"author":[{"embeddable":true,"href":"https:\/\/www.djk-erlangen.de\/fussball\/index.php?rest_route=\/wp\/v2\/users\/24"}],"replies":[{"embeddable":true,"href":"https:\/\/www.djk-erlangen.de\/fussball\/index.php?rest_route=%2Fwp%2Fv2%2Fcomments&post=6252"}],"version-history":[{"count":5,"href":"https:\/\/www.djk-erlangen.de\/fussball\/index.php?rest_route=\/wp\/v2\/posts\/6252\/revisions"}],"predecessor-version":[{"id":6257,"href":"https:\/\/www.djk-erlangen.de\/fussball\/index.php?rest_route=\/wp\/v2\/posts\/6252\/revisions\/6257"}],"wp:attachment":[{"href":"https:\/\/www.djk-erlangen.de\/fussball\/index.php?rest_route=%2Fwp%2Fv2%2Fmedia&parent=6252"}],"wp:term":[{"taxonomy":"category","embeddable":true,"href":"https:\/\/www.djk-erlangen.de\/fussball\/index.php?rest_route=%2Fwp%2Fv2%2Fcategories&post=6252"},{"taxonomy":"post_tag","embeddable":true,"href":"https:\/\/www.djk-erlangen.de\/fussball\/index.php?rest_route=%2Fwp%2Fv2%2Ftags&post=6252"}],"curies":[{"name":"wp","href":"https:\/\/api.w.org\/{rel}","templated":true}]}}