{"id":6230,"date":"2011-04-17T19:15:17","date_gmt":"2011-04-17T17:15:17","guid":{"rendered":"http:\/\/www.djk-erlangen.de\/fussball\/?p=6230"},"modified":"2011-07-11T11:51:27","modified_gmt":"2011-07-11T09:51:27","slug":"djk-erlangen-ah-sv-bubenreuth-ah-22-freitag-15-april-2011-1830h","status":"publish","type":"post","link":"https:\/\/www.djk-erlangen.de\/fussball\/?p=6230","title":{"rendered":"DJK Erlangen AH &#8211; SV Bubenreuth AH .:. <strong>2:2<\/strong> .:.<h5>Freitag, 15. April 2011, 18:30h<\/h5>"},"content":{"rendered":"<p>Torfolge: <span style=\"color: #008000;\">1:0 Markus G. (25.)<\/span>, 1:1, 1:2, <span style=\"color: #008000;\">2:2 Marcus F. (90.)<\/span><\/p>\n<p>Vorab ein Lob an die Mannschaft, die sich nach der letzten Ausw\u00e4rtsniederlage gegen Dechsendorf wieder gut gefangen hatte. Das Spiel gegen Bubenreuth hat gezeigt, dass nicht alles an fu\u00dfballerischem K\u00f6nnen verloren gegangen ist.<\/p>\n<p><!--more-->Die erste H\u00e4lfte war eine solide und geschlossene Mannschaftsleistung der Gastgeber.<br \/>\nDie DJK schaffte nach zahlreichen vergebenen Torm\u00f6glichkeiten dann in der 25. Min. das verdiente 1:0 durch eine Standardsituation &#8211; einen wunderbar ausgef\u00fchrten Freisto\u00df aus ca. 22m von Markus G., der den Ball elegant und sehr platziert rechts an der Mauer vorbei im gegnerischen Tor versenkte. Bis zum Ende der ersten Halbzeit gelang es der Heimmannschaft jedoch nicht, den Vorsprung auszubauen und so ging es mit 1:0 in die Pause.<\/p>\n<p>Nach kurzer Erholungsphase starteten wir die zweite Halbzeit anf\u00e4nglich nicht mehr ganz so sortiert und konzentriert. Kurz vor dem Anpfiff der 2. Halbzeit stand die DJK pl\u00f6tzlich mit 12 Mann auf dem Platz, weil der ausgewechselte Jochen W. nicht mitbekommen hatte, dass er zur Halbzeitpause ausgewechselt wurde.<br \/>\nNach dem Wiederanpfiff dr\u00e4ngten die Bubenreuther auf das Heimtor der DJK und so gelang ihnen durch einen schnellen Angriff \u00fcber links der Ausgleich zum 1:1. Einige Spielz\u00fcge sp\u00e4ter erzielte der Gegner &#8211; wieder einem unn\u00f6tigen Ballverlust in der Vorw\u00e4rtsbewegung geschuldet &#8211; das 1:2 \u00fcber links.<br \/>\nAnschlie\u00dfend fand die DJK jedoch wieder zu sich und machte in den verbleibenden 10 Minuten ein  Powerpressing auf den gegnerischen Alurahmen. Erst vergab Daniel L. und 2 Min. vor Abpfiff noch Volker W. eine sichere Torm\u00f6glichkeit (&#8222;Wer nicht denkt, ist klar im Vorteil!&#8220;).<br \/>\nDoch das Wunder vom Wiesengrund war noch nicht ausgetr\u00e4umt!<br \/>\nMarcus F. mit einem herrlichen Antritt \u00fcber rechts, lochte das Runde zum 2:2-Endstand unter dem K\u00f6rper des gegnerischen Torwarts hindurch ins Eckige.<\/p>\n<p>Schlusspfiff! (Autor: Volker W.)<\/p>\n","protected":false},"excerpt":{"rendered":"<p>Torfolge: 1:0 Markus G. (25.), 1:1, 1:2, 2:2 Marcus F. (90.) Vorab ein Lob an die Mannschaft, die sich nach der letzten Ausw\u00e4rtsniederlage gegen Dechsendorf wieder gut gefangen hatte. Das Spiel gegen Bubenreuth hat gezeigt, dass nicht alles an fu\u00dfballerischem &hellip; <a href=\"https:\/\/www.djk-erlangen.de\/fussball\/?p=6230\">Weiterlesen <span class=\"meta-nav\">&rarr;<\/span><\/a><\/p>\n","protected":false},"author":21,"featured_media":0,"comment_status":"open","ping_status":"closed","sticky":false,"template":"","format":"standard","meta":{"jetpack_post_was_ever_published":false,"_jetpack_newsletter_access":"","_jetpack_dont_email_post_to_subs":false,"_jetpack_newsletter_tier_id":0,"_jetpack_memberships_contains_paywalled_content":false,"_jetpack_memberships_contains_paid_content":false,"footnotes":"","jetpack_publicize_message":"","jetpack_publicize_feature_enabled":true,"jetpack_social_post_already_shared":false,"jetpack_social_options":{"image_generator_settings":{"template":"highway","default_image_id":0,"font":"","enabled":false},"version":2}},"categories":[4],"tags":[],"class_list":["post-6230","post","type-post","status-publish","format-standard","hentry","category-ah"],"jetpack_publicize_connections":[],"jetpack_featured_media_url":"","jetpack_shortlink":"https:\/\/wp.me\/p2ZUr0-1Cu","jetpack_sharing_enabled":true,"_links":{"self":[{"href":"https:\/\/www.djk-erlangen.de\/fussball\/index.php?rest_route=\/wp\/v2\/posts\/6230","targetHints":{"allow":["GET"]}}],"collection":[{"href":"https:\/\/www.djk-erlangen.de\/fussball\/index.php?rest_route=\/wp\/v2\/posts"}],"about":[{"href":"https:\/\/www.djk-erlangen.de\/fussball\/index.php?rest_route=\/wp\/v2\/types\/post"}],"author":[{"embeddable":true,"href":"https:\/\/www.djk-erlangen.de\/fussball\/index.php?rest_route=\/wp\/v2\/users\/21"}],"replies":[{"embeddable":true,"href":"https:\/\/www.djk-erlangen.de\/fussball\/index.php?rest_route=%2Fwp%2Fv2%2Fcomments&post=6230"}],"version-history":[{"count":7,"href":"https:\/\/www.djk-erlangen.de\/fussball\/index.php?rest_route=\/wp\/v2\/posts\/6230\/revisions"}],"predecessor-version":[{"id":7130,"href":"https:\/\/www.djk-erlangen.de\/fussball\/index.php?rest_route=\/wp\/v2\/posts\/6230\/revisions\/7130"}],"wp:attachment":[{"href":"https:\/\/www.djk-erlangen.de\/fussball\/index.php?rest_route=%2Fwp%2Fv2%2Fmedia&parent=6230"}],"wp:term":[{"taxonomy":"category","embeddable":true,"href":"https:\/\/www.djk-erlangen.de\/fussball\/index.php?rest_route=%2Fwp%2Fv2%2Fcategories&post=6230"},{"taxonomy":"post_tag","embeddable":true,"href":"https:\/\/www.djk-erlangen.de\/fussball\/index.php?rest_route=%2Fwp%2Fv2%2Ftags&post=6230"}],"curies":[{"name":"wp","href":"https:\/\/api.w.org\/{rel}","templated":true}]}}