{"id":6211,"date":"2011-04-15T22:33:20","date_gmt":"2011-04-15T20:33:20","guid":{"rendered":"http:\/\/www.djk-erlangen.de\/fussball\/?p=6211"},"modified":"2011-04-17T20:01:37","modified_gmt":"2011-04-17T18:01:37","slug":"verschenkte-punkte-an-der-pegnitz","status":"publish","type":"post","link":"https:\/\/www.djk-erlangen.de\/fussball\/?p=6211","title":{"rendered":"Verschenkte Punkte an der Pegnitz"},"content":{"rendered":"<p>Bei k\u00fchlem und bew\u00f6lktem Wetter traten wir heute beim FC R\u00f6thenbach\/Peg. im N\u00fcrnberger Land an. Unsere Mannschaft mu\u00dfte beim bisherigen Tabellenzweiten noch den Ausfall einiger Stammkr\u00e4fte verschmerzen. Johannes und Benedikt f\u00fcllten die L\u00fccken in unserer geschrumpften Mannschaft auf.<\/p>\n<p><!--more-->Alle Jungs waren hei\u00df darauf, nach den Niederlagen in den ersten beiden Spielen endlich mal richtig aufzudrehen und den oder besser die ersten Punkte einzufahren.<\/p>\n<p>Das Spiel begann munter, mit dem bekannten 3-2-1 System. Es entwickelte sich ein offener Schlagabtausch. Doch irgendwie waren die Gegner in den ersten Minuten wacher. Nach einem Ballverlust im Mittelfeld zogen sie einen schnellen Angriff auf. Nachdem unsere Abwehr einen Gegenspieler im R\u00fccken \u00fcbersehen hatte, netzte\u00a0dieser unbedr\u00e4ngt und eiskalt in der 8. Min zum 1:0 ein.\u00a0\u00a0Nun wurden unsere Wiesenwegbrasilianer endlich wach. Es folgten w\u00fctende Angriffe. Man sp\u00fcrte, dass dieser Gegner heute zu packen war. Oft musste Bondscoach Peter Lober seine Jungs in der Abwehr bremsen, die Defensivabteilung nicht ganz aufzul\u00f6sen.\u00a0So ergaben sich Chancen auf beiden Seiten,\u00a0die jedoch nicht z\u00e4hlbar verwertet werden konnten. Kurz vor Ende der ersten Halbzeit, erh\u00f6hte der Gegner mit einem Abstauber gl\u00fccklich auf 2:0.<\/p>\n<p>In der Pause richteten die Trainer eine wirksame Ansprache an ihre Jungs. Sofort nach Wiederanpfiff begann man sehr druckvoll und erk\u00e4mpfte sich eine zunehmende Feld\u00fcberlegenheit. Zun\u00e4chst sprang nichts Z\u00e4hlbares heraus. Ein sehenswerter Freisto\u00df von\u00a0Benedikt knallte gegen die Latte. Das war dann wohl der entscheidende Weckruf an die Mannschft. Alle k\u00e4mpften nun verbissen. In der 28. Minute tankte sich Benedikt sch\u00f6n von links au\u00dfen durch und schob den Ball ins lange Eck. Da war sie wieder, die Mannschaft, so wie wir sie im Herbst meistens gesehen haben.\u00a0Von nun an rollte Angriff um Angriff auf des gegnerische Tor zu.\u00a0Unsere Gastgeber kamen nur noch selten vor unser Tor\u00a0.<\/p>\n<p>Chancen ergaben sich fast im Minutentakt. Allein in der letzten Minute wurden noch zwei!! 100%ige vergeben.<\/p>\n<p>Am Ende\u00a0gewann an diesem\u00a0Tag nicht die spielerisch bessere, sondern die gl\u00fccklichere Mannschaft. Aber wir haben\u00a0ja noch ein R\u00fcckspiel.<\/p>\n<p><span style=\"text-decoration: underline;\"><strong>DJK Aufgebot<\/strong><\/span><br \/>\nDominik K., Dominik S., Rick, Johannes, Alex, Benedikt, Manu, Martin, Maxi<\/p>\n<p><span style=\"text-decoration: underline;\"><strong>Tore<\/strong><\/span><br \/>\nBenedikt (1)<\/p>\n<h5><span style=\"text-decoration: underline;\"><em>Verfasser des Berichts<\/em><\/span><br \/>\nPressesprecher Roland<\/h5>\n","protected":false},"excerpt":{"rendered":"<p>Bei k\u00fchlem und bew\u00f6lktem Wetter traten wir heute beim FC R\u00f6thenbach\/Peg. im N\u00fcrnberger Land an. Unsere Mannschaft mu\u00dfte beim bisherigen Tabellenzweiten noch den Ausfall einiger Stammkr\u00e4fte verschmerzen. Johannes und Benedikt f\u00fcllten die L\u00fccken in unserer geschrumpften Mannschaft auf.<\/p>\n","protected":false},"author":32,"featured_media":0,"comment_status":"open","ping_status":"closed","sticky":false,"template":"","format":"standard","meta":{"jetpack_post_was_ever_published":false,"_jetpack_newsletter_access":"","_jetpack_dont_email_post_to_subs":false,"_jetpack_newsletter_tier_id":0,"_jetpack_memberships_contains_paywalled_content":false,"_jetpack_memberships_contains_paid_content":false,"footnotes":"","jetpack_publicize_message":"","jetpack_publicize_feature_enabled":true,"jetpack_social_post_already_shared":false,"jetpack_social_options":{"image_generator_settings":{"template":"highway","default_image_id":0,"font":"","enabled":false},"version":2}},"categories":[1],"tags":[],"class_list":["post-6211","post","type-post","status-publish","format-standard","hentry","category-allgemein"],"jetpack_publicize_connections":[],"jetpack_featured_media_url":"","jetpack_shortlink":"https:\/\/wp.me\/p2ZUr0-1Cb","jetpack_sharing_enabled":true,"_links":{"self":[{"href":"https:\/\/www.djk-erlangen.de\/fussball\/index.php?rest_route=\/wp\/v2\/posts\/6211","targetHints":{"allow":["GET"]}}],"collection":[{"href":"https:\/\/www.djk-erlangen.de\/fussball\/index.php?rest_route=\/wp\/v2\/posts"}],"about":[{"href":"https:\/\/www.djk-erlangen.de\/fussball\/index.php?rest_route=\/wp\/v2\/types\/post"}],"author":[{"embeddable":true,"href":"https:\/\/www.djk-erlangen.de\/fussball\/index.php?rest_route=\/wp\/v2\/users\/32"}],"replies":[{"embeddable":true,"href":"https:\/\/www.djk-erlangen.de\/fussball\/index.php?rest_route=%2Fwp%2Fv2%2Fcomments&post=6211"}],"version-history":[{"count":5,"href":"https:\/\/www.djk-erlangen.de\/fussball\/index.php?rest_route=\/wp\/v2\/posts\/6211\/revisions"}],"predecessor-version":[{"id":6222,"href":"https:\/\/www.djk-erlangen.de\/fussball\/index.php?rest_route=\/wp\/v2\/posts\/6211\/revisions\/6222"}],"wp:attachment":[{"href":"https:\/\/www.djk-erlangen.de\/fussball\/index.php?rest_route=%2Fwp%2Fv2%2Fmedia&parent=6211"}],"wp:term":[{"taxonomy":"category","embeddable":true,"href":"https:\/\/www.djk-erlangen.de\/fussball\/index.php?rest_route=%2Fwp%2Fv2%2Fcategories&post=6211"},{"taxonomy":"post_tag","embeddable":true,"href":"https:\/\/www.djk-erlangen.de\/fussball\/index.php?rest_route=%2Fwp%2Fv2%2Ftags&post=6211"}],"curies":[{"name":"wp","href":"https:\/\/api.w.org\/{rel}","templated":true}]}}