{"id":6204,"date":"2011-04-14T23:15:09","date_gmt":"2011-04-14T21:15:09","guid":{"rendered":"http:\/\/www.djk-erlangen.de\/fussball\/?p=6204"},"modified":"2011-04-17T20:10:06","modified_gmt":"2011-04-17T18:10:06","slug":"kampf-war-trumpf-am-wiesenweg","status":"publish","type":"post","link":"https:\/\/www.djk-erlangen.de\/fussball\/?p=6204","title":{"rendered":"Kampf war Trumpf am Wiesengrund"},"content":{"rendered":"<p>Zum heutigen Heimspiel gegen die Spieli pr\u00e4sentierte sich der A-Platz im Wiesengrund schon fr\u00fchzeitig in der noch jungen Saison dank der herausragenden Arbeit unseres Greenkeepers wie ein Flokatie.<\/p>\n<p><!--more-->Nachdem man in der zur\u00fcckliegenden Trainingseinheit einiges ausprobierte, um die Abschlussschw\u00e4che in den Griff zu kriegen, stellten die Verantwortlichen die Abteilung &#8222;Attacke&#8220; um und ver\u00e4nderten ebenfalls die Einteilung im Mittelfeld.<br \/>\nDieser Schachzug sollte sich als richtig erweisen, denn bereits nach 4 Spielminuten gingen wir durch einen fulminanten Direktschuss aus gef\u00fchlten 20 Metern von Daniel verdient mit 1:0 in F\u00fchrung.<br \/>\nDieser Treffer sorgte f\u00fcr mehr Sicherheit in den Aktionen der Wiesenwegbuben und man erspielte sich eine deutliche Feld\u00fcberlegenheit. Es entwickelte sich mit zunehmender Spieldauer eine packende und spannende Begegnung mit Torchancen h\u00fcben wie dr\u00fcben.<br \/>\nDie Angriffe der SpVgg Erlangen wurden durch eine konsequente Systemumsetzung der Defensivabteilung meistens zunichte gemacht.<br \/>\nIn anderen Situationen haderten auch die Angreifer der G\u00e4ste mit dem viel zitierten &#8222;Chancentod&#8220;. Letztendlich wechselte man mit einer auch spielerisch verdienten F\u00fchrung zur Pause die Seiten.<\/p>\n<p>Im zweiten Spielabschnitt setzten die G\u00e4ste alles auf eine Karte. Doch die Wiesenwegbuben waren am heutigen Sp\u00e4tnachmittag hell wach, hielten sich an die Anweisungen des Trainers und lie\u00dfen sich nicht in der eigenen H\u00e4lfte einschn\u00fcren. Vielmehr fanden wir wieder zur\u00fcck ins Spiel und erk\u00e4mpften uns erneut ein \u00dcbergewicht, wobei in letzter Konsequenz ein wenig die Kaltschn\u00e4uzigkeit fehlte, den Sack fr\u00fchzeitig zu zu machen.<br \/>\nSo bestimmte dann auch im zweiten Spielabschnitt der Kampf um Ball und Boden das Geschehen. Es war bis dato eine wirklich hochklassige Partie!<\/p>\n<p>In der 36. Spielminute fingen wir uns einen unn\u00f6tigen Freisto\u00df am rechten Strafraumeck ein. Die Hereingabe konnte leider nur durch ein grobes Foul an unserem Torh\u00fcter, welches durch den Unparteiischen leider nicht geahndet wurde, zum f\u00fcr die G\u00e4ste vielumjubelten Ausgleich verwandelt werden.<\/p>\n<p>So endete ein hartumk\u00e4mpfte und spannende Partie aus unserer Sicht leider nur 1:1.<\/p>\n<p>Jungs, Ihr habt heute mit einer geschlossenen Mannschaftsleistung ein tolles Spiel abgeliefert!<\/p>\n<p>Als positives Fazit dieser Begegnung k\u00f6nnen wir auch mitnehmen, dass sich die Truppe von Spiel zu Spiel gesteigert hat und die einzelnen Mannschaftsteile immer besser miteinander harmonieren. Das n\u00e4hrt die Hoffnung f\u00fcr die kommenden Aufgaben, dann solche, auf Messers Schneide stehende Spiele im Vorfeld zu entscheiden.<\/p>\n<p>Die knapp dreiw\u00f6chige Punktspielpause wird nun genutzt werden, um an der Feinabstimmung zu arbeiten, damit wir dann am 04.05.2011 erneut zu Hause gegen die Spielvereinigung aus Etzelskirchen topfit auf dem Platz stehen.<\/p>\n<p><strong><span style=\"text-decoration: underline;\">DJK Aufgebot:<\/span><\/strong><br \/>\nLuis; Hannes; Daniel; Oliver; Lorenz; Benedikt; Ben; Arijan; Franz<\/p>\n<p><span style=\"text-decoration: underline;\"><strong>Tore:<\/strong><\/span><br \/>\nDaniel (1)<\/p>\n","protected":false},"excerpt":{"rendered":"<p>Zum heutigen Heimspiel gegen die Spieli pr\u00e4sentierte sich der A-Platz im Wiesengrund schon fr\u00fchzeitig in der noch jungen Saison dank der herausragenden Arbeit unseres Greenkeepers wie ein Flokatie.<\/p>\n","protected":false},"author":32,"featured_media":0,"comment_status":"open","ping_status":"closed","sticky":false,"template":"","format":"standard","meta":{"jetpack_post_was_ever_published":false,"_jetpack_newsletter_access":"","_jetpack_dont_email_post_to_subs":false,"_jetpack_newsletter_tier_id":0,"_jetpack_memberships_contains_paywalled_content":false,"_jetpack_memberships_contains_paid_content":false,"footnotes":"","jetpack_publicize_message":"","jetpack_publicize_feature_enabled":true,"jetpack_social_post_already_shared":false,"jetpack_social_options":{"image_generator_settings":{"template":"highway","default_image_id":0,"font":"","enabled":false},"version":2}},"categories":[15],"tags":[],"class_list":["post-6204","post","type-post","status-publish","format-standard","hentry","category-u9-f1"],"jetpack_publicize_connections":[],"jetpack_featured_media_url":"","jetpack_shortlink":"https:\/\/wp.me\/p2ZUr0-1C4","jetpack_sharing_enabled":true,"_links":{"self":[{"href":"https:\/\/www.djk-erlangen.de\/fussball\/index.php?rest_route=\/wp\/v2\/posts\/6204","targetHints":{"allow":["GET"]}}],"collection":[{"href":"https:\/\/www.djk-erlangen.de\/fussball\/index.php?rest_route=\/wp\/v2\/posts"}],"about":[{"href":"https:\/\/www.djk-erlangen.de\/fussball\/index.php?rest_route=\/wp\/v2\/types\/post"}],"author":[{"embeddable":true,"href":"https:\/\/www.djk-erlangen.de\/fussball\/index.php?rest_route=\/wp\/v2\/users\/32"}],"replies":[{"embeddable":true,"href":"https:\/\/www.djk-erlangen.de\/fussball\/index.php?rest_route=%2Fwp%2Fv2%2Fcomments&post=6204"}],"version-history":[{"count":4,"href":"https:\/\/www.djk-erlangen.de\/fussball\/index.php?rest_route=\/wp\/v2\/posts\/6204\/revisions"}],"predecessor-version":[{"id":6226,"href":"https:\/\/www.djk-erlangen.de\/fussball\/index.php?rest_route=\/wp\/v2\/posts\/6204\/revisions\/6226"}],"wp:attachment":[{"href":"https:\/\/www.djk-erlangen.de\/fussball\/index.php?rest_route=%2Fwp%2Fv2%2Fmedia&parent=6204"}],"wp:term":[{"taxonomy":"category","embeddable":true,"href":"https:\/\/www.djk-erlangen.de\/fussball\/index.php?rest_route=%2Fwp%2Fv2%2Fcategories&post=6204"},{"taxonomy":"post_tag","embeddable":true,"href":"https:\/\/www.djk-erlangen.de\/fussball\/index.php?rest_route=%2Fwp%2Fv2%2Ftags&post=6204"}],"curies":[{"name":"wp","href":"https:\/\/api.w.org\/{rel}","templated":true}]}}