{"id":6190,"date":"2011-04-13T12:53:59","date_gmt":"2011-04-13T10:53:59","guid":{"rendered":"http:\/\/www.djk-erlangen.de\/fussball\/?p=6190"},"modified":"2011-04-14T16:57:07","modified_gmt":"2011-04-14T14:57:07","slug":"2-g-turnier-beim-fsv-bruck","status":"publish","type":"post","link":"https:\/\/www.djk-erlangen.de\/fussball\/?p=6190","title":{"rendered":"2. G-Turnier beim FSV Bruck"},"content":{"rendered":"<p>Hallo liebe Eltern u. Kinder,<br \/>\nvielen Dank nochmals f\u00fcr die vielen\u00a0helfenden H\u00e4nde bei unserem letzten Heimturnier und f\u00fcr die mitgebrachten leckeren Kuchen!!!<\/p>\n<p>So &#8230; das n\u00e4chste Turnier findet am 7.5.2011 beim FSV Bruck statt.<strong><br \/>\nBeginn: 10:00 Uhr<br \/>\nTreffpunkt: 9:15 Uhr<\/strong><br \/>\nWir werden ab sofort <strong>mit 2\u00a0 Mannschaften <\/strong>antreten, damit alle Kinder zum Einsatz kommen.<\/p>\n<p>Die weiteren Termine sind der\u00a0 <strong>14.5<\/strong>, der <strong>28.5. <\/strong>und der <strong>2.7.2011<\/strong><\/p>\n<p>Viele Gr\u00fc\u00dfe<br \/>\nEuer Gerhard<\/p>\n","protected":false},"excerpt":{"rendered":"<p>Hallo liebe Eltern u. Kinder, vielen Dank nochmals f\u00fcr die vielen\u00a0helfenden H\u00e4nde bei unserem letzten Heimturnier und f\u00fcr die mitgebrachten leckeren Kuchen!!! So &#8230; das n\u00e4chste Turnier findet am 7.5.2011 beim FSV Bruck statt. Beginn: 10:00 Uhr Treffpunkt: 9:15 Uhr &hellip; <a href=\"https:\/\/www.djk-erlangen.de\/fussball\/?p=6190\">Weiterlesen <span class=\"meta-nav\">&rarr;<\/span><\/a><\/p>\n","protected":false},"author":26,"featured_media":0,"comment_status":"open","ping_status":"closed","sticky":false,"template":"","format":"standard","meta":{"jetpack_post_was_ever_published":false,"_jetpack_newsletter_access":"","_jetpack_dont_email_post_to_subs":false,"_jetpack_newsletter_tier_id":0,"_jetpack_memberships_contains_paywalled_content":false,"_jetpack_memberships_contains_paid_content":false,"footnotes":"","jetpack_publicize_message":"","jetpack_publicize_feature_enabled":true,"jetpack_social_post_already_shared":false,"jetpack_social_options":{"image_generator_settings":{"template":"highway","default_image_id":0,"font":"","enabled":false},"version":2}},"categories":[14],"tags":[],"class_list":["post-6190","post","type-post","status-publish","format-standard","hentry","category-u7"],"jetpack_publicize_connections":[],"jetpack_featured_media_url":"","jetpack_shortlink":"https:\/\/wp.me\/p2ZUr0-1BQ","jetpack_sharing_enabled":true,"_links":{"self":[{"href":"https:\/\/www.djk-erlangen.de\/fussball\/index.php?rest_route=\/wp\/v2\/posts\/6190","targetHints":{"allow":["GET"]}}],"collection":[{"href":"https:\/\/www.djk-erlangen.de\/fussball\/index.php?rest_route=\/wp\/v2\/posts"}],"about":[{"href":"https:\/\/www.djk-erlangen.de\/fussball\/index.php?rest_route=\/wp\/v2\/types\/post"}],"author":[{"embeddable":true,"href":"https:\/\/www.djk-erlangen.de\/fussball\/index.php?rest_route=\/wp\/v2\/users\/26"}],"replies":[{"embeddable":true,"href":"https:\/\/www.djk-erlangen.de\/fussball\/index.php?rest_route=%2Fwp%2Fv2%2Fcomments&post=6190"}],"version-history":[{"count":5,"href":"https:\/\/www.djk-erlangen.de\/fussball\/index.php?rest_route=\/wp\/v2\/posts\/6190\/revisions"}],"predecessor-version":[{"id":6201,"href":"https:\/\/www.djk-erlangen.de\/fussball\/index.php?rest_route=\/wp\/v2\/posts\/6190\/revisions\/6201"}],"wp:attachment":[{"href":"https:\/\/www.djk-erlangen.de\/fussball\/index.php?rest_route=%2Fwp%2Fv2%2Fmedia&parent=6190"}],"wp:term":[{"taxonomy":"category","embeddable":true,"href":"https:\/\/www.djk-erlangen.de\/fussball\/index.php?rest_route=%2Fwp%2Fv2%2Fcategories&post=6190"},{"taxonomy":"post_tag","embeddable":true,"href":"https:\/\/www.djk-erlangen.de\/fussball\/index.php?rest_route=%2Fwp%2Fv2%2Ftags&post=6190"}],"curies":[{"name":"wp","href":"https:\/\/api.w.org\/{rel}","templated":true}]}}