{"id":6072,"date":"2011-04-10T20:12:19","date_gmt":"2011-04-10T18:12:19","guid":{"rendered":"http:\/\/www.djk-erlangen.de\/fussball\/?p=6072"},"modified":"2011-04-12T17:31:15","modified_gmt":"2011-04-12T15:31:15","slug":"leistungsvergleichstest-bei-der-djk-don-bosco-in-bamberg","status":"publish","type":"post","link":"https:\/\/www.djk-erlangen.de\/fussball\/?p=6072","title":{"rendered":"Leistungsvergleichstest bei der DJK Don Bosco in Bamberg"},"content":{"rendered":"<p>Ausschlafen war am heutigen Sonntag nicht angesagt. Kurz nach Sonnenaufgang bewegte sich der Tross mit fu\u00dfballbegeisterten Kindern auf der A73 Richtung Bamberg. Grund war das f\u00fcr heute anberaumte Turnier von Roland Bleier, Trainer der F1-Jugend der DJK Don Bosco Bamberg. P\u00fcnktlich zum vereinbarten Treffpunkt waren alle Beteiligten gut gelaunt auf dem Sportgel\u00e4nde erschienen.<\/p>\n<p><!--more-->Unsere Gegner am heutigen Tage waren die Gastgeber, die DJK Don Bosco Bamberg, der SV Zapfendorf sowie die SpVgg Greuther F\u00fcrth. Dass dieses Teilnehmerfeld eine ganz gro\u00dfe Hausnummer sein w\u00fcrde, war uns allen im Vorfeld klar.<br \/>\nMit einer v\u00f6llig ver\u00e4nderten Mannschaft gingen wir in dieses Turnier. 4 etatm\u00e4\u00dfige Spieler der F1 mussten f\u00fcr diesen Leistungsvergleichstest ersetzt werden. So ergab sich die gro\u00dfe Chance f\u00fcr 4 Spieler aus der F2, sich auf der gro\u00dfen B\u00fchne der F1-Jugend zu pr\u00e4sentieren. Der bunt zusammengew\u00fcrfelte Haufen zeigte in allen Spielen, dass sie Freude am Umgang mit der Kugel hatten und steigerten sich von Begegnung zu Begegnung. Phasenweise wurde wundersch\u00f6ner Fu\u00dfball gezeigt. Gerade die Kinder welche aus der F2 zur Verf\u00fcgung standen, machten ihre Sache mehr als gut. Zumal ja zwei Kicker, Dominik und Manu, mit einer Ausnahme zum ersten Mal in der F1 zum Einsatz kamen.<\/p>\n<p style=\"text-align: left;\">Jungs ihr wart alle mit gro\u00dfem Einsatz und Enthusiasmus bei der Sache. Es hat Spa\u00df gemacht, Euch Fu\u00dfballspielen zu sehen.<\/p>\n<p><a rel=\"attachment wp-att-6073\" href=\"http:\/\/www.djk-erlangen.de\/fussball\/?attachment_id=6073\"><img loading=\"lazy\" decoding=\"async\" class=\"size-medium wp-image-6073 aligncenter\" title=\"Greuther_F\u00fcrth_10.04.11_1\" src=\"http:\/\/www.djk-erlangen.de\/fussball\/wp-content\/uploads\/2011\/04\/Greuther_F\u00fcrth_10.04.11_1-300x225.jpg\" alt=\"\" width=\"365\" height=\"273\" srcset=\"https:\/\/www.djk-erlangen.de\/fussball\/wp-content\/uploads\/2011\/04\/Greuther_F\u00fcrth_10.04.11_1-300x225.jpg 300w, https:\/\/www.djk-erlangen.de\/fussball\/wp-content\/uploads\/2011\/04\/Greuther_F\u00fcrth_10.04.11_1-150x112.jpg 150w, https:\/\/www.djk-erlangen.de\/fussball\/wp-content\/uploads\/2011\/04\/Greuther_F\u00fcrth_10.04.11_1.jpg 640w\" sizes=\"auto, (max-width: 365px) 100vw, 365px\" \/><\/a><\/p>\n<p>Unser Dank gilt der gesamten Mannschaft, die alles gegeben hat und sicherlich f\u00fcr die folgenden Spiele in der Punkterunde einiges mitgenommen hat. Wir alle freuen uns auf die Wiederauflage dieses sch\u00f6nen Turniers auf dem genialen Kunstrasenplatz im kommenden Jahr!<\/p>\n<p>Auch gilt unser Dank dem mehr als engagierten Roland Bleier f\u00fcr die Einladung! Wir freuen uns jedesmal, Eure G\u00e4ste zu sein.<\/p>\n<p>Erneut waren wir uns einig, so ein ph\u00e4nomenaler Kunstrasenplatz w\u00fcrde auch der DJK Erlangen gut zu Gesicht stehen!<br \/>\nSponsoren f\u00fcr dieses Projekt sind jederzeit herzlich willkommen!<\/p>\n<p><span style=\"text-decoration: underline;\"><strong>DJK Aufgebot:<\/strong><\/span><br \/>\nDominik K.; Jojo; Oliver; Lorenz; Rick; Benedikt; Manu; Arijan; Luis<\/p>\n","protected":false},"excerpt":{"rendered":"<p>Ausschlafen war am heutigen Sonntag nicht angesagt. Kurz nach Sonnenaufgang bewegte sich der Tross mit fu\u00dfballbegeisterten Kindern auf der A73 Richtung Bamberg. Grund war das f\u00fcr heute anberaumte Turnier von Roland Bleier, Trainer der F1-Jugend der DJK Don Bosco Bamberg. &hellip; <a href=\"https:\/\/www.djk-erlangen.de\/fussball\/?p=6072\">Weiterlesen <span class=\"meta-nav\">&rarr;<\/span><\/a><\/p>\n","protected":false},"author":32,"featured_media":0,"comment_status":"open","ping_status":"closed","sticky":false,"template":"","format":"standard","meta":{"jetpack_post_was_ever_published":false,"_jetpack_newsletter_access":"","_jetpack_dont_email_post_to_subs":false,"_jetpack_newsletter_tier_id":0,"_jetpack_memberships_contains_paywalled_content":false,"_jetpack_memberships_contains_paid_content":false,"footnotes":"","jetpack_publicize_message":"","jetpack_publicize_feature_enabled":true,"jetpack_social_post_already_shared":false,"jetpack_social_options":{"image_generator_settings":{"template":"highway","default_image_id":0,"font":"","enabled":false},"version":2}},"categories":[15],"tags":[],"class_list":["post-6072","post","type-post","status-publish","format-standard","hentry","category-u9-f1"],"jetpack_publicize_connections":[],"jetpack_featured_media_url":"","jetpack_shortlink":"https:\/\/wp.me\/p2ZUr0-1zW","jetpack_sharing_enabled":true,"_links":{"self":[{"href":"https:\/\/www.djk-erlangen.de\/fussball\/index.php?rest_route=\/wp\/v2\/posts\/6072","targetHints":{"allow":["GET"]}}],"collection":[{"href":"https:\/\/www.djk-erlangen.de\/fussball\/index.php?rest_route=\/wp\/v2\/posts"}],"about":[{"href":"https:\/\/www.djk-erlangen.de\/fussball\/index.php?rest_route=\/wp\/v2\/types\/post"}],"author":[{"embeddable":true,"href":"https:\/\/www.djk-erlangen.de\/fussball\/index.php?rest_route=\/wp\/v2\/users\/32"}],"replies":[{"embeddable":true,"href":"https:\/\/www.djk-erlangen.de\/fussball\/index.php?rest_route=%2Fwp%2Fv2%2Fcomments&post=6072"}],"version-history":[{"count":19,"href":"https:\/\/www.djk-erlangen.de\/fussball\/index.php?rest_route=\/wp\/v2\/posts\/6072\/revisions"}],"predecessor-version":[{"id":6163,"href":"https:\/\/www.djk-erlangen.de\/fussball\/index.php?rest_route=\/wp\/v2\/posts\/6072\/revisions\/6163"}],"wp:attachment":[{"href":"https:\/\/www.djk-erlangen.de\/fussball\/index.php?rest_route=%2Fwp%2Fv2%2Fmedia&parent=6072"}],"wp:term":[{"taxonomy":"category","embeddable":true,"href":"https:\/\/www.djk-erlangen.de\/fussball\/index.php?rest_route=%2Fwp%2Fv2%2Fcategories&post=6072"},{"taxonomy":"post_tag","embeddable":true,"href":"https:\/\/www.djk-erlangen.de\/fussball\/index.php?rest_route=%2Fwp%2Fv2%2Ftags&post=6072"}],"curies":[{"name":"wp","href":"https:\/\/api.w.org\/{rel}","templated":true}]}}