{"id":6066,"date":"2011-04-09T14:54:39","date_gmt":"2011-04-09T12:54:39","guid":{"rendered":"http:\/\/www.djk-erlangen.de\/fussball\/?p=6066"},"modified":"2011-04-12T17:26:15","modified_gmt":"2011-04-12T15:26:15","slug":"hartumkampfte-auftaktpartie","status":"publish","type":"post","link":"https:\/\/www.djk-erlangen.de\/fussball\/?p=6066","title":{"rendered":"Gelungene Heimpremiere der F1"},"content":{"rendered":"<p>Bei besten \u00e4u\u00dferen Bedingungen bestritten wir unser erstes Heimspiel der laufenden Saison. Zu Gast am Wiesenweg waren die Kicker des SV Bubenreuth.<\/p>\n<p><!--more-->Das Spiel begann wie wir es uns vorgestellt hatten. Benedikt erk\u00e4mpfte sich nach dem Ansto\u00df den Ball und tankte sich gegen die gesamten Bubenreuther durch und verwandelte eiskalt nach nur 40 Sekunden zur 1:0-F\u00fchrung.<br \/>\nIn der Folgezeit entwickelte sich ein Spiel auf ein Tor und wir st\u00fcrmten mit Mann und Maus auf das gegnerische Geh\u00e4use. Dank ihres \u00fcberragenden Schlussmanns konnten die Geigenbauer einen deutlicheren R\u00fcckstand verhindern.<br \/>\nEs war zum Haare raufen! Die G\u00e4ste kamen in der ersten Viertelstunde gef\u00fchlte zwei Mal \u00fcber die Mittellinie, aber irgendwie wollte das Runde heute wieder nicht ins Eckige! Kurz vor dem Pausenpfiff nahm sich unser seit Wochen \u00fcberragend aufspielender Lorenz ein Herz, erk\u00e4mpfte sich das Leder und marschierte musterg\u00fcltig \u00fcber das gesamte Spielfeld um seine Farben durch einen sehenswerten Treffer mit 2:0 in F\u00fchrung zu bringen. Mit diesem f\u00fcr die G\u00e4ste schmeichelhaften Ergebnis ging man auch in die Pause.<\/p>\n<p>Der zweite Spielabschnitt begann wie der erste endete. Dr\u00fcckend \u00fcberlegene Wiesenwegbuben vergaben haufenweise klarste Torchancen bzw. fanden im Torw\u00e4chter der Geigenbauer ihren Meister.\u00a0 So endete unser erstes Heimspiel hochverdient mit diesem f\u00fcr die G\u00e4ste gl\u00fccklichen Ergebnis. Au\u00dfer der Sonne gl\u00e4nzte auch der Schiri, der durch seine \u00fcbersichtliche Regelauslegung sehr viel neue Freunde gewonnen hat.<\/p>\n<p>Letztendlich k\u00f6nnen wir uns \u00fcber die ersten 3 Punkte der laufenden Saison freuen und den bevorstehenden Aufgaben entspannt entgegen sehen.<br \/>\nBereits am morgigen Sonntag f\u00fchrt uns die Reise zu unseren Freunden nach Bamberg, wo wir an einem Leistungsvergleichsturnier bei der DJK Don Bosco teilnehmen werden.<\/p>\n<p><span style=\"text-decoration: underline;\"><strong>DJK Aufgebot:<\/strong><\/span><br \/>\nDominik K.; Johannes; Daniel; Oliver; Lorenz; Benedikt; Ben; Arijan; Franz<\/p>\n<p><span style=\"text-decoration: underline;\"><strong>Tore:<\/strong><\/span><br \/>\nBenedikt (1); Lorenz (1)<\/p>\n","protected":false},"excerpt":{"rendered":"<p>Bei besten \u00e4u\u00dferen Bedingungen bestritten wir unser erstes Heimspiel der laufenden Saison. Zu Gast am Wiesenweg waren die Kicker des SV Bubenreuth.<\/p>\n","protected":false},"author":32,"featured_media":0,"comment_status":"open","ping_status":"closed","sticky":false,"template":"","format":"standard","meta":{"jetpack_post_was_ever_published":false,"_jetpack_newsletter_access":"","_jetpack_dont_email_post_to_subs":false,"_jetpack_newsletter_tier_id":0,"_jetpack_memberships_contains_paywalled_content":false,"_jetpack_memberships_contains_paid_content":false,"footnotes":"","jetpack_publicize_message":"","jetpack_publicize_feature_enabled":true,"jetpack_social_post_already_shared":false,"jetpack_social_options":{"image_generator_settings":{"template":"highway","default_image_id":0,"font":"","enabled":false},"version":2}},"categories":[15],"tags":[],"class_list":["post-6066","post","type-post","status-publish","format-standard","hentry","category-u9-f1"],"jetpack_publicize_connections":[],"jetpack_featured_media_url":"","jetpack_shortlink":"https:\/\/wp.me\/p2ZUr0-1zQ","jetpack_sharing_enabled":true,"_links":{"self":[{"href":"https:\/\/www.djk-erlangen.de\/fussball\/index.php?rest_route=\/wp\/v2\/posts\/6066","targetHints":{"allow":["GET"]}}],"collection":[{"href":"https:\/\/www.djk-erlangen.de\/fussball\/index.php?rest_route=\/wp\/v2\/posts"}],"about":[{"href":"https:\/\/www.djk-erlangen.de\/fussball\/index.php?rest_route=\/wp\/v2\/types\/post"}],"author":[{"embeddable":true,"href":"https:\/\/www.djk-erlangen.de\/fussball\/index.php?rest_route=\/wp\/v2\/users\/32"}],"replies":[{"embeddable":true,"href":"https:\/\/www.djk-erlangen.de\/fussball\/index.php?rest_route=%2Fwp%2Fv2%2Fcomments&post=6066"}],"version-history":[{"count":7,"href":"https:\/\/www.djk-erlangen.de\/fussball\/index.php?rest_route=\/wp\/v2\/posts\/6066\/revisions"}],"predecessor-version":[{"id":6069,"href":"https:\/\/www.djk-erlangen.de\/fussball\/index.php?rest_route=\/wp\/v2\/posts\/6066\/revisions\/6069"}],"wp:attachment":[{"href":"https:\/\/www.djk-erlangen.de\/fussball\/index.php?rest_route=%2Fwp%2Fv2%2Fmedia&parent=6066"}],"wp:term":[{"taxonomy":"category","embeddable":true,"href":"https:\/\/www.djk-erlangen.de\/fussball\/index.php?rest_route=%2Fwp%2Fv2%2Fcategories&post=6066"},{"taxonomy":"post_tag","embeddable":true,"href":"https:\/\/www.djk-erlangen.de\/fussball\/index.php?rest_route=%2Fwp%2Fv2%2Ftags&post=6066"}],"curies":[{"name":"wp","href":"https:\/\/api.w.org\/{rel}","templated":true}]}}