{"id":6036,"date":"2011-04-05T20:37:52","date_gmt":"2011-04-05T18:37:52","guid":{"rendered":"http:\/\/www.djk-erlangen.de\/fussball\/?p=6036"},"modified":"2011-04-06T16:47:09","modified_gmt":"2011-04-06T14:47:09","slug":"unrunder-saisonauftakt","status":"publish","type":"post","link":"https:\/\/www.djk-erlangen.de\/fussball\/?p=6036","title":{"rendered":"Unrunder Saisonauftakt bei der F1"},"content":{"rendered":"<p>Am heutigen Dienstag bestritten wir unsere Auftaktbegegnung in die Runde beim FC Herzogenaurach. P\u00fcnktlich zu Spielbeginn bekam unser Torh\u00fcter gr\u00fcnes Licht von der medizinischen Abteilung und so konnten wir fast in Bestbesetzung antreten.<\/p>\n<p><!--more-->Mit dem Anpfiff der Begegung agierten wir allerdings gegen die gro\u00dfgewachsenen Kicker aus der Sportartikelhochburg sehr zur\u00fcckhaltend und lie\u00dfen diese ihr Spiel aufziehen. Mit zunehmender Spieldauer kamen wir dann immer besser ins Spiel und hatten die eine oder andere Chance einzunetzen. Leider blieb es bei den Chancen, da wir vor dem Tor einfach noch zu fahrl\u00e4ssig agieren bzw. vor der Gr\u00f6\u00dfe des Gegenspielers irgendwie zuviel Respekt haben.<\/p>\n<p>So war es dann der Kittler-Truppe vorbehalten, durch einen groben Abstimmungsfehler in unserer Defensive ihre Farben mit 1:0 in F\u00fchrung gehen zu lassen.<br \/>\nDies war auch der Halbzeitstand.<\/p>\n<p>Die Verantwortlichen ver\u00e4nderten in der Pause das System auf zwei Positionen, um druckvoller nach vorne agieren zu k\u00f6nnen. Benedikt wurde aus dem Mittelfeld zur\u00fcck in die Sturmspitze und Arijan wieder auf die &#8222;10er Position&#8220; beordert.<br \/>\nDies sollte sich auszahlen! Ein wundersch\u00f6ner Alleingang von Benedikt mit dem Abschluss direkt in den Winkel sorgte f\u00fcr den vielumjubelten Ausgleichstreffer.<\/p>\n<p>In der Folgezeit bekamen wir die Begegnung immer besser in den Griff und vers\u00e4umten es, zahlreich gut herausgespielte Angriffe in Tore umzuwandeln. Eine ungl\u00fcckliche Abwehr unseres Torh\u00fcters sollte dann f\u00fcr die Vorentscheidung sorgen und der FCH ging durch einen Distanzschuss mit 2:1 in F\u00fchrung. In der Folgezeit der Partie wurde durch die zahlreichen Auswechslungen der Spielfluss erheblich gest\u00f6rt und die Gastgeber konnten das Ergebnis noch auf 3:1 in die H\u00f6he schrauben. Mit diesem Ergebnis endetet auch unsere Auftaktpartie und wir sind angekommen in der Runde.<br \/>\nSp\u00e4testens seit heute d\u00fcrfte allen klar sein, dass es kein Selbstl\u00e4ufer wird und von allen Spielern eine gewaltige Leistungssteigerung notwendig sein wird, um das selbstgesteckte Ziel zu erreichen.<\/p>\n<p>Jetzt gilt es, die Konzentration auf das erste Heimspiel am kommenden Samstag gegen Bubenreuth zu richten, wo die Mannschaft leider wieder ein anderes Gesicht haben wird.<\/p>\n<p><strong><span style=\"text-decoration: underline;\">Aufgebot DJK:<\/span><\/strong><br \/>\nLuis; Johannes; Daniel; Alexander; Oliver; Lorenz; Benedikt; Ben; Arijan; Franz<\/p>\n<p><span style=\"text-decoration: underline;\"><strong>Tor:<\/strong><\/span><br \/>\nBenedikt<\/p>\n","protected":false},"excerpt":{"rendered":"<p>Am heutigen Dienstag bestritten wir unsere Auftaktbegegnung in die Runde beim FC Herzogenaurach. P\u00fcnktlich zu Spielbeginn bekam unser Torh\u00fcter gr\u00fcnes Licht von der medizinischen Abteilung und so konnten wir fast in Bestbesetzung antreten.<\/p>\n","protected":false},"author":32,"featured_media":0,"comment_status":"open","ping_status":"closed","sticky":false,"template":"","format":"standard","meta":{"jetpack_post_was_ever_published":false,"_jetpack_newsletter_access":"","_jetpack_dont_email_post_to_subs":false,"_jetpack_newsletter_tier_id":0,"_jetpack_memberships_contains_paywalled_content":false,"_jetpack_memberships_contains_paid_content":false,"footnotes":"","jetpack_publicize_message":"","jetpack_publicize_feature_enabled":true,"jetpack_social_post_already_shared":false,"jetpack_social_options":{"image_generator_settings":{"template":"highway","default_image_id":0,"font":"","enabled":false},"version":2}},"categories":[15],"tags":[],"class_list":["post-6036","post","type-post","status-publish","format-standard","hentry","category-u9-f1"],"jetpack_publicize_connections":[],"jetpack_featured_media_url":"","jetpack_shortlink":"https:\/\/wp.me\/p2ZUr0-1zm","jetpack_sharing_enabled":true,"_links":{"self":[{"href":"https:\/\/www.djk-erlangen.de\/fussball\/index.php?rest_route=\/wp\/v2\/posts\/6036","targetHints":{"allow":["GET"]}}],"collection":[{"href":"https:\/\/www.djk-erlangen.de\/fussball\/index.php?rest_route=\/wp\/v2\/posts"}],"about":[{"href":"https:\/\/www.djk-erlangen.de\/fussball\/index.php?rest_route=\/wp\/v2\/types\/post"}],"author":[{"embeddable":true,"href":"https:\/\/www.djk-erlangen.de\/fussball\/index.php?rest_route=\/wp\/v2\/users\/32"}],"replies":[{"embeddable":true,"href":"https:\/\/www.djk-erlangen.de\/fussball\/index.php?rest_route=%2Fwp%2Fv2%2Fcomments&post=6036"}],"version-history":[{"count":5,"href":"https:\/\/www.djk-erlangen.de\/fussball\/index.php?rest_route=\/wp\/v2\/posts\/6036\/revisions"}],"predecessor-version":[{"id":6040,"href":"https:\/\/www.djk-erlangen.de\/fussball\/index.php?rest_route=\/wp\/v2\/posts\/6036\/revisions\/6040"}],"wp:attachment":[{"href":"https:\/\/www.djk-erlangen.de\/fussball\/index.php?rest_route=%2Fwp%2Fv2%2Fmedia&parent=6036"}],"wp:term":[{"taxonomy":"category","embeddable":true,"href":"https:\/\/www.djk-erlangen.de\/fussball\/index.php?rest_route=%2Fwp%2Fv2%2Fcategories&post=6036"},{"taxonomy":"post_tag","embeddable":true,"href":"https:\/\/www.djk-erlangen.de\/fussball\/index.php?rest_route=%2Fwp%2Fv2%2Ftags&post=6036"}],"curies":[{"name":"wp","href":"https:\/\/api.w.org\/{rel}","templated":true}]}}