{"id":5972,"date":"2011-05-03T13:00:13","date_gmt":"2011-05-03T11:00:13","guid":{"rendered":"http:\/\/www.djk-erlangen.de\/fussball\/?p=5972"},"modified":"2011-05-03T14:52:26","modified_gmt":"2011-05-03T12:52:26","slug":"terminbier-und-weinwanderung-der-ahsonntag-1-mai-2011","status":"publish","type":"post","link":"https:\/\/www.djk-erlangen.de\/fussball\/?p=5972","title":{"rendered":"Bierwanderung der AH<h5>Sonntag, 1. Mai 2011<\/h5>"},"content":{"rendered":"<p>Wir hatten einen wunderbaren 1. Mai und viel Spa\u00df bei unserer AH-Wanderung.<\/p>\n<p><!--more-->Wir starteten um 9.00h mit &#8211; leider nur &#8211; acht AH-Aktiven beim DJK. Au\u00dferdem haben sich auch nur 2 AH-Damen &#8222;getraut&#8220;, mit uns den &#8222;beschwerlichen&#8220; Weg zu meistern und <a href=\"http:\/\/www.brauereiweg.de\/brauereiweg.html\" target=\"_blank\">ganze 4 fr\u00e4nkische Brauereien<\/a> zu besuchen. Bei der letzten Station erwartete uns dann noch unser Empfangskomitee in Person von Eva, Lydia und Erich.<\/p>\n<p>Wir hatten &#8211; und da spreche ich vermutlich im Namen ALLER Teilnehmer &#8211; einen tollen Tag in der &#8222;Fr\u00e4nkischen&#8220; mit Superwetter, viel Spa\u00df und &#8222;sehr gesunder&#8220; Verpflegung \ud83d\ude09<br \/>\nEin Sonderlob noch an Matze, der die gesamte Strecke auf Kr\u00fccken zur\u00fcckgelegt hat &#8230; Respekt!!!<\/p>\n<p>Und nat\u00fcrlich auch ein dickes Dankesch\u00f6n an Tommy und Mario f\u00fcr die ausgefeilte Planung und Organisation!<br \/>\nSchade, dass nicht mehr von unseren Jungs an diesem Event teilnehmen wollten\/konnten.<\/p>\n","protected":false},"excerpt":{"rendered":"<p>Wir hatten einen wunderbaren 1. Mai und viel Spa\u00df bei unserer AH-Wanderung.<\/p>\n","protected":false},"author":21,"featured_media":0,"comment_status":"open","ping_status":"closed","sticky":false,"template":"","format":"standard","meta":{"jetpack_post_was_ever_published":false,"_jetpack_newsletter_access":"","_jetpack_dont_email_post_to_subs":false,"_jetpack_newsletter_tier_id":0,"_jetpack_memberships_contains_paywalled_content":false,"_jetpack_memberships_contains_paid_content":false,"footnotes":"","jetpack_publicize_message":"","jetpack_publicize_feature_enabled":true,"jetpack_social_post_already_shared":false,"jetpack_social_options":{"image_generator_settings":{"template":"highway","default_image_id":0,"font":"","enabled":false},"version":2}},"categories":[4],"tags":[],"class_list":["post-5972","post","type-post","status-publish","format-standard","hentry","category-ah"],"jetpack_publicize_connections":[],"jetpack_featured_media_url":"","jetpack_shortlink":"https:\/\/wp.me\/p2ZUr0-1yk","jetpack_sharing_enabled":true,"_links":{"self":[{"href":"https:\/\/www.djk-erlangen.de\/fussball\/index.php?rest_route=\/wp\/v2\/posts\/5972","targetHints":{"allow":["GET"]}}],"collection":[{"href":"https:\/\/www.djk-erlangen.de\/fussball\/index.php?rest_route=\/wp\/v2\/posts"}],"about":[{"href":"https:\/\/www.djk-erlangen.de\/fussball\/index.php?rest_route=\/wp\/v2\/types\/post"}],"author":[{"embeddable":true,"href":"https:\/\/www.djk-erlangen.de\/fussball\/index.php?rest_route=\/wp\/v2\/users\/21"}],"replies":[{"embeddable":true,"href":"https:\/\/www.djk-erlangen.de\/fussball\/index.php?rest_route=%2Fwp%2Fv2%2Fcomments&post=5972"}],"version-history":[{"count":11,"href":"https:\/\/www.djk-erlangen.de\/fussball\/index.php?rest_route=\/wp\/v2\/posts\/5972\/revisions"}],"predecessor-version":[{"id":6236,"href":"https:\/\/www.djk-erlangen.de\/fussball\/index.php?rest_route=\/wp\/v2\/posts\/5972\/revisions\/6236"}],"wp:attachment":[{"href":"https:\/\/www.djk-erlangen.de\/fussball\/index.php?rest_route=%2Fwp%2Fv2%2Fmedia&parent=5972"}],"wp:term":[{"taxonomy":"category","embeddable":true,"href":"https:\/\/www.djk-erlangen.de\/fussball\/index.php?rest_route=%2Fwp%2Fv2%2Fcategories&post=5972"},{"taxonomy":"post_tag","embeddable":true,"href":"https:\/\/www.djk-erlangen.de\/fussball\/index.php?rest_route=%2Fwp%2Fv2%2Ftags&post=5972"}],"curies":[{"name":"wp","href":"https:\/\/api.w.org\/{rel}","templated":true}]}}