{"id":5894,"date":"2011-03-23T21:30:39","date_gmt":"2011-03-23T20:30:39","guid":{"rendered":"http:\/\/www.djk-erlangen.de\/fussball\/?p=5894"},"modified":"2011-03-25T09:28:09","modified_gmt":"2011-03-25T08:28:09","slug":"jetzt-kann-die-runde-endlich-beginnen","status":"publish","type":"post","link":"https:\/\/www.djk-erlangen.de\/fussball\/?p=5894","title":{"rendered":"Jetzt kann die Runde endlich beginnen!"},"content":{"rendered":"<p>Heute bestritten wir unser letztes Vorbereitungsspiel vor der Fr\u00fchjahr-\/Sommer-Runde gegen den TSV R\u00f6ttenbach\/ERH. Auch das Wetter zeigte sich von seiner besten Seite und die Wiesenwegbuben verweigerten einstimmig die Wintergarderobe.<br \/>\nWas fehlte, war nur noch der herzerfrischende Fu\u00dfball.<\/p>\n<p><!--more-->Schlie\u00dflich wollte man die Fehler vom Wochenbeginn in Zeckern nicht wiederholen. Auch wenn die Mannschaft auf zahlreichen Positionen ein ver\u00e4ndertes Bild zeigte, wurden die taktischen Ma\u00dfnahmen sehr gut umgesetzt.<br \/>\nLeider konnten wir in der 4. Spielminute den Ball nicht entscheidend vor unserem Geh\u00e4use kl\u00e4ren und die starke Offensive der R\u00f6ttenbacher fackelte nicht lange und versenkte den Ball etwas gl\u00fccklich in unsere Maschen.<br \/>\nVon diesem fr\u00fchen R\u00fcckstand erholten wir uns relativ schnell und boten dem Gastgeber Paroli. Gerade der &#8222;Capitano&#8220; aus der F2 Alex harmonierte sehr gut mit unserem spielstarken Neuzugang Arijan.<br \/>\nLeider zog sich das Problem der letzten Monate wie ein roter Faden auch durch dieses Spiel. Die Chancenverwertung! So liefen wir nach zahlreichen M\u00f6glichkeiten in einen dummen Konter, welchen die Gastgeber durch einen strammen und unhaltbaren Schuss direkt in den Winkel zum 2:0 nutzten.<\/p>\n<p>Mit diesem Ergebnis wechselte man auch die Seiten. In der Halbzeitpause wurde die Mannschaft nochmals an ihre Tugenden erinnert, \u00fcber den Kampf ins Spiel zur\u00fcck zu finden.<\/p>\n<p>Nach Wiederanpfiff ein v\u00f6llig anderes Bild. Die Wiesenwegbuben agierten jetzt wesentlich druckvoller und lie\u00dfen den Ball endlich mal auch in den eigenen Reihen laufen, bis sich die Chance ergab, den &#8222;t\u00f6dlichen&#8220; Pass zu spielen.<br \/>\nDiese Geduld sollte sich auszahlen!<\/p>\n<p>Der vielleicht sch\u00f6nste Spielzug der Begegnung wurde eingeleitet von Oliver auf Alex, der wiederum zog zwei Gegenspieler als ballf\u00fchrender Spieler auf sich und befreite sich rechtzeitig mit einem musterg\u00fcltigen Pass auf Arijan des Ballverlustes. Dieser spielte auf der Au\u00dfenbahn seine Grundschnelligkeit aus und spielte &#8222;Topscorer&#8220; Benedikt genial in den Lauf, so dass dieser zum Anschlusstreffer (26.) einschieben konnte, der von den zahlreich mitgereisten Fans viel umjubelt wurde.<\/p>\n<p>In der Folgezeit bot sich ein offener Schlagabtausch auf beiden Seiten, in dem wir wieder einmal zahlreiche Gelegenheiten auslie\u00dfen, das Remis zu erzielen. In der Schlu\u00dfphase der Begegnung bekamen dann die Gastgeber das Spiel wieder besser in den Griff und wir konnten uns bei einem mittlerweile warmgeschossenen Torh\u00fcter sowie einem aufopferungsvoll k\u00e4mpfenden Abwehrverbund in Gestalt von Oliver und Lorenz bedanken, dass diese Begegung letzendlich knapp mit 2:1 verloren ging.<\/p>\n<p>Die Spieler der F2, welche heute zum Einsatz kamen, haben sich nahtlos eingef\u00fcgt und f\u00fcr weitere Eins\u00e4tze empfohlen!<\/p>\n<p>Letztendlich sah man herzerfrischenden Fu\u00dfball zur ersten fr\u00fchlingshaften Abendd\u00e4mmerung!<\/p>\n<p>Dieses Ergebnis n\u00e4hrt die Hoffnung, dass auf eine missgl\u00fcckte Generalprobe eine gelungene Premiere folgt!<\/p>\n<p>Wir werden alle sehr gespannt dem ersten Pflichtspiel am Mittwoch, 30.03.11 entgegen fiebern. Die Jungs sind hei\u00df auf den Punktspielstart!<\/p>\n<p><span style=\"text-decoration: underline;\"><strong>DJK Aufgebot:<\/strong><\/span><br \/>\nLuis; Daniel; Alex; Oliver; Lorenz; Rick; Benedikt; Arijan; Jojo<\/p>\n<p><strong><span style=\"text-decoration: underline;\">Tore:<\/span><\/strong><br \/>\nBenedikt (1)<\/p>\n","protected":false},"excerpt":{"rendered":"<p>Heute bestritten wir unser letztes Vorbereitungsspiel vor der Fr\u00fchjahr-\/Sommer-Runde gegen den TSV R\u00f6ttenbach\/ERH. Auch das Wetter zeigte sich von seiner besten Seite und die Wiesenwegbuben verweigerten einstimmig die Wintergarderobe. Was fehlte, war nur noch der herzerfrischende Fu\u00dfball.<\/p>\n","protected":false},"author":32,"featured_media":0,"comment_status":"open","ping_status":"closed","sticky":false,"template":"","format":"standard","meta":{"jetpack_post_was_ever_published":false,"_jetpack_newsletter_access":"","_jetpack_dont_email_post_to_subs":false,"_jetpack_newsletter_tier_id":0,"_jetpack_memberships_contains_paywalled_content":false,"_jetpack_memberships_contains_paid_content":false,"footnotes":"","jetpack_publicize_message":"","jetpack_publicize_feature_enabled":true,"jetpack_social_post_already_shared":false,"jetpack_social_options":{"image_generator_settings":{"template":"highway","default_image_id":0,"font":"","enabled":false},"version":2}},"categories":[15],"tags":[],"class_list":["post-5894","post","type-post","status-publish","format-standard","hentry","category-u9-f1"],"jetpack_publicize_connections":[],"jetpack_featured_media_url":"","jetpack_shortlink":"https:\/\/wp.me\/p2ZUr0-1x4","jetpack_sharing_enabled":true,"_links":{"self":[{"href":"https:\/\/www.djk-erlangen.de\/fussball\/index.php?rest_route=\/wp\/v2\/posts\/5894","targetHints":{"allow":["GET"]}}],"collection":[{"href":"https:\/\/www.djk-erlangen.de\/fussball\/index.php?rest_route=\/wp\/v2\/posts"}],"about":[{"href":"https:\/\/www.djk-erlangen.de\/fussball\/index.php?rest_route=\/wp\/v2\/types\/post"}],"author":[{"embeddable":true,"href":"https:\/\/www.djk-erlangen.de\/fussball\/index.php?rest_route=\/wp\/v2\/users\/32"}],"replies":[{"embeddable":true,"href":"https:\/\/www.djk-erlangen.de\/fussball\/index.php?rest_route=%2Fwp%2Fv2%2Fcomments&post=5894"}],"version-history":[{"count":7,"href":"https:\/\/www.djk-erlangen.de\/fussball\/index.php?rest_route=\/wp\/v2\/posts\/5894\/revisions"}],"predecessor-version":[{"id":5908,"href":"https:\/\/www.djk-erlangen.de\/fussball\/index.php?rest_route=\/wp\/v2\/posts\/5894\/revisions\/5908"}],"wp:attachment":[{"href":"https:\/\/www.djk-erlangen.de\/fussball\/index.php?rest_route=%2Fwp%2Fv2%2Fmedia&parent=5894"}],"wp:term":[{"taxonomy":"category","embeddable":true,"href":"https:\/\/www.djk-erlangen.de\/fussball\/index.php?rest_route=%2Fwp%2Fv2%2Fcategories&post=5894"},{"taxonomy":"post_tag","embeddable":true,"href":"https:\/\/www.djk-erlangen.de\/fussball\/index.php?rest_route=%2Fwp%2Fv2%2Ftags&post=5894"}],"curies":[{"name":"wp","href":"https:\/\/api.w.org\/{rel}","templated":true}]}}