{"id":5882,"date":"2011-03-21T21:34:47","date_gmt":"2011-03-21T20:34:47","guid":{"rendered":"http:\/\/www.djk-erlangen.de\/fussball\/?p=5882"},"modified":"2011-03-23T11:18:04","modified_gmt":"2011-03-23T10:18:04","slug":"gelungener-start-in-die-freiluftsaison","status":"publish","type":"post","link":"https:\/\/www.djk-erlangen.de\/fussball\/?p=5882","title":{"rendered":"Gelungener Start in die Freiluftsaison"},"content":{"rendered":"<p>Bei besten \u00e4u\u00dferen Bedingungen trat die F2 zum ersten Testspiel vor Beginn der Fr\u00fchjahrsrunde gegen die SpVgg He\u00dfdorf am Wiesenweg an.<\/p>\n<p><!--more-->Das Spiel begann sogleich schwungvoll, eigentlich so wie die Meisterschaftssaison geendet hatte. Die Wiesenwegbuben \u00fcbernahmen von Beginn an die Initiative. Nach einem sch\u00f6nen Lauf \u00fcber rechts au\u00dfen scheiterte Rick im ersten Anlauf am G\u00e4stekeeper. Es dauerte\u00a0jedoch nicht lange, bis Luis den Ball zum 1:0 im Netz versenkte. Langsam kamen unsere Jungs in Schwung. Nachdem ein schneller Pass nach vorn in Manuel einen Abnehmer gefunden hatte, setzte dieser sich klever im Zweikampf gegen den Abwehrspieler der He\u00dfdorfer durch und ging frei aufs Tor zu. Wie im Training zuvor ge\u00fcbt &#8211; die Lektion sa\u00df also &#8211; landete der Ball unhaltbar in der Torecke. Zeitweise spielte nur noch eine Mannschaft &#8211; unsere Wiesenwegbuben. Der Gegner wurde f\u00f6rmlich in seiner H\u00e4lfte eingeschn\u00fcrt und kam kaum hinten heraus. Insgesamt 2 Torsch\u00fcsse in Halbzeit eins brachten unseren Torh\u00fcter nun wirklich nicht ins Schwitzen.<\/p>\n<p>Nach einer sch\u00f6nen Flanke von der Grundlinie der rechten Seite, geschlagen von Rick, landete der Ball beim frei vor dem Tor lauernden Maxi. Dieser machte nun sein hei\u00df ersehntes Tor. Gl\u00fcckwunsch!<\/p>\n<p>Mit einer sicheren 3:0 F\u00fchrung ging man in die Pause.<\/p>\n<p>Bedingt durch das anschlie\u00dfende Testspiel der F1, wurden Alex und Luis in der 2. Halbzeit geschont. Das merkte man sofort, da im Mittelfeld ab sofort nichts mehr so richtig gelingen wollte. So kamen die Jungs aus He\u00dfdorf immer \u00f6fter vor unser Tor und erzielten den Anschlu\u00dftreffer. Das gab den G\u00e4sten richtig Auftrieb. Diese drehten nun richtig auf.\u00a0Man tat sich schwer, den Ball ordentlich hinten rauszuschlagen. Das nutzten die G\u00e4ste zum\u00a0in dieser Phase nicht unverdienten Anschlu\u00dftreffer.<\/p>\n<p>Nun ging nochmal ein Ruck durch die Mannschaft.\u00a0Dieses Spiel wollte man nicht verlieren.\u00a0W\u00e4hrend eines sehenswerten schnellen Konters \u00fcber rechts, legt Rick musterg\u00fcltig vor dem Tor quer zu Manuel, der den Ball sicher zum 4:2 einnetzte.\u00a0Damit war das Spiel entschieden.<\/p>\n<p>Die Spieler und die Trainer waren mit dem erfolgreichen Freiluftauftakt zufrieden. Das Spiel zeigte auf, wo in den n\u00e4chsten Trainingseinheiten noch etwas Feinschliff n\u00f6tig ist.<\/p>\n<p>Verfasser des Berichts:<br \/>\nRoland<\/p>\n","protected":false},"excerpt":{"rendered":"<p>Bei besten \u00e4u\u00dferen Bedingungen trat die F2 zum ersten Testspiel vor Beginn der Fr\u00fchjahrsrunde gegen die SpVgg He\u00dfdorf am Wiesenweg an.<\/p>\n","protected":false},"author":32,"featured_media":0,"comment_status":"open","ping_status":"closed","sticky":false,"template":"","format":"standard","meta":{"jetpack_post_was_ever_published":false,"_jetpack_newsletter_access":"","_jetpack_dont_email_post_to_subs":false,"_jetpack_newsletter_tier_id":0,"_jetpack_memberships_contains_paywalled_content":false,"_jetpack_memberships_contains_paid_content":false,"footnotes":"","jetpack_publicize_message":"","jetpack_publicize_feature_enabled":true,"jetpack_social_post_already_shared":false,"jetpack_social_options":{"image_generator_settings":{"template":"highway","default_image_id":0,"font":"","enabled":false},"version":2}},"categories":[1],"tags":[],"class_list":["post-5882","post","type-post","status-publish","format-standard","hentry","category-allgemein"],"jetpack_publicize_connections":[],"jetpack_featured_media_url":"","jetpack_shortlink":"https:\/\/wp.me\/p2ZUr0-1wS","jetpack_sharing_enabled":true,"_links":{"self":[{"href":"https:\/\/www.djk-erlangen.de\/fussball\/index.php?rest_route=\/wp\/v2\/posts\/5882","targetHints":{"allow":["GET"]}}],"collection":[{"href":"https:\/\/www.djk-erlangen.de\/fussball\/index.php?rest_route=\/wp\/v2\/posts"}],"about":[{"href":"https:\/\/www.djk-erlangen.de\/fussball\/index.php?rest_route=\/wp\/v2\/types\/post"}],"author":[{"embeddable":true,"href":"https:\/\/www.djk-erlangen.de\/fussball\/index.php?rest_route=\/wp\/v2\/users\/32"}],"replies":[{"embeddable":true,"href":"https:\/\/www.djk-erlangen.de\/fussball\/index.php?rest_route=%2Fwp%2Fv2%2Fcomments&post=5882"}],"version-history":[{"count":3,"href":"https:\/\/www.djk-erlangen.de\/fussball\/index.php?rest_route=\/wp\/v2\/posts\/5882\/revisions"}],"predecessor-version":[{"id":5884,"href":"https:\/\/www.djk-erlangen.de\/fussball\/index.php?rest_route=\/wp\/v2\/posts\/5882\/revisions\/5884"}],"wp:attachment":[{"href":"https:\/\/www.djk-erlangen.de\/fussball\/index.php?rest_route=%2Fwp%2Fv2%2Fmedia&parent=5882"}],"wp:term":[{"taxonomy":"category","embeddable":true,"href":"https:\/\/www.djk-erlangen.de\/fussball\/index.php?rest_route=%2Fwp%2Fv2%2Fcategories&post=5882"},{"taxonomy":"post_tag","embeddable":true,"href":"https:\/\/www.djk-erlangen.de\/fussball\/index.php?rest_route=%2Fwp%2Fv2%2Ftags&post=5882"}],"curies":[{"name":"wp","href":"https:\/\/api.w.org\/{rel}","templated":true}]}}