{"id":5879,"date":"2011-03-21T21:06:06","date_gmt":"2011-03-21T20:06:06","guid":{"rendered":"http:\/\/www.djk-erlangen.de\/fussball\/?p=5879"},"modified":"2011-03-23T11:19:56","modified_gmt":"2011-03-23T10:19:56","slug":"herber-dampfer-zum-wochenauftakt","status":"publish","type":"post","link":"https:\/\/www.djk-erlangen.de\/fussball\/?p=5879","title":{"rendered":"Herber D\u00e4mpfer zum Wochenauftakt"},"content":{"rendered":"<p>Am heutigen Montag Nachmittag gastierten wir zu einem weiteren Leistungsvergleich beim TSV Hemhofen\/Zeckern<\/p>\n<p><!--more-->Der erste Spielabschnitt wurde relativ ausgeglichen gestaltet. Die Gastgeber gingen zwar in der 15. Spielminute durch eine Unachtsamkeit unserer Defensive mit 1:0 in F\u00fchrung, aber die Wiesenwegbuben lie\u00dfen sich nicht unterkriegen und konnten kurz vor dem Pausenpfiff durch eine herrlich getretene Ecke von Oliver und einer Volleyabnahme von Benedikt den Ausgleich erzielen.<\/p>\n<p>Irgendwie kamen wir nach der Pause nicht mehr so richtig in Fahrt und hatten bei dem einen oder anderen Konter auch Pech, dass immer wieder mal der Pfosten im Weg war. So nutzen die Gastgeber unsere eklatante Abschlu\u00dfschw\u00e4che und erzielten in regelm\u00e4\u00dfigen Abst\u00e4nden ihre Tore.<\/p>\n<p>So fuhr man mit einer herben 6:1 Niederlage im Gep\u00e4ck wieder nach Erlangen. Diese deutliche Niederlage kam vielleicht zum richtigen Zeitpunkt und wirft uns auch nicht um. Vielmehr wissen die Jungs jetzt, wo die Trainer die Hebel ansetzen m\u00fcssen, um diese Fehler abzustellen.<\/p>\n<p>Am kommenden Mittwoch haben die Jungs eine weitere Gelegenheit, ihr K\u00f6nnen unter Beweis zu stellen!<\/p>\n<p><strong><span style=\"text-decoration: underline;\">DJK Aufgebot:<\/span><\/strong><br \/>\nLuis; Johannes; Ermal; Oliver; Lorenz; Rick; Benedikt; Ben, Arijan<\/p>\n<p><strong><span style=\"text-decoration: underline;\">Tore:<\/span><\/strong><br \/>\nBenedikt (1)<\/p>\n","protected":false},"excerpt":{"rendered":"<p>Am heutigen Montag Nachmittag gastierten wir zu einem weiteren Leistungsvergleich beim TSV Hemhofen\/Zeckern<\/p>\n","protected":false},"author":32,"featured_media":0,"comment_status":"open","ping_status":"closed","sticky":false,"template":"","format":"standard","meta":{"jetpack_post_was_ever_published":false,"_jetpack_newsletter_access":"","_jetpack_dont_email_post_to_subs":false,"_jetpack_newsletter_tier_id":0,"_jetpack_memberships_contains_paywalled_content":false,"_jetpack_memberships_contains_paid_content":false,"footnotes":"","jetpack_publicize_message":"","jetpack_publicize_feature_enabled":true,"jetpack_social_post_already_shared":false,"jetpack_social_options":{"image_generator_settings":{"template":"highway","default_image_id":0,"font":"","enabled":false},"version":2}},"categories":[15],"tags":[],"class_list":["post-5879","post","type-post","status-publish","format-standard","hentry","category-u9-f1"],"jetpack_publicize_connections":[],"jetpack_featured_media_url":"","jetpack_shortlink":"https:\/\/wp.me\/p2ZUr0-1wP","jetpack_sharing_enabled":true,"_links":{"self":[{"href":"https:\/\/www.djk-erlangen.de\/fussball\/index.php?rest_route=\/wp\/v2\/posts\/5879","targetHints":{"allow":["GET"]}}],"collection":[{"href":"https:\/\/www.djk-erlangen.de\/fussball\/index.php?rest_route=\/wp\/v2\/posts"}],"about":[{"href":"https:\/\/www.djk-erlangen.de\/fussball\/index.php?rest_route=\/wp\/v2\/types\/post"}],"author":[{"embeddable":true,"href":"https:\/\/www.djk-erlangen.de\/fussball\/index.php?rest_route=\/wp\/v2\/users\/32"}],"replies":[{"embeddable":true,"href":"https:\/\/www.djk-erlangen.de\/fussball\/index.php?rest_route=%2Fwp%2Fv2%2Fcomments&post=5879"}],"version-history":[{"count":3,"href":"https:\/\/www.djk-erlangen.de\/fussball\/index.php?rest_route=\/wp\/v2\/posts\/5879\/revisions"}],"predecessor-version":[{"id":5881,"href":"https:\/\/www.djk-erlangen.de\/fussball\/index.php?rest_route=\/wp\/v2\/posts\/5879\/revisions\/5881"}],"wp:attachment":[{"href":"https:\/\/www.djk-erlangen.de\/fussball\/index.php?rest_route=%2Fwp%2Fv2%2Fmedia&parent=5879"}],"wp:term":[{"taxonomy":"category","embeddable":true,"href":"https:\/\/www.djk-erlangen.de\/fussball\/index.php?rest_route=%2Fwp%2Fv2%2Fcategories&post=5879"},{"taxonomy":"post_tag","embeddable":true,"href":"https:\/\/www.djk-erlangen.de\/fussball\/index.php?rest_route=%2Fwp%2Fv2%2Ftags&post=5879"}],"curies":[{"name":"wp","href":"https:\/\/api.w.org\/{rel}","templated":true}]}}