{"id":5711,"date":"2011-03-07T10:36:12","date_gmt":"2011-03-07T09:36:12","guid":{"rendered":"http:\/\/www.djk-erlangen.de\/fussball\/?p=5711"},"modified":"2011-03-07T10:36:12","modified_gmt":"2011-03-07T09:36:12","slug":"die-mischung-stimmte-zum-hallenausklang","status":"publish","type":"post","link":"https:\/\/www.djk-erlangen.de\/fussball\/?p=5711","title":{"rendered":"Die Mischung stimmte zum Hallenausklang"},"content":{"rendered":"<p>Bei sch\u00f6nstem aber k\u00fchlem Wetter trafen wir uns heute in Bamberg, beim 11. Frankencup, ausgerichtet\u00a0von der DJK Don Bosco Bamberg,\u00a0in der Halle.<\/p>\n<p>In unserer Gruppe A trafen wir auf den Gastgeber Don Bosco Bamberg, TSV Hirschaid und den 1. FC Lichtenfels. Die Gruppe B bildeten Don Bosco Bamberg II, ASV Gaustadt, SV Reundorf und der Post SV aus Bamberg.<br \/>\nBedingt durch Krankheit und Urlaub reiste man mit einer gemischten Truppe der F-1 und F-2 zum letzten Hallenauftritt dieser Saison.<\/p>\n<p><!--more--><\/p>\n<p>Gleich im 2. Spiel des Tages mu\u00dften unsere Jungs gegen den 1. FC Lichtenfels ran. Mit einem Blitzstart, dem 1:0 durch Benedikt\u00a0in der\u00a01. Minute starteten wir perfekt in das Turnier.\u00a0Unsere Jungs waren dem\u00a0Gegner taktisch und l\u00e4uferisch deutlich\u00a0\u00fcberlegen und so fing\u00a0das\u00a0Tore schie\u00dfen im Minutentakt in der 4. Minute so richtig an. Arjan 4. Minute 2:0, Benedikt 5. Minute 3:0,\u00a0Oliver 6. Minute 4:0 und den Schlu\u00dfpunkt setzte nochmal Benedikt mit dem 5:0 in der 7. Minute. Das war der h\u00f6chste Sieg bei diesem Turnier, wie sich sp\u00e4ter herausstellen sollte. Perfekter kann man nicht in ein Turnier starten.<\/p>\n<p>Unser n\u00e4chstes Spiel hatten wir gegen Don Bosco, einen gut bekannten Gegner. Diemal \u00fcberraschten uns die Don Bosco Jungs mit einem Blitzstart und erzielten das 1:0 in der 1. Minute. Alex schlug jedoch postwendend zur\u00fcck und erzielte in der 2. Minute den 1:1 Ausgleich. Das Tor befl\u00fcgelte ungemein. Es entwickelte sich ein packendes Spiel. Bis zur 6.\u00a0Minute dauerte es, bis Benedikt zur 1:2 F\u00fchrung einnetzte. Ein direkt ausgef\u00fchrter Freisto\u00df durch Oliver von der Mittellinie, landete nach Torwartber\u00fchrung im Tor, doch leider erkannten die Turnierleitung den regelkonformen Treffer nicht an. Das spornte unsere Jungs jetzt richtig an. Arjan erh\u00f6hte in der 8. Minute zum 1:3 und setzte mit dem 1:4 eine Minute sp\u00e4ter den Schlu\u00dfpunkt\u00a0in einem begeisternden Spiel.<\/p>\n<p>Nach den ersten beiden Durchg\u00e4ngen standen schon die Teilnehmer der Halbfinale der beiden Gruppen fest. F\u00fcr uns Ansporn, den Gruppensieg einzufahren, um im Halbfinale auf den\u00a02. der Gruppe B zu treffen.<\/p>\n<p>Wir hatten jedoch mit dem TSV Hirschaid einen starken Gegner, der ebenfalls seine ersten beiden\u00a0Spiele gewonnen hatte. In einem nahezu gleichwertigem und sehr ansehnlichem Spiel\u00a0wollte jedoch keiner mannschaft ein Tor gelingen. In der 6. Minute erzielte Benedikt das erl\u00f6sende 1:0. Die freude w\u00e4hrte jedoch nur kurz, denn fast im gegenzug fiel der 1:1 Ausgleich. Unsere Jungs war der unbedingte Wille zum Sieg anzumerkten. In der 8. Minute\u00a0erzielte dann Bendekit den nicht unverdienten Siegtreffer zum 2:1.<\/p>\n<p>Somit\u00a0zogen wir nach 3 Spielen mit 11:2 Toren und 9 Punkten als Gruppenerster ins Halbfinale ein.<\/p>\n<p>Im Halbfinale trafen wir auf den Post SV aus Bamberg. Trotz k\u00f6rperlicher \u00dcberlegenheit und vor allem einer taktisch perfekten Leistung aller Spieler\u00a0prasselten unsere Sch\u00fcsse fast im 30 Sekundentakt auf das Gegenrische Tor, nur rein wollte\u00a0der Ball\u00a0irgendwie nicht. In der 6. minute war es dann soweit. Arjan erzielte das 1:0. In der 7. minute gelang den Jungs der Post SV der \u00fcberraschende Ausgleich. Unsere Jungs lie\u00dfen sich nicht beeindrucken, faktisch im gegenzug erzielte Benedikt die 2:1 F\u00fchrung. In der 8. Minute erh\u00f6hte dann Oliver auf den 3:1 Endstand. Wahnsinn, wir waren im Finale. Absolut traumhaft.<\/p>\n<p>Bei den zahlreich mitgereisten Fans war eine Mischung aus Begeisterung und staunen nicht zu \u00fcbersehen.<\/p>\n<p>Im Finale trafen wir zum 2. Mal an diesem Tag auf den TSV Hirschaid und die Jungs wollten sich f\u00fcr die Vorrunden Niederlage revanchieren. Es begann sofort ein temporeiches Spiel, aber schon in der 2. Minute gelang den jungs aus Hirschaid die 1:0 F\u00fchrung. Unsere Jungs wollten nun mit aller Macht den Ausgleich und agierten extrem offensiv, was leider zeitweise die Abwehr aufl\u00f6ste. In der 4. Minute tauchten die Hirschaider Jungs zu dritt frei vor unserem Torh\u00fcter Rick auf, der keine Chance zur Abwehr hatte. Nach dem 2:0 war irgendwie die Luft raus. Wir kassierten noch 2 weitere Treffer und verloren das Finale mit 0:4.<\/p>\n<p>Macht nichts, die Fans waren trotzdem von der Leistung der Jungs\u00a0beeindruckt und freuten sich \u00fcber den 2. Platz bei dem sehr angenehmen, freundschaftlichen und gut organisiertem Turnier der DJK Don Bosco Bamberg.\u00a0 Sportlich fair gratulierte man dem TSV Hirschaid bei der Siegerehrung zum letztendlich nicht unverdienten Turniersieg.<\/p>\n<p>Abschlusstabelle:<\/p>\n<p>1.\u00a0\u00a0\u00a0\u00a0\u00a0\u00a0\u00a0\u00a0\u00a0\u00a0\u00a0 TSV Hirschaid<br \/>\n2.\u00a0\u00a0\u00a0\u00a0\u00a0\u00a0\u00a0\u00a0\u00a0\u00a0\u00a0 DJK Erlangen<br \/>\n3.\u00a0\u00a0\u00a0\u00a0\u00a0\u00a0\u00a0\u00a0\u00a0\u00a0\u00a0 Post SV<br \/>\n4.\u00a0\u00a0\u00a0\u00a0\u00a0\u00a0\u00a0\u00a0\u00a0\u00a0\u00a0 DJK Don Bosco Bamberg 2<br \/>\n5.\u00a0\u00a0\u00a0\u00a0\u00a0\u00a0\u00a0\u00a0\u00a0\u00a0\u00a0 DJK Don Bosco Bamberg 1<br \/>\n6.\u00a0\u00a0\u00a0\u00a0\u00a0\u00a0\u00a0\u00a0\u00a0\u00a0\u00a0 Reundorf<br \/>\n7.\u00a0\u00a0\u00a0\u00a0\u00a0\u00a0\u00a0\u00a0\u00a0\u00a0\u00a0 1.FC Lichtenfels<br \/>\n8.\u00a0\u00a0\u00a0\u00a0\u00a0\u00a0\u00a0\u00a0\u00a0\u00a0\u00a0 ASV Gaustadt<\/p>\n<p>DJK-Aufgebot:<br \/>\nAlex, Arijan, Benedikt, Ermal, Manuel, Momo, Oliver (C), Rick<\/p>\n<p>Tore f\u00fcr die DJK:<br \/>\nBenedikt (7), Arijan (4), Oliver (2), Alex (1)<\/p>\n<p>Verfasser des Berichts: Roland<\/p>\n","protected":false},"excerpt":{"rendered":"<p>Bei sch\u00f6nstem aber k\u00fchlem Wetter trafen wir uns heute in Bamberg, beim 11. Frankencup, ausgerichtet\u00a0von der DJK Don Bosco Bamberg,\u00a0in der Halle. In unserer Gruppe A trafen wir auf den Gastgeber Don Bosco Bamberg, TSV Hirschaid und den 1. FC &hellip; <a href=\"https:\/\/www.djk-erlangen.de\/fussball\/?p=5711\">Weiterlesen <span class=\"meta-nav\">&rarr;<\/span><\/a><\/p>\n","protected":false},"author":32,"featured_media":0,"comment_status":"open","ping_status":"closed","sticky":false,"template":"","format":"standard","meta":{"jetpack_post_was_ever_published":false,"_jetpack_newsletter_access":"","_jetpack_dont_email_post_to_subs":false,"_jetpack_newsletter_tier_id":0,"_jetpack_memberships_contains_paywalled_content":false,"_jetpack_memberships_contains_paid_content":false,"footnotes":"","jetpack_publicize_message":"","jetpack_publicize_feature_enabled":true,"jetpack_social_post_already_shared":false,"jetpack_social_options":{"image_generator_settings":{"template":"highway","default_image_id":0,"font":"","enabled":false},"version":2}},"categories":[1],"tags":[],"class_list":["post-5711","post","type-post","status-publish","format-standard","hentry","category-allgemein"],"jetpack_publicize_connections":[],"jetpack_featured_media_url":"","jetpack_shortlink":"https:\/\/wp.me\/p2ZUr0-1u7","jetpack_sharing_enabled":true,"_links":{"self":[{"href":"https:\/\/www.djk-erlangen.de\/fussball\/index.php?rest_route=\/wp\/v2\/posts\/5711","targetHints":{"allow":["GET"]}}],"collection":[{"href":"https:\/\/www.djk-erlangen.de\/fussball\/index.php?rest_route=\/wp\/v2\/posts"}],"about":[{"href":"https:\/\/www.djk-erlangen.de\/fussball\/index.php?rest_route=\/wp\/v2\/types\/post"}],"author":[{"embeddable":true,"href":"https:\/\/www.djk-erlangen.de\/fussball\/index.php?rest_route=\/wp\/v2\/users\/32"}],"replies":[{"embeddable":true,"href":"https:\/\/www.djk-erlangen.de\/fussball\/index.php?rest_route=%2Fwp%2Fv2%2Fcomments&post=5711"}],"version-history":[{"count":3,"href":"https:\/\/www.djk-erlangen.de\/fussball\/index.php?rest_route=\/wp\/v2\/posts\/5711\/revisions"}],"predecessor-version":[{"id":5714,"href":"https:\/\/www.djk-erlangen.de\/fussball\/index.php?rest_route=\/wp\/v2\/posts\/5711\/revisions\/5714"}],"wp:attachment":[{"href":"https:\/\/www.djk-erlangen.de\/fussball\/index.php?rest_route=%2Fwp%2Fv2%2Fmedia&parent=5711"}],"wp:term":[{"taxonomy":"category","embeddable":true,"href":"https:\/\/www.djk-erlangen.de\/fussball\/index.php?rest_route=%2Fwp%2Fv2%2Fcategories&post=5711"},{"taxonomy":"post_tag","embeddable":true,"href":"https:\/\/www.djk-erlangen.de\/fussball\/index.php?rest_route=%2Fwp%2Fv2%2Ftags&post=5711"}],"curies":[{"name":"wp","href":"https:\/\/api.w.org\/{rel}","templated":true}]}}