{"id":5707,"date":"2011-03-07T10:25:18","date_gmt":"2011-03-07T09:25:18","guid":{"rendered":"http:\/\/www.djk-erlangen.de\/fussball\/?p=5707"},"modified":"2011-03-07T10:25:36","modified_gmt":"2011-03-07T09:25:36","slug":"gelungener-einstand-des-neuen-f1-trainerkollegen-deniz-und-erfolgreicher-abschluss-der-hallensaison","status":"publish","type":"post","link":"https:\/\/www.djk-erlangen.de\/fussball\/?p=5707","title":{"rendered":"Gelungener Einstand des neuen F1-Trainerkollegen Deniz und erfolgreicher Abschluss der Hallensaison"},"content":{"rendered":"<p>Am fr\u00fchen Sonntagmorgen f\u00fchrte uns die Fahrt zu unseren Freunden der DJK Don Bosco Bamberg, die ihren 11. Frankencup veranstalteten.<\/p>\n<p>Bedingt durch Ferien und Krankheiten war es eine in ungewohnter Zusammenstellung antretende Truppe, die sich auf den Weg machte.<br \/>\nEs sollte der erste offizielle Auftritt unseres neuen F1-Trainers Deniz sein, Trainerkollege Peter weilte im verdienten Faschingsurlaub, und zugleich der letzte Hallenauftritt der Saison. <!--more--><\/p>\n<p>Auch wenn im ersten Spiel gegen den FC aus Lichtenfels zun\u00e4chst noch deutlich war, dass die Jungs sich im Zusammenspiel finden mussten, legten sie gleich mal ordentlich los und verschafften sich auch bei den anderen Mannschaften Respekt. Benedikt begann mit einem herrlichen Tor in der 2. Minute und unser Neuzugang Arijan legte in der 4. Minute zum 2:0 nach. Als dann Benedikt in der 5. Minute zum 3:0 erh\u00f6hte, hie\u00df es unter den mitgereisten Eltern und Betreuern bereits, man wolle jetzt das gleiche Ergebnis wie gestern der Club und vor allem unsere Jungs wollten das auch. Also gesagt, getan: Oliver erzielte mit einem sehenswerten Distanzschuss in der 6. Minute das 4:0 und Benedikt erh\u00f6hte 1 Minute sp\u00e4ter auf den verdienten Endstand von 5:0.<\/p>\n<p>Im zweiten Spiel trafen wir auf Don Bosco Bamberg I, ein Duell, das in der Vergangenheit in der Halle und im Freien immer ein Garant f\u00fcr spannende Spiele war. Los ging\u2019s in der 1. Minute erst mal mit dem ern\u00fcchternden F\u00fchrungstor f\u00fcr die Gastgeber. Aber passend zur heutigen Mannschafts-stimmung rappelten sich unsere Jungs sofort wieder auf und Alex erzielte nach einer sch\u00f6nen Einzelaktion den Ausgleich (2. Minute). Nach einer Ecke von Oliver versenkte unser heute im Abschluss \u00fcberragender Benedikt die Kugel zum 2:1 in der 5. Minute. Ein Freisto\u00df durch Oliver, der von der Mittellinie aus im gegnerischen Tor versenkt wurde, wurde leider nicht anerkannt, obwohl unserer Meinung nach der Torwart mit den Fingerspitzen dran war. Egal, Schiedsrichterentscheidung z\u00e4hlt und Arijan erh\u00f6hte in der 8. Minute zun\u00e4chst auf 3:1, in der Schlussminute dann nach einem sehenswerten \u00dcbersteiger, mit dem er den Gegner stehen lie\u00df, sogar noch auf 4:1.<br \/>\nDamit war klar: wir sind im Halbfinale.<\/p>\n<p>Das letzte Vorrundenspiel, das war uns aus den Spielbeobachtungen schon klar, wurde das schwerste. Der Gegner TSV Hirschaid stand ebenfalls schon im Halbfinale, es ging um den Gruppensieg. Beide Mannschaften schenkten sich nichts, es gab mehrere Chancen auf beiden Seiten. Es dauerte bis zur 5. Minute, bis Benedikt das 1:0 erzielte. Dass in der 8. Minute der Ausgleich fiel konnte die DJK nicht ersch\u00fcttern, eine Minute sp\u00e4ter erzielte, na wer wohl, Benedikt den Treffer zum 2:1 Endstand.<\/p>\n<p>Der Gegner im Halbfinale hie\u00df Post SV Bamberg. Bis zur 7. Minute mussten die Jungs und ihr Anhang warten bis das 1:0 durch Arijan fiel. Noch in derselben Spielminute musste sich dann unser heute als Torwart eingesprungener Rick geschlagen geben und es stand 1:1. Aber auch jetzt wollte die Mannschaft gemeinsam mehr und so erzielten folgerichtig Benedikt in der 8. und Oliver mit einem Fernschuss in der 9.Minute die Treffer zum 3:1 Endstand. Somit hie\u00df es: FINALE!!<\/p>\n<p>Im Finale stand uns erneut der TSV Hirschaid gegen\u00fcber und der Gegner zeigte uns von der ersten Sekunde an, dass er hei\u00df darauf war, die Niederlage aus der Vorrunde vergessen zu machen. In dieser Partie mussten unsere Jungs jetzt leider realisieren, dass sie kein eingespieltes Team waren. Folgerichtig war der Gegner jetzt doch st\u00e4rker als wir und erzielte in der 2., 4., 5. und 9. Minute die Treffer zum 4:0. Das Ergebnis fiel in dieser H\u00f6he zwar um ein bis zwei Tore zu hoch aus, letztendlich ist der TSV Hirschaid aber ein verdienter Turniersieger, dem wir an dieser Stelle auch hierzu gratulieren wollen.<\/p>\n<p>Unsere zusammengew\u00fcrfelte Mannschaft hat sich pr\u00e4chtig geschlagen und mit einem tollen 2. Platz bei diesem Turnier kann man abschlie\u00dfend durchaus von einer erfolgreichen Hallensaison 2010\/2011 sprechen!<\/p>\n<p>Unser neuer Trainerkollege Deniz hat sich prima eingef\u00fchrt, die Kinder m\u00f6gen ihn, er kann gut mit den Kindern arbeiten und somit werden wir noch viel Freude miteinander haben!<\/p>\n<p><span style=\"text-decoration: underline;\">Abschlusstabelle:<\/span><\/p>\n<p>1.\u00a0\u00a0\u00a0\u00a0\u00a0\u00a0\u00a0\u00a0\u00a0\u00a0\u00a0 TSV Hirschaid<br \/>\n2.\u00a0\u00a0\u00a0\u00a0\u00a0\u00a0\u00a0\u00a0\u00a0\u00a0\u00a0 DJK Erlangen<br \/>\n3.\u00a0\u00a0\u00a0\u00a0\u00a0\u00a0\u00a0\u00a0\u00a0\u00a0\u00a0 Post SV<br \/>\n4.\u00a0\u00a0\u00a0\u00a0\u00a0\u00a0\u00a0\u00a0\u00a0\u00a0\u00a0 DJK Don Bosco Bamberg 2<br \/>\n5.\u00a0\u00a0\u00a0\u00a0\u00a0\u00a0\u00a0\u00a0\u00a0\u00a0\u00a0 DJK Don Bosco Bamberg 1<br \/>\n6.\u00a0\u00a0\u00a0\u00a0\u00a0\u00a0\u00a0\u00a0\u00a0\u00a0\u00a0 Reundorf<br \/>\n7.\u00a0\u00a0\u00a0\u00a0\u00a0\u00a0\u00a0\u00a0\u00a0\u00a0\u00a0 1.FC Lichtenfels<br \/>\n8.\u00a0\u00a0\u00a0\u00a0\u00a0\u00a0\u00a0\u00a0\u00a0\u00a0\u00a0 ASV Gaustadt<\/p>\n<p><span style=\"text-decoration: underline;\">DJK-Aufgebot:<br \/>\n<\/span>Alex, Arijan, Benedikt, Ermal, Manuel, Momo, Oliver (C), Rick<\/p>\n<p><span style=\"text-decoration: underline;\">Tore f\u00fcr die DJK:<br \/>\n<\/span>Benedikt (7), Arijan (4), Oliver (2), Alex (1)<\/p>\n<p>Verfasser des Berichts: Matthias<\/p>\n","protected":false},"excerpt":{"rendered":"<p>Am fr\u00fchen Sonntagmorgen f\u00fchrte uns die Fahrt zu unseren Freunden der DJK Don Bosco Bamberg, die ihren 11. Frankencup veranstalteten. Bedingt durch Ferien und Krankheiten war es eine in ungewohnter Zusammenstellung antretende Truppe, die sich auf den Weg machte. Es &hellip; <a href=\"https:\/\/www.djk-erlangen.de\/fussball\/?p=5707\">Weiterlesen <span class=\"meta-nav\">&rarr;<\/span><\/a><\/p>\n","protected":false},"author":32,"featured_media":0,"comment_status":"open","ping_status":"closed","sticky":false,"template":"","format":"standard","meta":{"jetpack_post_was_ever_published":false,"_jetpack_newsletter_access":"","_jetpack_dont_email_post_to_subs":false,"_jetpack_newsletter_tier_id":0,"_jetpack_memberships_contains_paywalled_content":false,"_jetpack_memberships_contains_paid_content":false,"footnotes":"","jetpack_publicize_message":"","jetpack_publicize_feature_enabled":true,"jetpack_social_post_already_shared":false,"jetpack_social_options":{"image_generator_settings":{"template":"highway","default_image_id":0,"font":"","enabled":false},"version":2}},"categories":[1,15],"tags":[],"class_list":["post-5707","post","type-post","status-publish","format-standard","hentry","category-allgemein","category-u9-f1"],"jetpack_publicize_connections":[],"jetpack_featured_media_url":"","jetpack_shortlink":"https:\/\/wp.me\/p2ZUr0-1u3","jetpack_sharing_enabled":true,"_links":{"self":[{"href":"https:\/\/www.djk-erlangen.de\/fussball\/index.php?rest_route=\/wp\/v2\/posts\/5707","targetHints":{"allow":["GET"]}}],"collection":[{"href":"https:\/\/www.djk-erlangen.de\/fussball\/index.php?rest_route=\/wp\/v2\/posts"}],"about":[{"href":"https:\/\/www.djk-erlangen.de\/fussball\/index.php?rest_route=\/wp\/v2\/types\/post"}],"author":[{"embeddable":true,"href":"https:\/\/www.djk-erlangen.de\/fussball\/index.php?rest_route=\/wp\/v2\/users\/32"}],"replies":[{"embeddable":true,"href":"https:\/\/www.djk-erlangen.de\/fussball\/index.php?rest_route=%2Fwp%2Fv2%2Fcomments&post=5707"}],"version-history":[{"count":3,"href":"https:\/\/www.djk-erlangen.de\/fussball\/index.php?rest_route=\/wp\/v2\/posts\/5707\/revisions"}],"predecessor-version":[{"id":5709,"href":"https:\/\/www.djk-erlangen.de\/fussball\/index.php?rest_route=\/wp\/v2\/posts\/5707\/revisions\/5709"}],"wp:attachment":[{"href":"https:\/\/www.djk-erlangen.de\/fussball\/index.php?rest_route=%2Fwp%2Fv2%2Fmedia&parent=5707"}],"wp:term":[{"taxonomy":"category","embeddable":true,"href":"https:\/\/www.djk-erlangen.de\/fussball\/index.php?rest_route=%2Fwp%2Fv2%2Fcategories&post=5707"},{"taxonomy":"post_tag","embeddable":true,"href":"https:\/\/www.djk-erlangen.de\/fussball\/index.php?rest_route=%2Fwp%2Fv2%2Ftags&post=5707"}],"curies":[{"name":"wp","href":"https:\/\/api.w.org\/{rel}","templated":true}]}}