{"id":5630,"date":"2011-02-26T20:47:15","date_gmt":"2011-02-26T19:47:15","guid":{"rendered":"http:\/\/www.djk-erlangen.de\/fussball\/?p=5630"},"modified":"2011-02-26T20:47:46","modified_gmt":"2011-02-26T19:47:46","slug":"c2-vizemeister-bei-den-hallenkreismeisterschaften","status":"publish","type":"post","link":"https:\/\/www.djk-erlangen.de\/fussball\/?p=5630","title":{"rendered":"C2 Vizemeister bei den Hallenkreismeisterschaften"},"content":{"rendered":"<p style=\"text-align: justify;\">Herzlichen Gl\u00fcckwunsch den Jungs von der C2 zu diesem tollen Erfolg.<!--more--><\/p>\n<p style=\"text-align: justify;\">Nachdem bereits beide Vorrundenturniere gewonnen wurden, waren die Chancen auf eine gute Platzierung bei der Endrunde mit 8 Mannschaften recht hoch. In der Sporthalle in Eckental wurden die Erwartung auch erf\u00fcllt. Erst im Finale gegen den FSC Bruck wurden die Grenzen aufgezeigt. Auch den Bruckern herzliche Gl\u00fcckw\u00fcnsche, welche die gesamte Hallenrunde ohne Punktverlust abgeschlossen haben.<\/p>\n<p style=\"text-align: justify;\">Jetzt aber raus aus der Halle, damit endlich wieder richtiger Fu\u00dfball gespielt wird.<\/p>\n","protected":false},"excerpt":{"rendered":"<p>Herzlichen Gl\u00fcckwunsch den Jungs von der C2 zu diesem tollen Erfolg.<\/p>\n","protected":false},"author":9,"featured_media":0,"comment_status":"open","ping_status":"closed","sticky":false,"template":"","format":"standard","meta":{"jetpack_post_was_ever_published":false,"_jetpack_newsletter_access":"","_jetpack_dont_email_post_to_subs":false,"_jetpack_newsletter_tier_id":0,"_jetpack_memberships_contains_paywalled_content":false,"_jetpack_memberships_contains_paid_content":false,"footnotes":"","jetpack_publicize_message":"","jetpack_publicize_feature_enabled":true,"jetpack_social_post_already_shared":false,"jetpack_social_options":{"image_generator_settings":{"template":"highway","default_image_id":0,"font":"","enabled":false},"version":2}},"categories":[11],"tags":[],"class_list":["post-5630","post","type-post","status-publish","format-standard","hentry","category-u15"],"jetpack_publicize_connections":[],"jetpack_featured_media_url":"","jetpack_shortlink":"https:\/\/wp.me\/p2ZUr0-1sO","jetpack_sharing_enabled":true,"_links":{"self":[{"href":"https:\/\/www.djk-erlangen.de\/fussball\/index.php?rest_route=\/wp\/v2\/posts\/5630","targetHints":{"allow":["GET"]}}],"collection":[{"href":"https:\/\/www.djk-erlangen.de\/fussball\/index.php?rest_route=\/wp\/v2\/posts"}],"about":[{"href":"https:\/\/www.djk-erlangen.de\/fussball\/index.php?rest_route=\/wp\/v2\/types\/post"}],"author":[{"embeddable":true,"href":"https:\/\/www.djk-erlangen.de\/fussball\/index.php?rest_route=\/wp\/v2\/users\/9"}],"replies":[{"embeddable":true,"href":"https:\/\/www.djk-erlangen.de\/fussball\/index.php?rest_route=%2Fwp%2Fv2%2Fcomments&post=5630"}],"version-history":[{"count":3,"href":"https:\/\/www.djk-erlangen.de\/fussball\/index.php?rest_route=\/wp\/v2\/posts\/5630\/revisions"}],"predecessor-version":[{"id":5633,"href":"https:\/\/www.djk-erlangen.de\/fussball\/index.php?rest_route=\/wp\/v2\/posts\/5630\/revisions\/5633"}],"wp:attachment":[{"href":"https:\/\/www.djk-erlangen.de\/fussball\/index.php?rest_route=%2Fwp%2Fv2%2Fmedia&parent=5630"}],"wp:term":[{"taxonomy":"category","embeddable":true,"href":"https:\/\/www.djk-erlangen.de\/fussball\/index.php?rest_route=%2Fwp%2Fv2%2Fcategories&post=5630"},{"taxonomy":"post_tag","embeddable":true,"href":"https:\/\/www.djk-erlangen.de\/fussball\/index.php?rest_route=%2Fwp%2Fv2%2Ftags&post=5630"}],"curies":[{"name":"wp","href":"https:\/\/api.w.org\/{rel}","templated":true}]}}