{"id":5551,"date":"2011-02-19T16:49:43","date_gmt":"2011-02-19T15:49:43","guid":{"rendered":"http:\/\/www.djk-erlangen.de\/fussball\/?p=5551"},"modified":"2011-02-23T11:21:16","modified_gmt":"2011-02-23T10:21:16","slug":"holpriger-auftakt-in-die-freiluftsaison","status":"publish","type":"post","link":"https:\/\/www.djk-erlangen.de\/fussball\/?p=5551","title":{"rendered":"Holpriger Auftakt in die Freiluftsaison"},"content":{"rendered":"<p>Das f\u00fcr den heutigen Samstag morgen anberaumte Training wurde kurzfristig in ein Vorbereitungsspiel getauscht. Zum Aufgalopp gastierte die SpVgg Erlangen aus dem Stadtosten am Wiesenweg.<\/p>\n<p><!--more--><br \/>\nAuch wenn f\u00fcr uns dieser Vergleich eigentlich 3-4 Wochen zu fr\u00fch kam, da wir erst eine Einheit im Freien absolviert hatten, spielte eine stark ver\u00e4nderte F-1 eine hervorragende erste H\u00e4lfte. Man merkte ganz deutlich, dass in der Abstimmung noch sehr viel Sand im Getriebe war. Einzig unser eingespielter Defensivblock stand gewohnt sicher und lie\u00df nichts anbrennen. Vorne war St\u00fcrmer Benedikt mehr oder weniger auf sich alleine gestellt, da ihm die Unterst\u00fctzung aus dem Mittelfeld fehlte. So sehr sich auch die Nachr\u00fccker aus der F-2 bem\u00fchten, so richtig wollte es nicht gelingen. So waren die vereinzelten Torchancen ein reines Zufallsprodukt.<\/p>\n<p>Die wenigen Torchancen der G\u00e4ste wurden in gewohnt sicherer Manier gekl\u00e4rt und so wechselte man mit einem torlosen Remis die Seiten.<\/p>\n<p>Im zweiten Spielabschnitt waren wir dran, in der Anfangsperiode ein wenig das Heft in die Hand zu nehmen. Jedoch fehlte uns irgendwie die Kaltschn\u00e4uzigkeit vor des Gegners Geh\u00e4use. Auf dem mittlerweile immer schwerer bespielbaren Gr\u00fcn im Wiesengrund merkte man mit zunehmender Spieldauer, dass aufgrund der intensiven Traininingseinheiten der Woche die Kr\u00e4fte bei den Wiesenwegbuben schwanden und so auch die Konzentration ein wenig nachlie\u00df. Eine Folge dieser Unachtsamkeiten war dann die F\u00fchrung durch die G\u00e4ste.<\/p>\n<p>Man versuchte sich nochmals aufzurappeln, aber mit nur 4-5 Spielern, welche mit Ernst, Engagement und Leidenschaft bei der Sache sind, war es schwer, das Ruder nochmals herum zu rei\u00dfen. Folgerichtig kassierten wir einen erneuten Gegentreffer.<\/p>\n<p>Auch nach diesem Gegentor war keinerlei Resignation zu sp\u00fcren und die Mannschaft war auf Schadensbegrenzung bedacht. Die eine oder andere Chance zur Ergebniskorrektur war gegeben, es hat aber nicht sollen sein. So gelang der Spieli der dritte Treffer in der heutigen Begegung und nun war allen Au\u00dfenstehenden klar, hier ist heute nichts mehr zu holen. Seine herausragende Leistung in diesem Spiel h\u00e4tte unser Au\u00dfenverteidiger Johannes 3 Minuten vor Schlu\u00df kr\u00f6nen k\u00f6nnen! Hannes tankte sich aus der eigenen H\u00e4lfte mit einer l\u00e4uferischen Topleistung gegen die gesamte Spieli durch und spitzelte den Ball im Anschluss nur ganz knapp neben das Geh\u00e4use.<br \/>\nSchade &#8230; diese fulminante Einzelleistung h\u00e4tte ein Tor verdient gehabt!<\/p>\n<p>Ein verletzungsbedingter Ausfall unseres einzigen St\u00fcrmers zwang das Trainerduo zu einer Systemumstellung, welche in der Findungsphase die Spieli eiskalt ausnutzte und das vierte Tor erzielte. Mit diesem Ergebnis endete auch dieses erste Testspiel, was sicherlich noch keinerlei Standortbestimmung darstellt, sondern vielmehr aufzeigte, woran in den n\u00e4chsten Wochen bis zum Rundenauftakt hart gearbeitet werden mu\u00df.<\/p>\n<p>Das Endergebnis spiegelt sicherlich nicht den Spielverlauf wieder, und ist vielleicht um 1-2 Tore zu hoch ausgefallen, aber f\u00fcr die ersten Gehversuche auf dem gr\u00fcnen Rasen k\u00f6nnen wir mit der phasenweise guten Leistung unserer Jungs mehr als zufrieden sein.<\/p>\n<p>Ein ganz gro\u00dfes Lob an unsere etablierten Spieler, welche an ihre \u00fcberdurchschnittlichen Leistungen der Vergangenheit nahtlos ankn\u00fcpften und uneingeschr\u00e4nkt als Vorbilder und Mentoren f\u00fcr die neue Truppe fungieren!<\/p>\n<p>Bis zum Saisonauftakt erwartet uns noch sehr viel Arbeit auf und neben dem Trainingsplatz. &#8230; jetzt freuen wir uns erstmal auf den 1. DJK Kinderfasching am Sonntag Nachmittag.<\/p>\n<p><span style=\"text-decoration: underline;\">DJK Aufgebot:<\/span><br \/>\nLuis; Johannes; Daniel; Alex; Oliver; Lorenz; Rick; Benedikt; Franz; Ermal<\/p>\n<p><span style=\"text-decoration: underline;\">Tore:<\/span><br \/>\nFehlanzeige<\/p>\n","protected":false},"excerpt":{"rendered":"<p>Das f\u00fcr den heutigen Samstag morgen anberaumte Training wurde kurzfristig in ein Vorbereitungsspiel getauscht. Zum Aufgalopp gastierte die SpVgg Erlangen aus dem Stadtosten am Wiesenweg.<\/p>\n","protected":false},"author":32,"featured_media":0,"comment_status":"open","ping_status":"closed","sticky":false,"template":"","format":"standard","meta":{"jetpack_post_was_ever_published":false,"_jetpack_newsletter_access":"","_jetpack_dont_email_post_to_subs":false,"_jetpack_newsletter_tier_id":0,"_jetpack_memberships_contains_paywalled_content":false,"_jetpack_memberships_contains_paid_content":false,"footnotes":"","jetpack_publicize_message":"","jetpack_publicize_feature_enabled":true,"jetpack_social_post_already_shared":false,"jetpack_social_options":{"image_generator_settings":{"template":"highway","default_image_id":0,"font":"","enabled":false},"version":2}},"categories":[15],"tags":[],"class_list":["post-5551","post","type-post","status-publish","format-standard","hentry","category-u9-f1"],"jetpack_publicize_connections":[],"jetpack_featured_media_url":"","jetpack_shortlink":"https:\/\/wp.me\/p2ZUr0-1rx","jetpack_sharing_enabled":true,"_links":{"self":[{"href":"https:\/\/www.djk-erlangen.de\/fussball\/index.php?rest_route=\/wp\/v2\/posts\/5551","targetHints":{"allow":["GET"]}}],"collection":[{"href":"https:\/\/www.djk-erlangen.de\/fussball\/index.php?rest_route=\/wp\/v2\/posts"}],"about":[{"href":"https:\/\/www.djk-erlangen.de\/fussball\/index.php?rest_route=\/wp\/v2\/types\/post"}],"author":[{"embeddable":true,"href":"https:\/\/www.djk-erlangen.de\/fussball\/index.php?rest_route=\/wp\/v2\/users\/32"}],"replies":[{"embeddable":true,"href":"https:\/\/www.djk-erlangen.de\/fussball\/index.php?rest_route=%2Fwp%2Fv2%2Fcomments&post=5551"}],"version-history":[{"count":10,"href":"https:\/\/www.djk-erlangen.de\/fussball\/index.php?rest_route=\/wp\/v2\/posts\/5551\/revisions"}],"predecessor-version":[{"id":5608,"href":"https:\/\/www.djk-erlangen.de\/fussball\/index.php?rest_route=\/wp\/v2\/posts\/5551\/revisions\/5608"}],"wp:attachment":[{"href":"https:\/\/www.djk-erlangen.de\/fussball\/index.php?rest_route=%2Fwp%2Fv2%2Fmedia&parent=5551"}],"wp:term":[{"taxonomy":"category","embeddable":true,"href":"https:\/\/www.djk-erlangen.de\/fussball\/index.php?rest_route=%2Fwp%2Fv2%2Fcategories&post=5551"},{"taxonomy":"post_tag","embeddable":true,"href":"https:\/\/www.djk-erlangen.de\/fussball\/index.php?rest_route=%2Fwp%2Fv2%2Ftags&post=5551"}],"curies":[{"name":"wp","href":"https:\/\/api.w.org\/{rel}","templated":true}]}}