{"id":5531,"date":"2011-02-18T12:32:31","date_gmt":"2011-02-18T11:32:31","guid":{"rendered":"http:\/\/www.djk-erlangen.de\/fussball\/?p=5531"},"modified":"2011-02-18T12:33:08","modified_gmt":"2011-02-18T11:33:08","slug":"die-halle-ist-nicht-unser-ding","status":"publish","type":"post","link":"https:\/\/www.djk-erlangen.de\/fussball\/?p=5531","title":{"rendered":"Die Halle ist nicht unser Ding"},"content":{"rendered":"<p>Am fr\u00fchen Nachmittag des 6.2. traten wir zur 2 Vorrunde der HKM in Adelsdorf an. Nach dem nicht optimalen Auftakt in die HKM wollten die Wiesenwegbrasilianer nun einiges gut machen. Es warteten jedoch durchaus attraktive Gegner, die sicher ein W\u00f6rtchen mitreden wollten. <!--more--><\/p>\n<p>So trafen wir auf den Nachbarn TV48, den 1. FC Herzogenaurach, TSV Frauenaurach und SV Muggendorf.<\/p>\n<p>Gleich in der zweiten Begegnung des Tages trafen wir auf den TV48. Der TV48 zog ein teilweise beeindruckendes Kombinationsspiel auf und schaffte es immer wieder, sich im R\u00fccken unserer Abwehr freizulaufen. Nach guter Chancenverwertung ging das 1. Spiel nicht unverdient mit 3:0 verloren.<\/p>\n<p>Trainer P. Lober zog sich mit unseren Jungs zur\u00fcck. In der n\u00e4chsten Begegnung tarfen wir auf den SV Muggendorf, uns bestens aus der 1. Vorrunde als sicherer 3 Punktelieferant bekannt. Doch die Zuschauer rieben sich verwundert die Augen. Die Muggendorfer Jungs spielten richtig gut auf und konnten zur Mitte der Partie 1:0 in F\u00fchrung gehen. Nun b\u00e4umten sich unsere Wiesenwegbrasilianer nochmal richtig auf. Kurz vor Ende in der 8. min gab es einen Freisto\u00df f\u00fcr uns von aussichtsreicher Position. Den Ball versenkte Rick, leider direkt, aber\u00a0Klasse durch die halbe generische Mannschaft im kurzen Eck, alles jubelte, die Anzeigentafel zeigte das 1:1, am Ende wurde das Tor vom Schiri doch nicht anerkannt. Somit ging auch die 2. Partie, allerdings ungl\u00fccklich, verloren.<\/p>\n<p>Im 3. Spiel der Runde trafen wir auf unsere bestens bekannten TSV Kicker aus Frauenaurach. Die Wiesenwegbuben spielten das beste Spiel an diesem Tag. Nach einem schnellen Tempovorsto\u00df durch Rick \u00fcber die rechte Seite, versenkte er den Ball durch einen Klasse Schu\u00df aus ca. 15m ins lange obere Eck. Gegenspieler und Torwart konnten nur erstaunt zusehen. Das Tor gab den ersehnten Auftrieb. Unsere Jungs versuchten nun den Vorsprung auszubauen und den Gegner in die eigene H\u00e4lfte zur\u00fcckzudr\u00e4ngen. Das klappte auch zeitweise ganz gut. In der 4. min landete ein Absto\u00df des TSV Torwarts vor Ricks F\u00fc\u00dfen, der den Ball postwendend zur 2:0 F\u00fchrung im Netz versenkte. Nun begann das Offensivspiel unserer Wiesenwegbrasilianer richtig Fahrt aufzunehmen, angefeuert von den Fans. In diese Drangphase schaffte der TSV jedoch in der 6. min den Anschlu\u00dftreffer. Das sorgte f\u00fcr etwas Verwirrung in den DJK Reihen.\u00a01 min vor Schlu\u00df nutzte der TSV einen quer vorm Tor gespielten Ball\u00a0zum Ausgleich. Ein Verteidiger\u00a0h\u00e4mmerte den Ball aus vollem Lauf unhaltbar unter die Latte. Wieder keine 3 Punkte, es war zum verzweifeln.<\/p>\n<p>Nun stand noch das letzte Spiel des Tages gegen die Pumas an. Mit einem Sieg h\u00e4tte man sicher nicht genug Punkte gesammelt, um in die Halbfinalrunde der\u00a0HKM einzuziehen, f\u00fcr eine Platzierung auf Platz 3 oder mit etwas Gl\u00fcck Platz 2 in dieser Gruppe h\u00e4tte es jedoch reichen k\u00f6nnen.<\/p>\n<p>Beim letzten Spiel war dann\u00a0jedoch die Luft raus und so verabschiedeten wir uns mit einer 0:2 Niederlage und Gruppenletzter an diesem Tag aus der HKM.<\/p>\n<p>Alle Jungs und Fans blicken nun erwartungsvoll nach vorn auf die kommende Freiluftsaison. Einhellige Meinung unter den Spielern: &#8222;Die Halle ist nicht unser Ding.&#8220;.<\/p>\n","protected":false},"excerpt":{"rendered":"<p>Am fr\u00fchen Nachmittag des 6.2. traten wir zur 2 Vorrunde der HKM in Adelsdorf an. Nach dem nicht optimalen Auftakt in die HKM wollten die Wiesenwegbrasilianer nun einiges gut machen. Es warteten jedoch durchaus attraktive Gegner, die sicher ein W\u00f6rtchen &hellip; <a href=\"https:\/\/www.djk-erlangen.de\/fussball\/?p=5531\">Weiterlesen <span class=\"meta-nav\">&rarr;<\/span><\/a><\/p>\n","protected":false},"author":32,"featured_media":0,"comment_status":"open","ping_status":"closed","sticky":false,"template":"","format":"standard","meta":{"jetpack_post_was_ever_published":false,"_jetpack_newsletter_access":"","_jetpack_dont_email_post_to_subs":false,"_jetpack_newsletter_tier_id":0,"_jetpack_memberships_contains_paywalled_content":false,"_jetpack_memberships_contains_paid_content":false,"footnotes":"","jetpack_publicize_message":"","jetpack_publicize_feature_enabled":true,"jetpack_social_post_already_shared":false,"jetpack_social_options":{"image_generator_settings":{"template":"highway","default_image_id":0,"font":"","enabled":false},"version":2}},"categories":[1],"tags":[],"class_list":["post-5531","post","type-post","status-publish","format-standard","hentry","category-allgemein"],"jetpack_publicize_connections":[],"jetpack_featured_media_url":"","jetpack_shortlink":"https:\/\/wp.me\/p2ZUr0-1rd","jetpack_sharing_enabled":true,"_links":{"self":[{"href":"https:\/\/www.djk-erlangen.de\/fussball\/index.php?rest_route=\/wp\/v2\/posts\/5531","targetHints":{"allow":["GET"]}}],"collection":[{"href":"https:\/\/www.djk-erlangen.de\/fussball\/index.php?rest_route=\/wp\/v2\/posts"}],"about":[{"href":"https:\/\/www.djk-erlangen.de\/fussball\/index.php?rest_route=\/wp\/v2\/types\/post"}],"author":[{"embeddable":true,"href":"https:\/\/www.djk-erlangen.de\/fussball\/index.php?rest_route=\/wp\/v2\/users\/32"}],"replies":[{"embeddable":true,"href":"https:\/\/www.djk-erlangen.de\/fussball\/index.php?rest_route=%2Fwp%2Fv2%2Fcomments&post=5531"}],"version-history":[{"count":3,"href":"https:\/\/www.djk-erlangen.de\/fussball\/index.php?rest_route=\/wp\/v2\/posts\/5531\/revisions"}],"predecessor-version":[{"id":5534,"href":"https:\/\/www.djk-erlangen.de\/fussball\/index.php?rest_route=\/wp\/v2\/posts\/5531\/revisions\/5534"}],"wp:attachment":[{"href":"https:\/\/www.djk-erlangen.de\/fussball\/index.php?rest_route=%2Fwp%2Fv2%2Fmedia&parent=5531"}],"wp:term":[{"taxonomy":"category","embeddable":true,"href":"https:\/\/www.djk-erlangen.de\/fussball\/index.php?rest_route=%2Fwp%2Fv2%2Fcategories&post=5531"},{"taxonomy":"post_tag","embeddable":true,"href":"https:\/\/www.djk-erlangen.de\/fussball\/index.php?rest_route=%2Fwp%2Fv2%2Ftags&post=5531"}],"curies":[{"name":"wp","href":"https:\/\/api.w.org\/{rel}","templated":true}]}}