{"id":5394,"date":"2011-01-19T22:05:59","date_gmt":"2011-01-19T21:05:59","guid":{"rendered":"http:\/\/www.djk-erlangen.de\/fussball\/?p=5394"},"modified":"2011-03-14T22:40:13","modified_gmt":"2011-03-14T21:40:13","slug":"3-vorrunde-zur-hallenkreismeisterschaft","status":"publish","type":"post","link":"https:\/\/www.djk-erlangen.de\/fussball\/?p=5394","title":{"rendered":"3. Vorrunde zur Hallenkreismeisterschaft"},"content":{"rendered":"<p>So, nun war es soweit. Die 3. Vorrunde zur Hallenkreismeisterschaft in der Halle in R\u00f6ttenbach stand an.<br \/>\nLeider war unser letztes Hallentraining schon ein paar Wochen her. Aber das wollten wir nicht als Ausrede gelten lassen. Wir hatten uns f\u00fcr das Turnier viel vorgenommen.<\/p>\n<p><!--more-->Mit folgenden Gegnern hatten wir es zu tun:<\/p>\n<ul>\n<li>1. FC Dechsendorf<\/li>\n<li>SV Pretzfeld<\/li>\n<li>SV Weilersbach<\/li>\n<li>ASV Niederndorf<\/li>\n<\/ul>\n<p>Gespielt wurde wieder je Spiel 9 Minuten <em>(ohne Seitenwechsel).<\/em><\/p>\n<p>Das erste Spiel war gegen Gro\u00dfdechsendorf und dieses\u00a0Spiel wurde fast zu einem Desaster. Bereits nach ca. 4 Minuten mussten wir einen 4:0 R\u00fcckstand hinnehmen. Sicherlich waren die Dechsendorfer in einzelnen Spielz\u00fcgen \u00fcberlegen. Insgesamt aber mussten wir den schnellen R\u00fcckstand aufgrund unserer alten &#8222;Krankheit&#8220;, die ersten 5 Minuten zu verschlafen, hinnehmen. Es dauerte also auch nicht lange, und wir lagen mit 5:0 hinten. Aber unsere Jungs konnten doch noch zeigen, dass sie auch Fu\u00dfball spielen k\u00f6nnen. Insgesamt konnten wir noch 2 tolle Spielz\u00fcge erfolgreich zum Abschluss bringen. Die beiden Tore erzielten Max und Maxi. Insgesamt ging das Spiel mit 6:2 verloren.<br \/>\nJetzt zeigte sich auch, dass die Moral der Mannschaft doch ziemlich am Boden war. Unmittelbar nach dem Spiel zur Kurzbesprechung haben sich gleich 3 Spieler verletzt gemeldet: &#8222;ich kann nicht mehr &#8220; oder &#8222;ich will nicht mehr&#8220; . Hier einmal ein gro\u00dfes Lob an unseren Trainer Thomas. Ich wei\u00df nicht, was er mit Ihnen besprochen hat. Aber zum zweiten Spiel waren wieder alle mit an Bord!<\/p>\n<p>Das zweite Spiel haben wir zwar auch verloren. Aber in diesem Spiel zeigte sich eine ganz andere Moral. Wir gingen mit einem tollen Spielzug, der von Timo wundersch\u00f6n abgeschlossen wurde, in F\u00fchrung. Leider konnten wir dieses Ergebnis nicht halten. Obwohl doch noch die eine oder andere Chance vorhanden war. Aber wie das so ist, wenn du vorne nicht triffst, kassierst du eins (oder zwei) hinten. Aber was ich wirklich toll fand, nach der herben Niederlage gegen Dechsedorf wieder so zur\u00fcckzukommen &#8211; Respekt!!!<\/p>\n<p>Das dritte Spiel fand dann gegen den SV Pretzfeld statt. Und hier haben die Jungs dann voll auf Sieg gespielt. Und dies merkte man bei jedem Spielzug. Kein einziger Ball wurde verloren gegeben. Kein Zweikampf aufgegeben. So war es dann auch nicht verwunderlich, dass wir das Spiel mit 3:0 gewonnen haben. Bei jedem Tor merkte man auch,<em> (und das nicht nur bei den Torsch\u00fctzen)<\/em> wie die Spielfreude (wieder) \u00a0vorhanden war. In diesem Spiel zeigte sich endlich auch wieder der Teamgeist. In der Abwehr wurde gerannt und geackert. Egal wie schnell oder trickreich der Gegner versuchte, uns zu \u00fcberrennen &#8211; die Abwehr um Simon, Ferdinand, Tim und Julian war immer zur Stelle. Und wenn wir hier den Ball nach vorne spielen konnten, waren unsere St\u00fcrmer Max, Maxi, Jetemir und Luis immer zur Stelle. Das Tolle aber war, dass der Rollentausch zwischen &#8222;Abwehr&#8220; und &#8222;Sturm&#8220; flie\u00dfend stattfand.<\/p>\n<p>Leider konnten wir den Schwung aus dem dritten Spiel nicht mit in das letzte Spiel gegen ASV Niederndorf mitnehmen. Viel gibt es nicht wirklich zu berichten. Das Spiel ging mit 5:0 verloren. Auch wenn wir die eine oder andere Chance zum Anschlusstreffer hatten, eine wirkliche Chance, das letzte Spiel zu gewinnen, hatten wir nicht.<\/p>\n<p>Fazit:<br \/>\nEin durchwachsenes Turnier &#8211; aber unglaublich toll ist immer wieder die Moral und der Spa\u00df (eben auch gerade bei Niederlagen) die die Jungs zeigen!<\/p>\n<p><em>Dabei waren<\/em>: J\u00f6rn, Timo, Simon, Julian, Ferdinand, Max, Maximilian, Luis, Jetemir<br \/>\n<em>Torsch\u00fctzen:<\/em> Timo <em>(2)<\/em>; Maxi <em>(3)<\/em>;\u00a0Max <em>(1)<\/em><\/p>\n","protected":false},"excerpt":{"rendered":"<p>So, nun war es soweit. Die 3. Vorrunde zur Hallenkreismeisterschaft in der Halle in R\u00f6ttenbach stand an. Leider war unser letztes Hallentraining schon ein paar Wochen her. Aber das wollten wir nicht als Ausrede gelten lassen. Wir hatten uns f\u00fcr &hellip; <a href=\"https:\/\/www.djk-erlangen.de\/fussball\/?p=5394\">Weiterlesen <span class=\"meta-nav\">&rarr;<\/span><\/a><\/p>\n","protected":false},"author":28,"featured_media":0,"comment_status":"open","ping_status":"closed","sticky":false,"template":"","format":"standard","meta":{"jetpack_post_was_ever_published":false,"_jetpack_newsletter_access":"","_jetpack_dont_email_post_to_subs":false,"_jetpack_newsletter_tier_id":0,"_jetpack_memberships_contains_paywalled_content":false,"_jetpack_memberships_contains_paid_content":false,"footnotes":"","jetpack_publicize_message":"","jetpack_publicize_feature_enabled":true,"jetpack_social_post_already_shared":false,"jetpack_social_options":{"image_generator_settings":{"template":"highway","default_image_id":0,"font":"","enabled":false},"version":2}},"categories":[8],"tags":[],"class_list":["post-5394","post","type-post","status-publish","format-standard","hentry","category-u11-e1"],"jetpack_publicize_connections":[],"jetpack_featured_media_url":"","jetpack_shortlink":"https:\/\/wp.me\/p2ZUr0-1p0","jetpack_sharing_enabled":true,"_links":{"self":[{"href":"https:\/\/www.djk-erlangen.de\/fussball\/index.php?rest_route=\/wp\/v2\/posts\/5394","targetHints":{"allow":["GET"]}}],"collection":[{"href":"https:\/\/www.djk-erlangen.de\/fussball\/index.php?rest_route=\/wp\/v2\/posts"}],"about":[{"href":"https:\/\/www.djk-erlangen.de\/fussball\/index.php?rest_route=\/wp\/v2\/types\/post"}],"author":[{"embeddable":true,"href":"https:\/\/www.djk-erlangen.de\/fussball\/index.php?rest_route=\/wp\/v2\/users\/28"}],"replies":[{"embeddable":true,"href":"https:\/\/www.djk-erlangen.de\/fussball\/index.php?rest_route=%2Fwp%2Fv2%2Fcomments&post=5394"}],"version-history":[{"count":8,"href":"https:\/\/www.djk-erlangen.de\/fussball\/index.php?rest_route=\/wp\/v2\/posts\/5394\/revisions"}],"predecessor-version":[{"id":5789,"href":"https:\/\/www.djk-erlangen.de\/fussball\/index.php?rest_route=\/wp\/v2\/posts\/5394\/revisions\/5789"}],"wp:attachment":[{"href":"https:\/\/www.djk-erlangen.de\/fussball\/index.php?rest_route=%2Fwp%2Fv2%2Fmedia&parent=5394"}],"wp:term":[{"taxonomy":"category","embeddable":true,"href":"https:\/\/www.djk-erlangen.de\/fussball\/index.php?rest_route=%2Fwp%2Fv2%2Fcategories&post=5394"},{"taxonomy":"post_tag","embeddable":true,"href":"https:\/\/www.djk-erlangen.de\/fussball\/index.php?rest_route=%2Fwp%2Fv2%2Ftags&post=5394"}],"curies":[{"name":"wp","href":"https:\/\/api.w.org\/{rel}","templated":true}]}}