{"id":5382,"date":"2011-01-19T21:16:05","date_gmt":"2011-01-19T20:16:05","guid":{"rendered":"http:\/\/www.djk-erlangen.de\/fussball\/?p=5382"},"modified":"2011-03-14T22:40:13","modified_gmt":"2011-03-14T21:40:13","slug":"2-vorrunde-zur-hallenkreismeisterschaft","status":"publish","type":"post","link":"https:\/\/www.djk-erlangen.de\/fussball\/?p=5382","title":{"rendered":"2. Vorrunde zur Hallenkreismeisterschaft"},"content":{"rendered":"<p>Aufgrund der guten Ergebnisse in der 1. Vorrunde sind wir am 28.11.2010 mit frohem Mut in die zweite Runde gestartet.<\/p>\n<p><!--more-->Gegner in diesem Turnier waren folgende Mannschaften:<\/p>\n<ul>\n<li>SV Buckenhof<\/li>\n<li>Baiersdorfer SV<\/li>\n<li>SC Eltersdorf<\/li>\n<li>SpVgg Reuth<\/li>\n<\/ul>\n<p>Gespielt wurden wieder je Spiel 9 Minuten <em>(ohne Seitenwechsel).<\/em><\/p>\n<p>Das erste Spiel gegen Eltersdorf haben wir ungl\u00fccklich &#8222;nur&#8220; 1:1 gespielt. Ein tolles F\u00fchrungstor durch Max und das Turnier hat richtig gut begonnen. Leider konnte der SC Eltersdorf doch noch gl\u00fccklich ausgleichen. Nachdem wir zuletzt auf dem Feld noch deutlich gegen den SC Eltersdorf verloren hatten, war das wie ein gef\u00fchlter Sieg! Die Chancen waren 6:4 f\u00fcr uns verteilt &#8230;<\/p>\n<p>Leider haben wir im zweiten Spiel gegen den Baiersdorfer SV 2:1 verloren. Dabei hat das Spiel wieder gut f\u00fcr uns begonnen. Durch Timo gingen wir wieder 1:0 in F\u00fchrung. Aber leider haben wir durch zwei Unachtsamkeiten doch noch 2:1 verloren. Bei Chanchengleichheit von 2:2 w\u00e4re ein Untentschieden auch gerecht gewesen.<\/p>\n<p>Gegen den SV Buckenhof konnten wir endlich die ganze Spielzeit eine 1:0 F\u00fchrung verteidigen. Das einzige Tor im ganzen Spiel erzielte wieder Max; ein tolles Tor!!! Die mitgez\u00e4hlten Chancen waren 4:1 f\u00fcr die DJK.<br \/>\nDen sehenswerten, h\u00f6chsten Schuss im Spiel durfte noch Timo f\u00fcr sich beanspruchen &#8230; \ud83d\ude42 (PS: Die Decke hat ihn ausgehalten)<\/p>\n<p>Im letzten Spiel gegen die SpVgg Reuth war es wie schon vorher ein par Mal. Erst gehen wir wieder durch einen irren Fernschuss von Max mit 1:0 in F\u00fchrung. Es wurde mit Mann und Maus die F\u00fchrung verteidigt. Leider hat es nicht ganz geklappt. Die SpVgg Reuth konnte doch noch den &#8211; nicht unverdienten &#8211; Ausgleich erzielen. Wie an den Chancen auf beiden Seiten (5:5) zu sehen ist, war es ein tolles und ausgeglichenes Spiel.<\/p>\n<p><strong><em>Dabei waren<\/em>: J\u00f6rn, Timo, Simon, Julian, Ferdinand, Max,\u00a0Luis, <\/strong><\/p>\n<p><em>Torsch\u00fctzen waren:<\/em> Timo (1);\u00a0Max (3)<\/p>\n","protected":false},"excerpt":{"rendered":"<p>Aufgrund der guten Ergebnisse in der 1. Vorrunde sind wir am 28.11.2010 mit frohem Mut in die zweite Runde gestartet.<\/p>\n","protected":false},"author":28,"featured_media":0,"comment_status":"open","ping_status":"closed","sticky":false,"template":"","format":"standard","meta":{"jetpack_post_was_ever_published":false,"_jetpack_newsletter_access":"","_jetpack_dont_email_post_to_subs":false,"_jetpack_newsletter_tier_id":0,"_jetpack_memberships_contains_paywalled_content":false,"_jetpack_memberships_contains_paid_content":false,"footnotes":"","jetpack_publicize_message":"","jetpack_publicize_feature_enabled":true,"jetpack_social_post_already_shared":false,"jetpack_social_options":{"image_generator_settings":{"template":"highway","default_image_id":0,"font":"","enabled":false},"version":2}},"categories":[8],"tags":[],"class_list":["post-5382","post","type-post","status-publish","format-standard","hentry","category-u11-e1"],"jetpack_publicize_connections":[],"jetpack_featured_media_url":"","jetpack_shortlink":"https:\/\/wp.me\/p2ZUr0-1oO","jetpack_sharing_enabled":true,"_links":{"self":[{"href":"https:\/\/www.djk-erlangen.de\/fussball\/index.php?rest_route=\/wp\/v2\/posts\/5382","targetHints":{"allow":["GET"]}}],"collection":[{"href":"https:\/\/www.djk-erlangen.de\/fussball\/index.php?rest_route=\/wp\/v2\/posts"}],"about":[{"href":"https:\/\/www.djk-erlangen.de\/fussball\/index.php?rest_route=\/wp\/v2\/types\/post"}],"author":[{"embeddable":true,"href":"https:\/\/www.djk-erlangen.de\/fussball\/index.php?rest_route=\/wp\/v2\/users\/28"}],"replies":[{"embeddable":true,"href":"https:\/\/www.djk-erlangen.de\/fussball\/index.php?rest_route=%2Fwp%2Fv2%2Fcomments&post=5382"}],"version-history":[{"count":6,"href":"https:\/\/www.djk-erlangen.de\/fussball\/index.php?rest_route=\/wp\/v2\/posts\/5382\/revisions"}],"predecessor-version":[{"id":5790,"href":"https:\/\/www.djk-erlangen.de\/fussball\/index.php?rest_route=\/wp\/v2\/posts\/5382\/revisions\/5790"}],"wp:attachment":[{"href":"https:\/\/www.djk-erlangen.de\/fussball\/index.php?rest_route=%2Fwp%2Fv2%2Fmedia&parent=5382"}],"wp:term":[{"taxonomy":"category","embeddable":true,"href":"https:\/\/www.djk-erlangen.de\/fussball\/index.php?rest_route=%2Fwp%2Fv2%2Fcategories&post=5382"},{"taxonomy":"post_tag","embeddable":true,"href":"https:\/\/www.djk-erlangen.de\/fussball\/index.php?rest_route=%2Fwp%2Fv2%2Ftags&post=5382"}],"curies":[{"name":"wp","href":"https:\/\/api.w.org\/{rel}","templated":true}]}}