{"id":5365,"date":"2011-01-17T14:26:16","date_gmt":"2011-01-17T13:26:16","guid":{"rendered":"http:\/\/www.djk-erlangen.de\/fussball\/?p=5365"},"modified":"2011-01-20T01:19:32","modified_gmt":"2011-01-20T00:19:32","slug":"erfolgreicher-auftritt-in-der-3-vorrunde-der-hkm","status":"publish","type":"post","link":"https:\/\/www.djk-erlangen.de\/fussball\/?p=5365","title":{"rendered":"Erfolgreicher Auftritt in der 3. Vorrunde der HKM"},"content":{"rendered":"<p>Am heutigen Sonntag f\u00fchrte uns der Weg nach Eckental zur 3. Qualifikationsrunde der Hallenkreismeisterschaft 2010\/11.<\/p>\n<p>Wir hatten zahlreiche Spielerausf\u00e4lle zu kompensieren und konnten dank Gerhard Trapper und Peter Andretzky die entstandenen L\u00fccken durch die aktuelle F-3 schlie\u00dfen. Vorab schon mal unseren besten Dank f\u00fcr Eure Unterst\u00fctzung!<\/p>\n<p><!--more-->Zum Auftakt bekamen wir es mit dem 1. FC Eschenau zu tun. Zwei absolut gleichwertige Mannschaften standen sich gegen\u00fcber. Zahlreiche Einschussm\u00f6glichkeiten h\u00fcben wie dr\u00fcben wurden durch die Defensivabteilungen zunichte gemacht. Auch hatten sich die Wiesenwegbuben noch nicht wirklich gefunden.<br \/>\nDie Begegnung endete letzendlich mit einem leistungsgerechten 0:0 Unentschieden.<\/p>\n<p>Somit musste das folgende Spiel, um die Vorgabe der Verantwortlichen ann\u00e4hernd zu erf\u00fcllen, gewonnen werden. Gegner war die SpVgg aus D\u00fcrrbrunn. Eine kampfbetonte Partie verdiente letztendlich auch einen verdienten Sieger. Ein bei diesem Turnier \u00fcberragender Oliver er\u00f6ffnete das Spiel auf die &#8222;Leihgabe&#8220; Paul, dieser passte musterg\u00fcltig auf Elias und selbiger legte einschussbereit Benedikt den Ball auf den Fu\u00df.<\/p>\n<p>Somit waren aus 2 Spielen 4 Punkte im Sack! Absolut im Soll!<\/p>\n<p>Die Jungs wollten jetzt mehr. Untereinander wurde der neue Geist vom Wiesengrund besprochen!<\/p>\n<p>N\u00e4chster Gegner war der SC Egloffstein.<br \/>\nHochmotiviert absolvierten wir diese Begegnung. Wir gaben dem Gegner kaum eine Chance \u00fcber die Mittellinie zu kommen. Gerade in diesem Spiel waren unsere Leihgaben aus der F-3 Elias und Paul und auch David ungemein wichtig, da diese sich uneingeschr\u00e4nkt in unser System eingef\u00fcgt hatten. Unser Spezialist f\u00fcr die Standards, Oliver, schnappte sich die gefilzte Kugel und verwandelte die Ecke direkt im Kasten &#8222;nach Ber\u00fchrung des Torw\u00e4chters&#8220; zum vielumjubelten Sieg.<\/p>\n<p>Das letzte Gruppenspiel bescherte uns den SV Schwaig.<br \/>\nWir beherrschten den Gegner mit Beginn des Spiels. Leider war die DJK-Torfabrik\u00a0 auf Betriebsausflug und vers\u00e4umte das Toreschie\u00dfen. Ein Doppelpack\u00a0 von Benedikt sorgte dann doch f\u00fcr die Entscheidung.<\/p>\n<p>In der Abschlusstabelle belegte man aufgrund des schlechteren Torverh\u00e4ltnisses hinter dem 1. FC Eschenau mit 10 erspielten Punkten einen \u00fcberzeugenden 2. Platz.<br \/>\nDiese Platzierung reichte auch f\u00fcr die Qualifizierung zur Zwischenrunde, wo wir in der Endabrechnung den 17. Platz einnehmen und somit unter den besten 20 F-1- Mannschaften voraussichtlich am Sonntag den 06.02.2011 in Spardorf um den Einzug in die Finalrunde spielen.<\/p>\n<p>Herzlichen Gl\u00fcckwunsch Jungs!!<\/p>\n<p>DJK Aufgebot:<br \/>\nLuis; David; Oliver; Lorenz; Paul; Benedikt; Elias<\/p>\n<p>Tore:<br \/>\nBenedikt (3); Oliver (1)<\/p>\n","protected":false},"excerpt":{"rendered":"<p>Am heutigen Sonntag f\u00fchrte uns der Weg nach Eckental zur 3. Qualifikationsrunde der Hallenkreismeisterschaft 2010\/11. Wir hatten zahlreiche Spielerausf\u00e4lle zu kompensieren und konnten dank Gerhard Trapper und Peter Andretzky die entstandenen L\u00fccken durch die aktuelle F-3 schlie\u00dfen. Vorab schon mal &hellip; <a href=\"https:\/\/www.djk-erlangen.de\/fussball\/?p=5365\">Weiterlesen <span class=\"meta-nav\">&rarr;<\/span><\/a><\/p>\n","protected":false},"author":32,"featured_media":0,"comment_status":"open","ping_status":"closed","sticky":false,"template":"","format":"standard","meta":{"jetpack_post_was_ever_published":false,"_jetpack_newsletter_access":"","_jetpack_dont_email_post_to_subs":false,"_jetpack_newsletter_tier_id":0,"_jetpack_memberships_contains_paywalled_content":false,"_jetpack_memberships_contains_paid_content":false,"footnotes":"","jetpack_publicize_message":"","jetpack_publicize_feature_enabled":true,"jetpack_social_post_already_shared":false,"jetpack_social_options":{"image_generator_settings":{"template":"highway","default_image_id":0,"font":"","enabled":false},"version":2}},"categories":[15],"tags":[],"class_list":["post-5365","post","type-post","status-publish","format-standard","hentry","category-u9-f1"],"jetpack_publicize_connections":[],"jetpack_featured_media_url":"","jetpack_shortlink":"https:\/\/wp.me\/p2ZUr0-1ox","jetpack_sharing_enabled":true,"_links":{"self":[{"href":"https:\/\/www.djk-erlangen.de\/fussball\/index.php?rest_route=\/wp\/v2\/posts\/5365","targetHints":{"allow":["GET"]}}],"collection":[{"href":"https:\/\/www.djk-erlangen.de\/fussball\/index.php?rest_route=\/wp\/v2\/posts"}],"about":[{"href":"https:\/\/www.djk-erlangen.de\/fussball\/index.php?rest_route=\/wp\/v2\/types\/post"}],"author":[{"embeddable":true,"href":"https:\/\/www.djk-erlangen.de\/fussball\/index.php?rest_route=\/wp\/v2\/users\/32"}],"replies":[{"embeddable":true,"href":"https:\/\/www.djk-erlangen.de\/fussball\/index.php?rest_route=%2Fwp%2Fv2%2Fcomments&post=5365"}],"version-history":[{"count":7,"href":"https:\/\/www.djk-erlangen.de\/fussball\/index.php?rest_route=\/wp\/v2\/posts\/5365\/revisions"}],"predecessor-version":[{"id":5424,"href":"https:\/\/www.djk-erlangen.de\/fussball\/index.php?rest_route=\/wp\/v2\/posts\/5365\/revisions\/5424"}],"wp:attachment":[{"href":"https:\/\/www.djk-erlangen.de\/fussball\/index.php?rest_route=%2Fwp%2Fv2%2Fmedia&parent=5365"}],"wp:term":[{"taxonomy":"category","embeddable":true,"href":"https:\/\/www.djk-erlangen.de\/fussball\/index.php?rest_route=%2Fwp%2Fv2%2Fcategories&post=5365"},{"taxonomy":"post_tag","embeddable":true,"href":"https:\/\/www.djk-erlangen.de\/fussball\/index.php?rest_route=%2Fwp%2Fv2%2Ftags&post=5365"}],"curies":[{"name":"wp","href":"https:\/\/api.w.org\/{rel}","templated":true}]}}