{"id":5206,"date":"2010-11-27T23:29:57","date_gmt":"2010-11-27T22:29:57","guid":{"rendered":"http:\/\/www.djk-erlangen.de\/fussball\/?p=5206"},"modified":"2011-01-20T00:43:19","modified_gmt":"2011-01-19T23:43:19","slug":"verkorkster-auftakt","status":"publish","type":"post","link":"https:\/\/www.djk-erlangen.de\/fussball\/?p=5206","title":{"rendered":"Verkorkster Auftakt"},"content":{"rendered":"<p>Zu zeitiger Stunde durften wir heute nach R\u00f6ttenbach\/ERH reisen, um die 1. Runde der Hallenkreismeisterschaft 2010\/11 zu absolvieren.<br \/>\nHoch motiviert gingen wir in die erste Begegnung gegen Leutenbach, die wir ja in der Freiluftsaison klar besiegt hatten.<\/p>\n<p><!--more-->Jedoch kam in der Halle das b\u00f6se Erwachen! Nach einer ausgeglichenen Partie gerieten wir kurz vor Schluss ungl\u00fccklich durch ein Eigentor in R\u00fcckstand.<br \/>\nSomit war die Auftaktniederlage &#8211; ehe man sich versah &#8211; gegen einen Gegner, welchen man auf dem gr\u00fcnen Rasen beherrschte, perfekt!<\/p>\n<p>Im zweiten Spiel trafen wir auf die &#8222;Tiere&#8220; aus der Sportartikelhochburg, die Pumas vom\u00a0 FC Herzogenaurach. Man wollte die Fehler aus der Auftaktpartie nicht wiederholen.<br \/>\nNach einer Standardsituation fingen wir jedoch das Gegentor. In der Folgezeit der Begegnung erholten wir uns nicht mehr von diesem Treffer und verloren auch die zweite Begegnung mehr als ungl\u00fccklich!<\/p>\n<p>Das dritte Spiel in der ersten Runde gegen Uttenreuth sollte die Wende bringen. Leider gerieten wir gleich in der 1. Spielminute in R\u00fcckstand, welchen Alex in der 6. Min. egalisieren konnte.<br \/>\nKurz vor Schluss kassierten wir durch eine Unachtsamkeit im gesamten Mannschaftsgef\u00fcge das 2. Tor und so wurde auch diese Begegnung leider verloren.<\/p>\n<p>So musste f\u00fcr eine Ergebniskorrektur das letzte Spiel herhalten. Wir spielten gegen Muggendorf!<br \/>\nDer Frust der vorangegangenen Spiele wurde nun ausgelebt und man ging durch einen fulminanten Freisto\u00dftreffer von Rick in der 4. Minute in F\u00fchrung. Der Gegner sch\u00fcttelte sich kurz und schon war es wieder geschehen: Durch einen Doppelpack von Alex (6. und 8. Minute) wurde das Match letztendlich verdient gewonnen.<\/p>\n<p>Somit begann der Auftakt in die Hallenrunde mehr als &#8222;verkorkst&#8220;!<br \/>\nZum Weiterkommen ben\u00f6tigen wir jetzt ein deutlich besseres Abschneiden in der 2. Vorrunde!<br \/>\nJedoch freuen wir uns alle auf die bevorstehende Weihnachtsfeier im gro\u00dfen Saal der DJK!<\/p>\n<p>DJK Aufgebot:<br \/>\nDominik K.; Dominik S.; Jojo; Alex; Rick; Manu; Maxi; Ermal; Manuel; Momo<\/p>\n","protected":false},"excerpt":{"rendered":"<p>Zu zeitiger Stunde durften wir heute nach R\u00f6ttenbach\/ERH reisen, um die 1. Runde der Hallenkreismeisterschaft 2010\/11 zu absolvieren. Hoch motiviert gingen wir in die erste Begegnung gegen Leutenbach, die wir ja in der Freiluftsaison klar besiegt hatten.<\/p>\n","protected":false},"author":32,"featured_media":0,"comment_status":"open","ping_status":"closed","sticky":false,"template":"","format":"standard","meta":{"jetpack_post_was_ever_published":false,"_jetpack_newsletter_access":"","_jetpack_dont_email_post_to_subs":false,"_jetpack_newsletter_tier_id":0,"_jetpack_memberships_contains_paywalled_content":false,"_jetpack_memberships_contains_paid_content":false,"footnotes":"","jetpack_publicize_message":"","jetpack_publicize_feature_enabled":true,"jetpack_social_post_already_shared":false,"jetpack_social_options":{"image_generator_settings":{"template":"highway","default_image_id":0,"font":"","enabled":false},"version":2}},"categories":[1],"tags":[],"class_list":["post-5206","post","type-post","status-publish","format-standard","hentry","category-allgemein"],"jetpack_publicize_connections":[],"jetpack_featured_media_url":"","jetpack_shortlink":"https:\/\/wp.me\/p2ZUr0-1lY","jetpack_sharing_enabled":true,"_links":{"self":[{"href":"https:\/\/www.djk-erlangen.de\/fussball\/index.php?rest_route=\/wp\/v2\/posts\/5206","targetHints":{"allow":["GET"]}}],"collection":[{"href":"https:\/\/www.djk-erlangen.de\/fussball\/index.php?rest_route=\/wp\/v2\/posts"}],"about":[{"href":"https:\/\/www.djk-erlangen.de\/fussball\/index.php?rest_route=\/wp\/v2\/types\/post"}],"author":[{"embeddable":true,"href":"https:\/\/www.djk-erlangen.de\/fussball\/index.php?rest_route=\/wp\/v2\/users\/32"}],"replies":[{"embeddable":true,"href":"https:\/\/www.djk-erlangen.de\/fussball\/index.php?rest_route=%2Fwp%2Fv2%2Fcomments&post=5206"}],"version-history":[{"count":3,"href":"https:\/\/www.djk-erlangen.de\/fussball\/index.php?rest_route=\/wp\/v2\/posts\/5206\/revisions"}],"predecessor-version":[{"id":5412,"href":"https:\/\/www.djk-erlangen.de\/fussball\/index.php?rest_route=\/wp\/v2\/posts\/5206\/revisions\/5412"}],"wp:attachment":[{"href":"https:\/\/www.djk-erlangen.de\/fussball\/index.php?rest_route=%2Fwp%2Fv2%2Fmedia&parent=5206"}],"wp:term":[{"taxonomy":"category","embeddable":true,"href":"https:\/\/www.djk-erlangen.de\/fussball\/index.php?rest_route=%2Fwp%2Fv2%2Fcategories&post=5206"},{"taxonomy":"post_tag","embeddable":true,"href":"https:\/\/www.djk-erlangen.de\/fussball\/index.php?rest_route=%2Fwp%2Fv2%2Ftags&post=5206"}],"curies":[{"name":"wp","href":"https:\/\/api.w.org\/{rel}","templated":true}]}}