{"id":515,"date":"2009-09-19T13:00:17","date_gmt":"2009-09-19T11:00:17","guid":{"rendered":"http:\/\/www.djk-erlangen.de\/fussball\/?p=515"},"modified":"2009-09-27T14:31:37","modified_gmt":"2009-09-27T12:31:37","slug":"fc-dechsendorf-ah-djk-erlangen-ahfreitag-18-september-2009-1830h","status":"publish","type":"post","link":"https:\/\/www.djk-erlangen.de\/fussball\/?p=515","title":{"rendered":"FC Dechsendorf AH &#8211; DJK Erlangen AH .:. <strong>5:5<\/strong> .:.<h5><strong>Freitag, 18. September 2009, 18:30h<\/strong><\/h5>"},"content":{"rendered":"<p><strong>Torsch\u00fctzen<\/strong>: Tommy M. (3), Harry W., Markus G.<\/p>\n<p>trotz personell geschw\u00e4chter aufstellung (kein \u201egelernter\u201c torwart, beginn mit 9 feldspielern) konnten wir in der ersten halbzeit spielerisch \u00fcberzeugen. dies zeigte sich auch in der raschen und verdienten torfolge (3 x tommy m., 1 x markus g.), allerdings auch bei zwei gegentreffern (obwohl uwe w. sein bestes gab).<br \/>\nleider kippten wir in der 2. halbzeit vorerst unbegr\u00fcndet ins bodenlose ab und die dechsendorfer spielten uns an die wand.<br \/>\ndass harry w. nach seinem tor zum zwischenzeitigen 5:3 das spiel leider verlassen musste (danke wenigstens f\u00fcr die spontane l\u00e4ngere unterst\u00fctzung &#8230; jede minute hat uns geholfen), stand symbolisch f\u00fcr den weiteren spielverlauf.<br \/>\nam ende (nur mit 9 bzw. 8 \u00bd feldspielern) m\u00fcssen wir uns noch mit dem 5:5 endstand zufrieden zeigen, da in den letzten 20 minuten ein spiel auf nur ein (djk-)tor statt fand.<br \/>\n(Autor: Mario S.)<\/p>\n<p>\u00a0&#8230; vielleicht findet man auch <a class=\"note\" title=\"FC Dechsendorf AH\" href=\"http:\/\/www.fcd-ah.de\" target=\"_blank\">hier bei den D&#8217;dorfern<\/a> nen Bericht;-)<\/p>\n","protected":false},"excerpt":{"rendered":"<p>Torsch\u00fctzen: Tommy M. (3), Harry W., Markus G. trotz personell geschw\u00e4chter aufstellung (kein \u201egelernter\u201c torwart, beginn mit 9 feldspielern) konnten wir in der ersten halbzeit spielerisch \u00fcberzeugen. dies zeigte sich auch in der raschen und verdienten torfolge (3 x tommy &hellip; <a href=\"https:\/\/www.djk-erlangen.de\/fussball\/?p=515\">Weiterlesen <span class=\"meta-nav\">&rarr;<\/span><\/a><\/p>\n","protected":false},"author":3,"featured_media":0,"comment_status":"open","ping_status":"closed","sticky":false,"template":"","format":"standard","meta":{"jetpack_post_was_ever_published":false,"_jetpack_newsletter_access":"","_jetpack_dont_email_post_to_subs":false,"_jetpack_newsletter_tier_id":0,"_jetpack_memberships_contains_paywalled_content":false,"_jetpack_memberships_contains_paid_content":false,"footnotes":"","jetpack_publicize_message":"","jetpack_publicize_feature_enabled":true,"jetpack_social_post_already_shared":false,"jetpack_social_options":{"image_generator_settings":{"template":"highway","default_image_id":0,"font":"","enabled":false},"version":2}},"categories":[4],"tags":[],"class_list":["post-515","post","type-post","status-publish","format-standard","hentry","category-ah"],"jetpack_publicize_connections":[],"jetpack_featured_media_url":"","jetpack_shortlink":"https:\/\/wp.me\/p2ZUr0-8j","jetpack_sharing_enabled":true,"_links":{"self":[{"href":"https:\/\/www.djk-erlangen.de\/fussball\/index.php?rest_route=\/wp\/v2\/posts\/515","targetHints":{"allow":["GET"]}}],"collection":[{"href":"https:\/\/www.djk-erlangen.de\/fussball\/index.php?rest_route=\/wp\/v2\/posts"}],"about":[{"href":"https:\/\/www.djk-erlangen.de\/fussball\/index.php?rest_route=\/wp\/v2\/types\/post"}],"author":[{"embeddable":true,"href":"https:\/\/www.djk-erlangen.de\/fussball\/index.php?rest_route=\/wp\/v2\/users\/3"}],"replies":[{"embeddable":true,"href":"https:\/\/www.djk-erlangen.de\/fussball\/index.php?rest_route=%2Fwp%2Fv2%2Fcomments&post=515"}],"version-history":[{"count":10,"href":"https:\/\/www.djk-erlangen.de\/fussball\/index.php?rest_route=\/wp\/v2\/posts\/515\/revisions"}],"predecessor-version":[{"id":696,"href":"https:\/\/www.djk-erlangen.de\/fussball\/index.php?rest_route=\/wp\/v2\/posts\/515\/revisions\/696"}],"wp:attachment":[{"href":"https:\/\/www.djk-erlangen.de\/fussball\/index.php?rest_route=%2Fwp%2Fv2%2Fmedia&parent=515"}],"wp:term":[{"taxonomy":"category","embeddable":true,"href":"https:\/\/www.djk-erlangen.de\/fussball\/index.php?rest_route=%2Fwp%2Fv2%2Fcategories&post=515"},{"taxonomy":"post_tag","embeddable":true,"href":"https:\/\/www.djk-erlangen.de\/fussball\/index.php?rest_route=%2Fwp%2Fv2%2Ftags&post=515"}],"curies":[{"name":"wp","href":"https:\/\/api.w.org\/{rel}","templated":true}]}}