{"id":4933,"date":"2010-11-14T21:41:05","date_gmt":"2010-11-14T20:41:05","guid":{"rendered":"http:\/\/www.djk-erlangen.de\/fussball\/?p=4933"},"modified":"2011-03-14T22:40:13","modified_gmt":"2011-03-14T21:40:13","slug":"7-spiel-gegen-sgs-siemens","status":"publish","type":"post","link":"https:\/\/www.djk-erlangen.de\/fussball\/?p=4933","title":{"rendered":"7. Spiel gegen SGS Siemens"},"content":{"rendered":"<p>Das letzte Spiel dieser Runde stand vor der T\u00fcr &#8230;<\/p>\n<p>Gest\u00e4rkt mit den Erkenntnissen aus dem letzen Spiel wurde diese Begegnung\u00a0hochmotiviert begonnen. Auch hier zeigte sich von Anfang an, das die neue Mannschaftsaufstellung richtig war. Durch zwei ungl\u00fcckliche Tore lagen wir relativ schnell zur\u00fcck. Aber\u00a0 aufgrund der k\u00e4mpferischen Einstellung hat sich die Mannschaft zu keinem Zeitpunkt aufgegeben.\u00a0<!--more-->Die Abwehr hatte heute wieder Schwerstarbeit zu leisten, aber gemeinsam konnte die Abwehr Chance um Chance der Gegner zu nichte machten. Durch eine stabilere Abwehrleistung konnte sich das Mittelfeld immer wieder einmal in den Angriff mit einschalten. Und so erzielten wir auch v\u00f6llig verdient den Gegentreffer.<\/p>\n<p>Auch wenn das Spiel mit 1:7 verloren ging, k\u00f6nnen wir nun optimistischer in die Zukunft blicken. Mit dieser taktischen und k\u00e4mpferischen Einstellung ist in der R\u00fcckrunde durchaus eine andere Mannschaft zu erwarten.<\/p>\n<p>Freuen wir uns alle &#8211; vor allem f\u00fcr unsere Jungs -auf die neue Saison\u00a0 \/\u00a0 R\u00fcckrunde &#8230;<\/p>\n","protected":false},"excerpt":{"rendered":"<p>Das letzte Spiel dieser Runde stand vor der T\u00fcr &#8230; Gest\u00e4rkt mit den Erkenntnissen aus dem letzen Spiel wurde diese Begegnung\u00a0hochmotiviert begonnen. Auch hier zeigte sich von Anfang an, das die neue Mannschaftsaufstellung richtig war. Durch zwei ungl\u00fcckliche Tore lagen &hellip; <a href=\"https:\/\/www.djk-erlangen.de\/fussball\/?p=4933\">Weiterlesen <span class=\"meta-nav\">&rarr;<\/span><\/a><\/p>\n","protected":false},"author":28,"featured_media":0,"comment_status":"open","ping_status":"closed","sticky":false,"template":"","format":"standard","meta":{"jetpack_post_was_ever_published":false,"_jetpack_newsletter_access":"","_jetpack_dont_email_post_to_subs":false,"_jetpack_newsletter_tier_id":0,"_jetpack_memberships_contains_paywalled_content":false,"_jetpack_memberships_contains_paid_content":false,"footnotes":"","jetpack_publicize_message":"","jetpack_publicize_feature_enabled":true,"jetpack_social_post_already_shared":false,"jetpack_social_options":{"image_generator_settings":{"template":"highway","default_image_id":0,"font":"","enabled":false},"version":2}},"categories":[8],"tags":[],"class_list":["post-4933","post","type-post","status-publish","format-standard","hentry","category-u11-e1"],"jetpack_publicize_connections":[],"jetpack_featured_media_url":"","jetpack_shortlink":"https:\/\/wp.me\/p2ZUr0-1hz","jetpack_sharing_enabled":true,"_links":{"self":[{"href":"https:\/\/www.djk-erlangen.de\/fussball\/index.php?rest_route=\/wp\/v2\/posts\/4933","targetHints":{"allow":["GET"]}}],"collection":[{"href":"https:\/\/www.djk-erlangen.de\/fussball\/index.php?rest_route=\/wp\/v2\/posts"}],"about":[{"href":"https:\/\/www.djk-erlangen.de\/fussball\/index.php?rest_route=\/wp\/v2\/types\/post"}],"author":[{"embeddable":true,"href":"https:\/\/www.djk-erlangen.de\/fussball\/index.php?rest_route=\/wp\/v2\/users\/28"}],"replies":[{"embeddable":true,"href":"https:\/\/www.djk-erlangen.de\/fussball\/index.php?rest_route=%2Fwp%2Fv2%2Fcomments&post=4933"}],"version-history":[{"count":6,"href":"https:\/\/www.djk-erlangen.de\/fussball\/index.php?rest_route=\/wp\/v2\/posts\/4933\/revisions"}],"predecessor-version":[{"id":5792,"href":"https:\/\/www.djk-erlangen.de\/fussball\/index.php?rest_route=\/wp\/v2\/posts\/4933\/revisions\/5792"}],"wp:attachment":[{"href":"https:\/\/www.djk-erlangen.de\/fussball\/index.php?rest_route=%2Fwp%2Fv2%2Fmedia&parent=4933"}],"wp:term":[{"taxonomy":"category","embeddable":true,"href":"https:\/\/www.djk-erlangen.de\/fussball\/index.php?rest_route=%2Fwp%2Fv2%2Fcategories&post=4933"},{"taxonomy":"post_tag","embeddable":true,"href":"https:\/\/www.djk-erlangen.de\/fussball\/index.php?rest_route=%2Fwp%2Fv2%2Ftags&post=4933"}],"curies":[{"name":"wp","href":"https:\/\/api.w.org\/{rel}","templated":true}]}}