{"id":4909,"date":"2010-11-13T18:46:33","date_gmt":"2010-11-13T17:46:33","guid":{"rendered":"http:\/\/www.djk-erlangen.de\/fussball\/?p=4909"},"modified":"2010-11-13T23:29:52","modified_gmt":"2010-11-13T22:29:52","slug":"gelungener-auftakt-in-die-hallensaison","status":"publish","type":"post","link":"https:\/\/www.djk-erlangen.de\/fussball\/?p=4909","title":{"rendered":"gelungener Auftakt in die Hallensaison"},"content":{"rendered":"<p>Bei fr\u00fchlingshaften Temperaturen verbunden mit herrlichem Sonnenschein starteten wir zur besten Essenszeit um 12.00 Uhr in der wundersch\u00f6nen Sporthalle zu R\u00f6ttenbach\/ERH in die Hallenkreismeisterschaft 2010\/11.<\/p>\n<p><!--more--><\/p>\n<p>Die erste Begegnung gegen die Truppe von Marc Schubert den TSV Hemhofen war eigentlich mehr oder weniger ein sich zurecht finden in der Halle. Irgendwie fanden sich die Wiesenwegbuben nicht zurecht und standen bei zwei Standartsituationen v\u00f6llig neben sich. Diese beiden Situationen f\u00fchrten jeweils auch zu den Toren.<br \/>\nSo ging die Auftaktbegegnung mit 2:0 v\u00f6llig in die Hose und war dar\u00fcber hinaus auch noch verdient!<\/p>\n<p>Die 20min\u00fctige Pause wurde genutzt um die gemachten Fehler zu besprechen und zu analysieren. So stand gegen den ASV Weisendorf eine ganz anders motivierte Truppe auf dem Hallenparkett. Die Jungs haben es verstanden, da\u00df es in der Halle viel schneller zu Werke geht wie auf dem gr\u00fcnen Rasen und pa\u00dften nun ihr Spiel den Hallengegebenheiten an.<\/p>\n<p>Binnen 3 Spielminuten konnten wir durch Tore von Ben, Oliver und Daniel die Partie f\u00fcr uns entscheiden und gingen mit 3:0 als verdiente Sieger vom Platz.<\/p>\n<p>Im dritten Spiel der ersten Vorrunde trafen wir auf den ASV Niederndorf.\u00a0 In einem packenden Spiel hatten wir das Gl\u00fcck auf unsere Seite als ein Distanzschu\u00df von Mike im Geh\u00e4use der Niederndorfer einschlug. Somit war man mit 6 Punkten aus drei Spielen absolut im Soll und den bis dato ungeschlagenen Tabellenf\u00fchrer Hemhofen auf den Fersen.<\/p>\n<p>Das darauffolgende Spiel gegen den SC Adelsdorf war wieder v\u00f6llig anders. Erst passierte im ersten Drittel des Spiel ziemlich wenig. Aber dann expoldierten unsere Angreifer wie aus dem Nichts.Durch einen Doppelpack von Ben gelang uns eine beruhigende F\u00fchrung, welche Mike durch das 3:0 noch ausbauen konnte. Aus unerkl\u00e4rlichen Gr\u00fcnden kam mit der sicher geglaubten F\u00fchrung ein wenig Fahrl\u00e4ssigkeit auf und prompt kassierte man den Anschlu\u00dftreffer zum 1:3. F\u00fcr den alten Abstand sorgte dann erneut Mike mit seinem zweiten Treffer in dieser Begegnung.<\/p>\n<p>Nachdem unser letzter Gegner der FC Burk nicht angetreten ist, wurde dieses Spiel f\u00fcr alle Mannschaften mit 2:0 Toren und 3 Punkten gewertet.<br \/>\nLetztendlich belegte man in der Abschlu\u00dftabelle mit 12 Punkten hinter den ungeschlagenen Hemhofenern (15) einen hervorragenden 2. Platz und hat f\u00fcr die Qualifizierung zur Zwischenrunde einen richtungsweisenden Schritt getan.<\/p>\n<p>DjK Aufgebot:<br \/>\nLuis; Johannes; Daniel; Oliver; Lorenz; Ben; Mike; Franz<\/p>\n<p>Tore:<br \/>\nBen (3) Mike (3) Oliver (1) Daniel (1)<\/p>\n","protected":false},"excerpt":{"rendered":"<p>Bei fr\u00fchlingshaften Temperaturen verbunden mit herrlichem Sonnenschein starteten wir zur besten Essenszeit um 12.00 Uhr in der wundersch\u00f6nen Sporthalle zu R\u00f6ttenbach\/ERH in die Hallenkreismeisterschaft 2010\/11.<\/p>\n","protected":false},"author":32,"featured_media":0,"comment_status":"open","ping_status":"closed","sticky":false,"template":"","format":"standard","meta":{"jetpack_post_was_ever_published":false,"_jetpack_newsletter_access":"","_jetpack_dont_email_post_to_subs":false,"_jetpack_newsletter_tier_id":0,"_jetpack_memberships_contains_paywalled_content":false,"_jetpack_memberships_contains_paid_content":false,"footnotes":"","jetpack_publicize_message":"","jetpack_publicize_feature_enabled":true,"jetpack_social_post_already_shared":false,"jetpack_social_options":{"image_generator_settings":{"template":"highway","default_image_id":0,"font":"","enabled":false},"version":2}},"categories":[15],"tags":[],"class_list":["post-4909","post","type-post","status-publish","format-standard","hentry","category-u9-f1"],"jetpack_publicize_connections":[],"jetpack_featured_media_url":"","jetpack_shortlink":"https:\/\/wp.me\/p2ZUr0-1hb","jetpack_sharing_enabled":true,"_links":{"self":[{"href":"https:\/\/www.djk-erlangen.de\/fussball\/index.php?rest_route=\/wp\/v2\/posts\/4909","targetHints":{"allow":["GET"]}}],"collection":[{"href":"https:\/\/www.djk-erlangen.de\/fussball\/index.php?rest_route=\/wp\/v2\/posts"}],"about":[{"href":"https:\/\/www.djk-erlangen.de\/fussball\/index.php?rest_route=\/wp\/v2\/types\/post"}],"author":[{"embeddable":true,"href":"https:\/\/www.djk-erlangen.de\/fussball\/index.php?rest_route=\/wp\/v2\/users\/32"}],"replies":[{"embeddable":true,"href":"https:\/\/www.djk-erlangen.de\/fussball\/index.php?rest_route=%2Fwp%2Fv2%2Fcomments&post=4909"}],"version-history":[{"count":6,"href":"https:\/\/www.djk-erlangen.de\/fussball\/index.php?rest_route=\/wp\/v2\/posts\/4909\/revisions"}],"predecessor-version":[{"id":4915,"href":"https:\/\/www.djk-erlangen.de\/fussball\/index.php?rest_route=\/wp\/v2\/posts\/4909\/revisions\/4915"}],"wp:attachment":[{"href":"https:\/\/www.djk-erlangen.de\/fussball\/index.php?rest_route=%2Fwp%2Fv2%2Fmedia&parent=4909"}],"wp:term":[{"taxonomy":"category","embeddable":true,"href":"https:\/\/www.djk-erlangen.de\/fussball\/index.php?rest_route=%2Fwp%2Fv2%2Fcategories&post=4909"},{"taxonomy":"post_tag","embeddable":true,"href":"https:\/\/www.djk-erlangen.de\/fussball\/index.php?rest_route=%2Fwp%2Fv2%2Ftags&post=4909"}],"curies":[{"name":"wp","href":"https:\/\/api.w.org\/{rel}","templated":true}]}}