{"id":4824,"date":"2010-10-31T16:38:54","date_gmt":"2010-10-31T15:38:54","guid":{"rendered":"http:\/\/www.djk-erlangen.de\/fussball\/?p=4824"},"modified":"2010-10-31T16:38:54","modified_gmt":"2010-10-31T15:38:54","slug":"das-marchen-ist-vollendet","status":"publish","type":"post","link":"https:\/\/www.djk-erlangen.de\/fussball\/?p=4824","title":{"rendered":"Das M\u00e4rchen ist vollendet"},"content":{"rendered":"<p>Bei bestem Oktoberwetter waren die Wiesenweg Brasilianer heute bei der Spielvereinigung Uehlfeld zu Gast. Durch die Ferienzeit mu\u00dften nicht nur bei den Spielern L\u00fccken geschlossen werden, auch Chefcoach Peter Lober fehlte. Somit lag es an Thomas, die Mannschaft entsprechend einzustellen. <!--more--><\/p>\n<p>Eine \u00dcberraschung in der Aufstellung war Mike, der unseren Luis perfekt ersetzen sollte. Nach p\u00fcnktlichem Beginn, zeigte sich noch eine gewisse Nervosit\u00e4t im Spielaufbau, doch mit zunehmender Spieldauer wurden unsere Jungs immer sicherer. So dauerte es fast bis zur Mitte der 1. Halbzeit, als Mike den Anfang beim Toreschie\u00dfen machte. Ali erh\u00f6hte kurz darauf zum 2:0. Unsere Defensive agierte sehr souver\u00e4n, ein vor allem in der ersten Halbzeit starker Momo\u00a0leitete mehrere gute Angriffe ein. Nach einem sch\u00f6nen Solo von der rechten Flanke, st\u00fcrmte Rick in den Strafraum und knallte den Ball an dem chancenlosen Torwart vorbei ins Netz zum 3:0 Halbzeitstand. Der Gegner schien beeindruckt. Unsere sicher kombinierenden Wiesenweg Brasilianer machten da weiter, wo sie in Halbzeit 1 aufgeh\u00f6rt hatten. So war es wieder Mike, der mit dem Tore schie\u00dfen fortfuhr. Eine Ecke von links legte Rick perfekt auf den linken Schlappen von Manu, der kurz vor der Torlinie nur darauf lauerte, diesen per Direktabnahme routiniert im Netz zu versenken. Der Gegner kam in dieser Phase kaum noch aus seiner H\u00e4lfte heraus. Mit dieser sicheren F\u00fchrung im R\u00fccken wurde bei den Wiesenweg Brasilianern\u00a0kr\u00e4ftig durchgewechselt, soda\u00df wirklich alle Spieler noch kr\u00e4ftig Spielpraxis sammeln konnten. Ali erh\u00f6hte auf 6:0 und Martin setzte mit einem Nachschu\u00df den Schlu\u00dfpunkt zum 7:0. Nun meldeten sich nochmal die Gastgeber zur\u00fcck und wollten den Ehrentreffer erzielen. Doch die wenigen Sch\u00fcsse, die aufs Tor kamen, parierte unser Torwart sehr sicher. Somit wurde aus dem Wunder\u00a0vom Wiesengrund doch noch das nicht f\u00fcr m\u00f6glich gehaltene M\u00e4rchen vom Wiesengrund. Eine phantastische erste Saision ging nun gleich mit dem Meistertitel zu Ende. Wahnsinn!!!<\/p>\n<p>Djk Aufgebot:<br \/>\nDominik K., Dominik S., Rick, Momo, Mike, Alex, Manu, Mat\u00e9, Maxi, Martin<\/p>\n<p>Tore:<br \/>\nMike (2), Ali (2), Rick (1), Manu (1), Martin (1)<\/p>\n","protected":false},"excerpt":{"rendered":"<p>Bei bestem Oktoberwetter waren die Wiesenweg Brasilianer heute bei der Spielvereinigung Uehlfeld zu Gast. Durch die Ferienzeit mu\u00dften nicht nur bei den Spielern L\u00fccken geschlossen werden, auch Chefcoach Peter Lober fehlte. Somit lag es an Thomas, die Mannschaft entsprechend einzustellen.<\/p>\n","protected":false},"author":32,"featured_media":0,"comment_status":"open","ping_status":"closed","sticky":false,"template":"","format":"standard","meta":{"jetpack_post_was_ever_published":false,"_jetpack_newsletter_access":"","_jetpack_dont_email_post_to_subs":false,"_jetpack_newsletter_tier_id":0,"_jetpack_memberships_contains_paywalled_content":false,"_jetpack_memberships_contains_paid_content":false,"footnotes":"","jetpack_publicize_message":"","jetpack_publicize_feature_enabled":true,"jetpack_social_post_already_shared":false,"jetpack_social_options":{"image_generator_settings":{"template":"highway","default_image_id":0,"font":"","enabled":false},"version":2}},"categories":[1],"tags":[],"class_list":["post-4824","post","type-post","status-publish","format-standard","hentry","category-allgemein"],"jetpack_publicize_connections":[],"jetpack_featured_media_url":"","jetpack_shortlink":"https:\/\/wp.me\/p2ZUr0-1fO","jetpack_sharing_enabled":true,"_links":{"self":[{"href":"https:\/\/www.djk-erlangen.de\/fussball\/index.php?rest_route=\/wp\/v2\/posts\/4824","targetHints":{"allow":["GET"]}}],"collection":[{"href":"https:\/\/www.djk-erlangen.de\/fussball\/index.php?rest_route=\/wp\/v2\/posts"}],"about":[{"href":"https:\/\/www.djk-erlangen.de\/fussball\/index.php?rest_route=\/wp\/v2\/types\/post"}],"author":[{"embeddable":true,"href":"https:\/\/www.djk-erlangen.de\/fussball\/index.php?rest_route=\/wp\/v2\/users\/32"}],"replies":[{"embeddable":true,"href":"https:\/\/www.djk-erlangen.de\/fussball\/index.php?rest_route=%2Fwp%2Fv2%2Fcomments&post=4824"}],"version-history":[{"count":1,"href":"https:\/\/www.djk-erlangen.de\/fussball\/index.php?rest_route=\/wp\/v2\/posts\/4824\/revisions"}],"predecessor-version":[{"id":4825,"href":"https:\/\/www.djk-erlangen.de\/fussball\/index.php?rest_route=\/wp\/v2\/posts\/4824\/revisions\/4825"}],"wp:attachment":[{"href":"https:\/\/www.djk-erlangen.de\/fussball\/index.php?rest_route=%2Fwp%2Fv2%2Fmedia&parent=4824"}],"wp:term":[{"taxonomy":"category","embeddable":true,"href":"https:\/\/www.djk-erlangen.de\/fussball\/index.php?rest_route=%2Fwp%2Fv2%2Fcategories&post=4824"},{"taxonomy":"post_tag","embeddable":true,"href":"https:\/\/www.djk-erlangen.de\/fussball\/index.php?rest_route=%2Fwp%2Fv2%2Ftags&post=4824"}],"curies":[{"name":"wp","href":"https:\/\/api.w.org\/{rel}","templated":true}]}}