{"id":480,"date":"2009-08-24T20:11:23","date_gmt":"2009-08-24T18:11:23","guid":{"rendered":"http:\/\/www.rainerschmitt.de\/fussball\/?p=480"},"modified":"2009-09-25T23:33:46","modified_gmt":"2009-09-25T21:33:46","slug":"3-spieltag-djk-erlangen-turkiyemspor-erlangen-10","status":"publish","type":"post","link":"https:\/\/www.djk-erlangen.de\/fussball\/?p=480","title":{"rendered":"3. Spieltag DJK Erlangen &#8211; T\u00fcrkiyemspor Erlangen 1:0"},"content":{"rendered":"<p>\u201eDann macht es Bumm &#8211; ja und dann kracht\u2019s<br \/>\n\u2026und alle schrei\u2019n: Der M\u00fcller macht\u2019s! Dann macht es Bumm, dann gibt\u2019s ein Tor und alle schrei\u2019n: Gerd M\u00fcller vor!\u201c<br \/>\n<!--more-->Nur noch den \u00e4lteren Semestern der werten anpfiff-Leserschaft d\u00fcrfte dieser Hit ein Begriff sein. Mit diesem Schlager machte kein Geringerer als der \u201eBomber der Nation\u201c, Gerd M\u00fcller, \u00a0in den 70er Jahren auch als S\u00e4nger auf sich aufmerksam.<\/p>\n<p>Seine Renaissance feiert dieser Gassenhauer allerdings zurzeit am Alterlanger See, der Heimat der DJK. Dort avanciert n\u00e4mlich Ren\u00e9 Flauger mit drei Toren in drei Spielen zum \u201eWiesengrundbomber\u201c und sicherte mit seinem goldenen Tor auch an diesem Sonntag den verdienten Sieg der Gr\u00fcn-Wei\u00dfen.<\/p>\n<p>Nachdem man zum Auftakt gegen die erkl\u00e4rten Titelfavoriten aus Niederndorf und Weisendorf unbesiegt blieb, gastierte am heutigen Tag mit T\u00fcrkiyemspor die \u201egro\u00dfe Unbekannte\u201c am Wiesengrund.<\/p>\n<p>Entsprechend abtastend startete die Partie zwischen zwei Mannschaften, die zuerst darauf bedacht waren, ihre Defensivaufgaben konsequent zu erledigen.<\/p>\n<p>Die ersten Offensivvorst\u00f6\u00dfe wagte dann die Heimelf, die bei einer Chance von Rausch, der zu Unrecht aufgrund einer angeblichen Abseitsstellung zur\u00fcckgepfiffen wurde, kurz vor der F\u00fchrung stand. Auf der Gegenseite pr\u00fcfte Sofuoglu in der 10. Minute erstmals den Schlussmann der Gr\u00fcn-Wei\u00dfen, Bachfischer und keine Zeigerumdrehung sp\u00e4ter rettete das Aluminium bei einem Fallr\u00fcckzieher durch Ersin Kocak.<\/p>\n<p>Danach war wieder die Heimelf am Dr\u00fccker und kam in Person von Rausch &#8211; der als A-Jugendlicher wieder eine hervorragende Partie absolvierte &#8211; und Kraus zu weiteren Einschussm\u00f6glichkeiten, die allesamt ungenutzt blieben.<\/p>\n<p>Einmal mehr Verlass war dann in der 30. Minute auf Ren\u00e9 Flauger: Mit einem herrlich \u00fcber die Mauer geschlenzten Freisto\u00df lie\u00df er weder Torwart noch dem extra auf die Torlinie beorderten Abwehrspieler den Hauch einer Chance.<\/p>\n<p>Zehn Minuten sp\u00e4ter h\u00e4tte der gleiche Akteur die F\u00fchrung sogar noch ausbauen k\u00f6nnen. Eine musterg\u00fcltige Flanke von Trautner vergab er allerdings leichtfertig.<\/p>\n<p>Die zweite Halbzeit war dann gepr\u00e4gt von einer ziemlich stabil stehenden DJK-Defensive, um Libero Bethge, der als gelernter St\u00fcrmer \u201eden Laden\u201c umsichtig zusammenhielt und zahlreichen ungenutzten Konterchancen der DJK. Zum Gl\u00fcck f\u00fcr die Gr\u00fcn-Wei\u00dfen bewahrheitete sich die alte Fu\u00dfballer-Floskel an diesem Tag nicht, dass zu viele ungenutzte Torchancen sich meist r\u00e4chen. Auch bedingt dadurch, dass einige Spieler der Gastelf zuviel Energie in teils \u00fcberhartes Einsteigen und v\u00f6llig unangebrachte Beleidigungen der untersten Schublade investierten, anstatt ihre &#8211; unbestritten vorhandenen &#8211; fu\u00dfballerischen F\u00e4higkeiten abzurufen.<\/p>\n<p>Daher konnte die Heimelf die ersten drei Punkte dieser Saison letztlich ungef\u00e4hrdet und v\u00f6llig verdient einfahren.<\/p>\n<table id=\"ctl16_UC_FB_Spielbericht_Statistik_Table1\" style=\"width: 415px; border-collapse: collapse;\" border=\"0\" cellspacing=\"0\" cellpadding=\"5\" align=\"center\">\n<tbody>\n<tr>\n<td align=\"left\" valign=\"top\">\n<div><span id=\"ctl16_UC_FB_Spielbericht_Statistik_Label13\">Spielinfos<\/span><\/div>\n<\/td>\n<\/tr>\n<tr>\n<td>\n<table id=\"ctl16_UC_FB_Spielbericht_Statistik_Table2\" style=\"border-collapse: collapse;\" border=\"0\" cellspacing=\"0\" cellpadding=\"0\">\n<tbody>\n<tr>\n<td><span id=\"ctl16_UC_FB_Spielbericht_Statistik_Label6\" style=\"font-weight: bold;\">Liga: <\/span><span id=\"ctl16_UC_FB_Spielbericht_Statistik_lblLiga\">Kreisklasse 1<\/span><\/td>\n<\/tr>\n<tr>\n<td><span id=\"ctl16_UC_FB_Spielbericht_Statistik_Label8\" style=\"font-weight: bold;\">Spieltag: <\/span><span id=\"ctl16_UC_FB_Spielbericht_Statistik_lblSpieltag\">Saison 2009\/10 &#8211; 3. Spieltag<\/span><\/td>\n<\/tr>\n<tr>\n<td><span id=\"ctl16_UC_FB_Spielbericht_Statistik_Label1\" style=\"font-weight: bold;\">Datum: <\/span><span id=\"ctl16_UC_FB_Spielbericht_Statistik_lblDatum\">23.08.2009<\/span><\/td>\n<\/tr>\n<tr>\n<td><span id=\"ctl16_UC_FB_Spielbericht_Statistik_Label2\" style=\"font-weight: bold;\">Ansto\u00df: <\/span><span id=\"ctl16_UC_FB_Spielbericht_Statistik_lblAnstoss\">15:00 Uhr<\/span><\/td>\n<\/tr>\n<tr>\n<td><span id=\"ctl16_UC_FB_Spielbericht_Statistik_Label3\" style=\"font-weight: bold;\">Sportst\u00e4tte: <\/span><span id=\"ctl16_UC_FB_Spielbericht_Statistik_lblSportstaette\">Am Wiesengrund, Hauptplatz<\/span><\/td>\n<\/tr>\n<tr>\n<td><span id=\"ctl16_UC_FB_Spielbericht_Statistik_Label5\" style=\"font-weight: bold;\">Zuschauer: <\/span><span id=\"ctl16_UC_FB_Spielbericht_Statistik_lblZuschauer\">100<\/span><\/td>\n<\/tr>\n<tr>\n<td><span id=\"ctl16_UC_FB_Spielbericht_Statistik_Label7\" style=\"font-weight: bold;\">Schiedsrichter: <\/span><span id=\"ctl16_UC_FB_Spielbericht_Statistik_lblSchiri\">Andreas Denzler (DJK Stappenbach)<\/span><\/td>\n<\/tr>\n<tr>\n<td><\/td>\n<\/tr>\n<\/tbody>\n<\/table>\n<\/td>\n<\/tr>\n<tr>\n<td style=\"height: 20px;\"><\/td>\n<\/tr>\n<tr>\n<td align=\"left\" valign=\"top\">\n<div><span id=\"ctl16_UC_FB_Spielbericht_Statistik_Label10\">Mannschafts-Aufstellungen<\/span><\/div>\n<\/td>\n<\/tr>\n<tr>\n<td>\n<table style=\"border-collapse: collapse;\" border=\"0\" cellspacing=\"0\" cellpadding=\"0\">\n<tbody>\n<tr>\n<td valign=\"top\"><span id=\"ctl16_UC_FB_Spielbericht_Statistik_lblTmAufHm\"><strong>DJK Erlangen<\/strong><\/p>\n<table border=\"0\" cellspacing=\"0\" cellpadding=\"2\" width=\"200\">\n<tbody>\n<tr>\n<td width=\"20\" align=\"center\">1<\/td>\n<td width=\"17\"><\/td>\n<td colspan=\"2\"><a href=\"http:\/\/anpfiff.info\/Sites_Content\/Beitrag.aspx?SK=2&amp;Rub=265&amp;Lay=544&amp;BtrID=0&amp;MvID=90&amp;PersID=9170\">Bachfischer<\/a><\/td>\n<\/tr>\n<tr>\n<td width=\"20\" align=\"center\">2<\/td>\n<td width=\"17\"><\/td>\n<td colspan=\"2\"><a href=\"http:\/\/anpfiff.info\/Sites_Content\/Beitrag.aspx?SK=2&amp;Rub=265&amp;Lay=544&amp;BtrID=0&amp;MvID=90&amp;PersID=30748\">Costanzo<\/a><\/td>\n<\/tr>\n<tr>\n<td width=\"20\" align=\"center\">3<\/td>\n<td width=\"17\"><\/td>\n<td colspan=\"2\"><a href=\"http:\/\/anpfiff.info\/Sites_Content\/Beitrag.aspx?SK=2&amp;Rub=265&amp;Lay=544&amp;BtrID=0&amp;MvID=90&amp;PersID=37075\">Rausch<\/a><\/td>\n<\/tr>\n<tr>\n<td width=\"20\" align=\"center\">4<\/td>\n<td width=\"17\"><\/td>\n<td colspan=\"2\"><a href=\"http:\/\/anpfiff.info\/Sites_Content\/Beitrag.aspx?SK=2&amp;Rub=265&amp;Lay=544&amp;BtrID=0&amp;MvID=90&amp;PersID=30579\">Thaufelder<\/a><\/td>\n<\/tr>\n<tr>\n<td width=\"20\" align=\"center\">5<\/td>\n<td width=\"17\"><\/td>\n<td colspan=\"2\"><a href=\"http:\/\/anpfiff.info\/Sites_Content\/Beitrag.aspx?SK=2&amp;Rub=265&amp;Lay=544&amp;BtrID=0&amp;MvID=90&amp;PersID=9173\">Luegmair<\/a><\/td>\n<\/tr>\n<tr>\n<td width=\"20\" align=\"center\">6<\/td>\n<td width=\"17\"><\/td>\n<td colspan=\"2\"><a href=\"http:\/\/anpfiff.info\/Sites_Content\/Beitrag.aspx?SK=2&amp;Rub=265&amp;Lay=544&amp;BtrID=0&amp;MvID=90&amp;PersID=9168\">Hoffmann<\/a><\/td>\n<\/tr>\n<tr>\n<td width=\"20\" align=\"center\">7<\/td>\n<td width=\"17\"><\/td>\n<td colspan=\"2\"><a href=\"http:\/\/anpfiff.info\/Sites_Content\/Beitrag.aspx?SK=2&amp;Rub=265&amp;Lay=544&amp;BtrID=0&amp;MvID=90&amp;PersID=9185\">Bethge<\/a><\/td>\n<\/tr>\n<tr>\n<td width=\"20\" align=\"center\">8<\/td>\n<td width=\"17\"><img decoding=\"async\" src=\"http:\/\/anpfiff.info\/Images\/Design\/TelegrammGelb16.png\" alt=\"\" \/><\/td>\n<td colspan=\"2\"><a href=\"http:\/\/anpfiff.info\/Sites_Content\/Beitrag.aspx?SK=2&amp;Rub=265&amp;Lay=544&amp;BtrID=0&amp;MvID=90&amp;PersID=9187\">Flauger<\/a><\/td>\n<\/tr>\n<tr>\n<td width=\"20\" align=\"center\">9<\/td>\n<td width=\"17\"><\/td>\n<td colspan=\"2\"><a href=\"http:\/\/anpfiff.info\/Sites_Content\/Beitrag.aspx?SK=2&amp;Rub=265&amp;Lay=544&amp;BtrID=0&amp;MvID=90&amp;PersID=11062\">Kraus<\/a><\/td>\n<\/tr>\n<tr>\n<td width=\"20\" align=\"center\">10<\/td>\n<td width=\"17\"><\/td>\n<td colspan=\"2\"><a href=\"http:\/\/anpfiff.info\/Sites_Content\/Beitrag.aspx?SK=2&amp;Rub=265&amp;Lay=544&amp;BtrID=0&amp;MvID=90&amp;PersID=9179\">Hanusch<\/a><\/td>\n<\/tr>\n<tr>\n<td width=\"20\" align=\"center\">11<\/td>\n<td width=\"17\"><\/td>\n<td colspan=\"2\"><a href=\"http:\/\/anpfiff.info\/Sites_Content\/Beitrag.aspx?SK=2&amp;Rub=265&amp;Lay=544&amp;BtrID=0&amp;MvID=90&amp;PersID=9257\">Trautner<\/a><\/td>\n<\/tr>\n<tr>\n<td colspan=\"4\" align=\"middle\"><img decoding=\"async\" src=\"http:\/\/anpfiff.info\/images\/design\/Top1Pixel_190.gif\" alt=\"\" \/><\/td>\n<\/tr>\n<tr>\n<td align=\"center\"><img decoding=\"async\" src=\"http:\/\/anpfiff.info\/Images\/Design\/In.gif\" alt=\"\" \/><\/td>\n<td><\/td>\n<td width=\"123\"><a href=\"http:\/\/anpfiff.info\/Sites_Content\/Beitrag.aspx?SK=2&amp;Rub=265&amp;Lay=544&amp;BtrID=0&amp;MvID=90&amp;PersID=37074\">Peters<\/a><\/td>\n<td width=\"25\">84.<\/td>\n<\/tr>\n<tr>\n<td align=\"center\"><img decoding=\"async\" src=\"http:\/\/anpfiff.info\/Images\/Design\/Out.gif\" alt=\"\" \/><\/td>\n<td><\/td>\n<td width=\"126\"><a href=\"http:\/\/anpfiff.info\/Sites_Content\/Beitrag.aspx?SK=2&amp;Rub=265&amp;Lay=544&amp;BtrID=0&amp;MvID=90&amp;PersID=37075\">Rausch<\/a><\/td>\n<td width=\"25\"><\/td>\n<\/tr>\n<tr>\n<td colspan=\"4\" align=\"middle\"><img decoding=\"async\" src=\"http:\/\/anpfiff.info\/images\/design\/Top1Pixel_190.gif\" alt=\"\" \/><\/td>\n<\/tr>\n<tr>\n<td align=\"center\"><img decoding=\"async\" src=\"http:\/\/anpfiff.info\/Images\/Design\/In.gif\" alt=\"\" \/><\/td>\n<td><\/td>\n<td width=\"123\"><a href=\"http:\/\/anpfiff.info\/Sites_Content\/Beitrag.aspx?SK=2&amp;Rub=265&amp;Lay=544&amp;BtrID=0&amp;MvID=90&amp;PersID=37909\">Wagner<\/a><\/td>\n<td width=\"25\">88.<\/td>\n<\/tr>\n<tr>\n<td align=\"center\"><img decoding=\"async\" src=\"http:\/\/anpfiff.info\/Images\/Design\/Out.gif\" alt=\"\" \/><\/td>\n<td><\/td>\n<td width=\"126\"><a href=\"http:\/\/anpfiff.info\/Sites_Content\/Beitrag.aspx?SK=2&amp;Rub=265&amp;Lay=544&amp;BtrID=0&amp;MvID=90&amp;PersID=9179\">Hanusch<\/a><\/td>\n<td width=\"25\"><\/td>\n<\/tr>\n<tr>\n<td colspan=\"4\" align=\"middle\"><img decoding=\"async\" src=\"http:\/\/anpfiff.info\/images\/design\/Top1Pixel_190.gif\" alt=\"\" \/><\/td>\n<\/tr>\n<tr>\n<td align=\"center\"><img decoding=\"async\" src=\"http:\/\/anpfiff.info\/Images\/Design\/In.gif\" alt=\"\" \/><\/td>\n<td><\/td>\n<td width=\"123\"><a href=\"http:\/\/anpfiff.info\/Sites_Content\/Beitrag.aspx?SK=2&amp;Rub=265&amp;Lay=544&amp;BtrID=0&amp;MvID=90&amp;PersID=35946\">Batz<\/a><\/td>\n<td width=\"25\">75.<\/td>\n<\/tr>\n<tr>\n<td align=\"center\"><img decoding=\"async\" src=\"http:\/\/anpfiff.info\/Images\/Design\/Out.gif\" alt=\"\" \/><\/td>\n<td><\/td>\n<td width=\"126\"><a href=\"http:\/\/anpfiff.info\/Sites_Content\/Beitrag.aspx?SK=2&amp;Rub=265&amp;Lay=544&amp;BtrID=0&amp;MvID=90&amp;PersID=9257\">Trautner<\/a><\/td>\n<td width=\"25\"><\/td>\n<\/tr>\n<tr>\n<td colspan=\"4\" align=\"middle\"><img decoding=\"async\" src=\"http:\/\/anpfiff.info\/images\/design\/Top1Pixel_190.gif\" alt=\"\" \/><\/td>\n<\/tr>\n<\/tbody>\n<\/table>\n<p><\/span><\/td>\n<td style=\"width: 5px;\"><\/td>\n<td valign=\"top\"><span id=\"ctl16_UC_FB_Spielbericht_Statistik_lblTmAufGt\"><strong>T\u00fcrkiyemspor Erlangen<\/strong><\/p>\n<table border=\"0\" cellspacing=\"0\" cellpadding=\"2\" width=\"200\">\n<tbody>\n<tr>\n<td width=\"20\" align=\"center\">1<\/td>\n<td width=\"17\"><\/td>\n<td colspan=\"2\"><a href=\"http:\/\/anpfiff.info\/Sites_Content\/Beitrag.aspx?SK=2&amp;Rub=265&amp;Lay=544&amp;BtrID=0&amp;MvID=90&amp;PersID=7114\">Kocak R.<\/a><\/td>\n<\/tr>\n<tr>\n<td width=\"20\" align=\"center\">2<\/td>\n<td width=\"17\"><img decoding=\"async\" src=\"http:\/\/anpfiff.info\/Images\/Design\/TelegrammGelb16.png\" alt=\"\" \/><\/td>\n<td colspan=\"2\"><a href=\"http:\/\/anpfiff.info\/Sites_Content\/Beitrag.aspx?SK=2&amp;Rub=265&amp;Lay=544&amp;BtrID=0&amp;MvID=90&amp;PersID=14499\">Kocak M.<\/a><\/td>\n<\/tr>\n<tr>\n<td width=\"20\" align=\"center\">3<\/td>\n<td width=\"17\"><img decoding=\"async\" src=\"http:\/\/anpfiff.info\/Images\/Design\/TelegrammGelb16.png\" alt=\"\" \/><\/td>\n<td colspan=\"2\"><a href=\"http:\/\/anpfiff.info\/Sites_Content\/Beitrag.aspx?SK=2&amp;Rub=265&amp;Lay=544&amp;BtrID=0&amp;MvID=90&amp;PersID=29304\">Savasan<\/a><\/td>\n<\/tr>\n<tr>\n<td width=\"20\" align=\"center\">4<\/td>\n<td width=\"17\"><\/td>\n<td colspan=\"2\"><a href=\"http:\/\/anpfiff.info\/Sites_Content\/Beitrag.aspx?SK=2&amp;Rub=265&amp;Lay=544&amp;BtrID=0&amp;MvID=90&amp;PersID=7115\">Dincer<\/a><\/td>\n<\/tr>\n<tr>\n<td width=\"20\" align=\"center\">5<\/td>\n<td width=\"17\"><\/td>\n<td colspan=\"2\"><a href=\"http:\/\/anpfiff.info\/Sites_Content\/Beitrag.aspx?SK=2&amp;Rub=265&amp;Lay=544&amp;BtrID=0&amp;MvID=90&amp;PersID=7130\">Kocak Hi.<\/a><\/td>\n<\/tr>\n<tr>\n<td width=\"20\" align=\"center\">6<\/td>\n<td width=\"17\"><\/td>\n<td colspan=\"2\"><a href=\"http:\/\/anpfiff.info\/Sites_Content\/Beitrag.aspx?SK=2&amp;Rub=265&amp;Lay=544&amp;BtrID=0&amp;MvID=90&amp;PersID=7124\">Kaya F.<\/a><\/td>\n<\/tr>\n<tr>\n<td width=\"20\" align=\"center\">7<\/td>\n<td width=\"17\"><\/td>\n<td colspan=\"2\"><a href=\"http:\/\/anpfiff.info\/Sites_Content\/Beitrag.aspx?SK=2&amp;Rub=265&amp;Lay=544&amp;BtrID=0&amp;MvID=90&amp;PersID=9754\">Kanici C.<\/a><\/td>\n<\/tr>\n<tr>\n<td width=\"20\" align=\"center\">8<\/td>\n<td width=\"17\"><\/td>\n<td colspan=\"2\"><a href=\"http:\/\/anpfiff.info\/Sites_Content\/Beitrag.aspx?SK=2&amp;Rub=265&amp;Lay=544&amp;BtrID=0&amp;MvID=90&amp;PersID=9750\">Kanici A.<\/a><\/td>\n<\/tr>\n<tr>\n<td width=\"20\" align=\"center\">9<\/td>\n<td width=\"17\"><\/td>\n<td colspan=\"2\"><a href=\"http:\/\/anpfiff.info\/Sites_Content\/Beitrag.aspx?SK=2&amp;Rub=265&amp;Lay=544&amp;BtrID=0&amp;MvID=90&amp;PersID=12296\">Kocak E.<\/a><\/td>\n<\/tr>\n<tr>\n<td width=\"20\" align=\"center\">10<\/td>\n<td width=\"17\"><\/td>\n<td colspan=\"2\"><a href=\"http:\/\/anpfiff.info\/Sites_Content\/Beitrag.aspx?SK=2&amp;Rub=265&amp;Lay=544&amp;BtrID=0&amp;MvID=90&amp;PersID=12776\">Sofuoglu<\/a><\/td>\n<\/tr>\n<tr>\n<td width=\"20\" align=\"center\">11<\/td>\n<td width=\"17\"><img decoding=\"async\" src=\"http:\/\/anpfiff.info\/Images\/Design\/TelegrammGelb16.png\" alt=\"\" \/><\/td>\n<td colspan=\"2\"><a href=\"http:\/\/anpfiff.info\/Sites_Content\/Beitrag.aspx?SK=2&amp;Rub=265&amp;Lay=544&amp;BtrID=0&amp;MvID=90&amp;PersID=7127\">Cicek G.<\/a><\/td>\n<\/tr>\n<\/tbody>\n<\/table>\n<p><\/span><\/td>\n<\/tr>\n<\/tbody>\n<\/table>\n<\/td>\n<\/tr>\n<tr id=\"ctl16_UC_FB_Spielbericht_Statistik_tblRowZeichenerklaerung\">\n<td><span>Zeichenerkl\u00e4rung:<\/span><br \/>\n<img decoding=\"async\" id=\"ctl16_UC_FB_Spielbericht_Statistik_imgZeichenGelb\" style=\"border-width: 0px;\" src=\"http:\/\/anpfiff.info\/Images\/Design\/TelegrammGelb16.gif\" alt=\"\" align=\"absmiddle\" \/><span id=\"ctl16_UC_FB_Spielbericht_Statistik_lblZeichenGelb\"> = gelbe Karte<\/span><span id=\"ctl16_UC_FB_Spielbericht_Statistik_lblZeichenTrennerGelb\"> | <\/span><img decoding=\"async\" id=\"ctl16_UC_FB_Spielbericht_Statistik_imgZeichenIn\" style=\"border-width: 0px;\" src=\"http:\/\/anpfiff.info\/Images\/Design\/In.gif\" alt=\"\" align=\"absmiddle\" \/><span id=\"ctl16_UC_FB_Spielbericht_Statistik_lblZeichenIn\"> = Einwechslung<\/span><span id=\"ctl16_UC_FB_Spielbericht_Statistik_lblZeichenTrennerIn\"> | <\/span><img decoding=\"async\" id=\"ctl16_UC_FB_Spielbericht_Statistik_imgZeichenOut\" style=\"border-width: 0px;\" src=\"http:\/\/anpfiff.info\/Images\/Design\/Out.gif\" alt=\"\" align=\"absmiddle\" \/><span id=\"ctl16_UC_FB_Spielbericht_Statistik_lblZeichenOut\"> = Auswechslung<\/span><\/td>\n<\/tr>\n<tr>\n<td style=\"height: 20px;\"><\/td>\n<\/tr>\n<tr>\n<td style=\"height: 20px;\"><\/td>\n<\/tr>\n<tr>\n<td align=\"left\" valign=\"top\">\n<div><span id=\"ctl16_UC_FB_Spielbericht_Statistik_Label11\">Torsch\u00fctzen<\/span><\/div>\n<\/td>\n<\/tr>\n<tr>\n<td><span id=\"ctl16_UC_FB_Spielbericht_Statistik_lblTore\"><\/p>\n<table border=\"0\" cellspacing=\"0\" cellpadding=\"2\">\n<tbody>\n<tr height=\"53\">\n<td width=\"45\"><img decoding=\"async\" src=\"http:\/\/anpfiff.info\/upload\/Archiv\/A013001-13500\/13219.jpg\" alt=\"\" width=\"40\" align=\"middle\" \/><\/td>\n<td width=\"130\">Flauger<\/td>\n<td width=\"40\" align=\"middle\"><strong>1:0<\/strong><br \/>\n(30.)<\/td>\n<\/tr>\n<\/tbody>\n<\/table>\n<p><\/span><\/td>\n<\/tr>\n<\/tbody>\n<\/table>\n\n\t\t<style type=\"text\/css\">\n\t\t\t#gallery-1 {\n\t\t\t\tmargin: auto;\n\t\t\t}\n\t\t\t#gallery-1 .gallery-item {\n\t\t\t\tfloat: left;\n\t\t\t\tmargin-top: 10px;\n\t\t\t\ttext-align: center;\n\t\t\t\twidth: 50%;\n\t\t\t}\n\t\t\t#gallery-1 img {\n\t\t\t\tborder: 2px solid #cfcfcf;\n\t\t\t}\n\t\t\t#gallery-1 .gallery-caption {\n\t\t\t\tmargin-left: 0;\n\t\t\t}\n\t\t\t\/* see gallery_shortcode() in wp-includes\/media.php *\/\n\t\t<\/style>\n\t\t<div id='gallery-1' class='gallery galleryid-480 gallery-columns-2 gallery-size-thumbnail'><dl class='gallery-item'>\n\t\t\t<dt class='gallery-icon landscape'>\n\t\t\t\t<a href='https:\/\/www.djk-erlangen.de\/fussball\/wp-content\/uploads\/2009\/08\/Bearbeitet02.JPG'><img loading=\"lazy\" decoding=\"async\" width=\"150\" height=\"150\" src=\"https:\/\/www.djk-erlangen.de\/fussball\/wp-content\/uploads\/2009\/08\/Bearbeitet02-150x150.jpg\" class=\"attachment-thumbnail size-thumbnail\" alt=\"\" aria-describedby=\"gallery-1-483\" \/><\/a>\n\t\t\t<\/dt>\n\t\t\t\t<dd class='wp-caption-text gallery-caption' id='gallery-1-483'>\n\t\t\t\tDas Duell Hoffmann &#8211; Sofuoglu unter Beobachtung von Trautner und Hanusch.\n\t\t\t\t<\/dd><\/dl><dl class='gallery-item'>\n\t\t\t<dt class='gallery-icon landscape'>\n\t\t\t\t<a href='https:\/\/www.djk-erlangen.de\/fussball\/wp-content\/uploads\/2009\/08\/Bearbeitet01.JPG'><img loading=\"lazy\" decoding=\"async\" width=\"150\" height=\"150\" src=\"https:\/\/www.djk-erlangen.de\/fussball\/wp-content\/uploads\/2009\/08\/Bearbeitet01-150x150.jpg\" class=\"attachment-thumbnail size-thumbnail\" alt=\"\" aria-describedby=\"gallery-1-482\" \/><\/a>\n\t\t\t<\/dt>\n\t\t\t\t<dd class='wp-caption-text gallery-caption' id='gallery-1-482'>\n\t\t\t\tDie DJK war am Sonntag &#8211; nicht nur in dieser Situation &#8211; obenauf.\n\t\t\t\t<\/dd><\/dl><br style=\"clear: both\" \/><dl class='gallery-item'>\n\t\t\t<dt class='gallery-icon landscape'>\n\t\t\t\t<a href='https:\/\/www.djk-erlangen.de\/fussball\/wp-content\/uploads\/2009\/08\/Bearbeitet03.JPG'><img loading=\"lazy\" decoding=\"async\" width=\"150\" height=\"150\" src=\"https:\/\/www.djk-erlangen.de\/fussball\/wp-content\/uploads\/2009\/08\/Bearbeitet03-150x150.jpg\" class=\"attachment-thumbnail size-thumbnail\" alt=\"\" aria-describedby=\"gallery-1-481\" \/><\/a>\n\t\t\t<\/dt>\n\t\t\t\t<dd class='wp-caption-text gallery-caption' id='gallery-1-481'>\n\t\t\t\tMatchwinner Flauger in Erwartung der Ausf\u00fchrung eines Freisto\u00dfes.\n\t\t\t\t<\/dd><\/dl>\n\t\t\t<br style='clear: both' \/>\n\t\t<\/div>\n\n","protected":false},"excerpt":{"rendered":"<p>\u201eDann macht es Bumm &#8211; ja und dann kracht\u2019s \u2026und alle schrei\u2019n: Der M\u00fcller macht\u2019s! Dann macht es Bumm, dann gibt\u2019s ein Tor und alle schrei\u2019n: Gerd M\u00fcller vor!\u201c<\/p>\n","protected":false},"author":2,"featured_media":0,"comment_status":"open","ping_status":"open","sticky":false,"template":"","format":"standard","meta":{"jetpack_post_was_ever_published":false,"_jetpack_newsletter_access":"","_jetpack_dont_email_post_to_subs":false,"_jetpack_newsletter_tier_id":0,"_jetpack_memberships_contains_paywalled_content":false,"_jetpack_memberships_contains_paid_content":false,"footnotes":"","jetpack_publicize_message":"","jetpack_publicize_feature_enabled":true,"jetpack_social_post_already_shared":false,"jetpack_social_options":{"image_generator_settings":{"template":"highway","default_image_id":0,"font":"","enabled":false},"version":2}},"categories":[5,17],"tags":[],"class_list":["post-480","post","type-post","status-publish","format-standard","hentry","category-herren","category-herren-1"],"jetpack_publicize_connections":[],"jetpack_featured_media_url":"","jetpack_shortlink":"https:\/\/wp.me\/p2ZUr0-7K","jetpack_sharing_enabled":true,"_links":{"self":[{"href":"https:\/\/www.djk-erlangen.de\/fussball\/index.php?rest_route=\/wp\/v2\/posts\/480","targetHints":{"allow":["GET"]}}],"collection":[{"href":"https:\/\/www.djk-erlangen.de\/fussball\/index.php?rest_route=\/wp\/v2\/posts"}],"about":[{"href":"https:\/\/www.djk-erlangen.de\/fussball\/index.php?rest_route=\/wp\/v2\/types\/post"}],"author":[{"embeddable":true,"href":"https:\/\/www.djk-erlangen.de\/fussball\/index.php?rest_route=\/wp\/v2\/users\/2"}],"replies":[{"embeddable":true,"href":"https:\/\/www.djk-erlangen.de\/fussball\/index.php?rest_route=%2Fwp%2Fv2%2Fcomments&post=480"}],"version-history":[{"count":4,"href":"https:\/\/www.djk-erlangen.de\/fussball\/index.php?rest_route=\/wp\/v2\/posts\/480\/revisions"}],"predecessor-version":[{"id":656,"href":"https:\/\/www.djk-erlangen.de\/fussball\/index.php?rest_route=\/wp\/v2\/posts\/480\/revisions\/656"}],"wp:attachment":[{"href":"https:\/\/www.djk-erlangen.de\/fussball\/index.php?rest_route=%2Fwp%2Fv2%2Fmedia&parent=480"}],"wp:term":[{"taxonomy":"category","embeddable":true,"href":"https:\/\/www.djk-erlangen.de\/fussball\/index.php?rest_route=%2Fwp%2Fv2%2Fcategories&post=480"},{"taxonomy":"post_tag","embeddable":true,"href":"https:\/\/www.djk-erlangen.de\/fussball\/index.php?rest_route=%2Fwp%2Fv2%2Ftags&post=480"}],"curies":[{"name":"wp","href":"https:\/\/api.w.org\/{rel}","templated":true}]}}