{"id":4653,"date":"2010-10-08T20:55:51","date_gmt":"2010-10-08T18:55:51","guid":{"rendered":"http:\/\/www.djk-erlangen.de\/fussball\/?p=4653"},"modified":"2010-10-08T22:27:51","modified_gmt":"2010-10-08T20:27:51","slug":"das-wunder-vom-wiesengrund-teil-iv","status":"publish","type":"post","link":"https:\/\/www.djk-erlangen.de\/fussball\/?p=4653","title":{"rendered":"Das Wunder vom Wiesengrund Teil IV"},"content":{"rendered":"<p>Am heutigen Freitag nachmittag f\u00fchrte uns der Weg zum TSV nach Marloffstein. Beste \u00e4u\u00dfere Bedingungen bei sp\u00e4tsommerlichen Temperaturen sollte uns heute wieder einen<br \/>\nLeckerbissen in Sachen Kleinfeld Fu\u00dfball pr\u00e4sentieren. Leider fing das Spiel mit einer unn\u00f6tigen Verz\u00f6gerung an, da erneut bei einem Gastspiel in Marloffstein zum Anpfiff der Begegnung kein ordnungsgem\u00e4\u00dfes Spielger\u00e4t zur Verf\u00fcgung gestellt wurde.<!--more--><\/p>\n<p>Hochmotiviert gingen die Wiesenweg Brasilianer die Begegnung an. Doch das vorher Besprochene wurde nicht umgesetzt. Vielmehr irrten die Lober Buben hilflos \u00fcber das Spielfeld. Erst eine Umstellung des Systems sorgte f\u00fcr ein wenig Ordnung im Spiel und prompt erzielte, nach wundersch\u00f6ner Vorlage von Luis, &#8222;Ronaldo&#8220; Martin den zu diesem Zeitpunkt \u00fcbergl\u00fccklichen F\u00fchrungstreffer f\u00fcr die gr\u00fcnschwarzen. Dieses Tor sorgte dann f\u00fcr Verwirrung beim TSV und diese nutzte &#8222;Capitano&#8220; Alex eiskalt zur 2: 0 Pausenf\u00fchrung.<\/p>\n<p>Nach einer ordentlichen Kabinenpredigt durch das Trainerduo Kurz\/Lober war mit Beginn des zweiten Spielabschnitts sofort die Laufbereitschaft wieder da und der angeschlagene Luis sah den besser positionierten Manuel, welcher den Ball in der 26.Spielminute zur 3:0 F\u00fchrung in die Maschen drosch. Mit diesem sicheren Vorsprung im R\u00fccken versuchte auch die F-2 das Spiel nun mehr zu verwalten und prompt kamen die Hausherren mehrmals gef\u00e4hrlich vor unser Tor. Die zahlreichen Chancen wurden jedoch durch den besten Mann am heutigen Tag Rick souver\u00e4n unterbunden bzw. durch unseren Torw\u00e4chter Dominik vereitelt.\u00a0 Als man sich dann wieder auf das Agieren<br \/>\nkonzentrierte, war es dann auch recht bald mit der Herrlichkeit der Schlo\u00dfkicker vorbei, denn mit dem sch\u00f6nsten Tor des Tages kr\u00f6nte Alex seine Leistung mit dem 4:0. Einziger H\u00f6hepunkt in den Schlu\u00dfminuten waren zwei ganz r\u00fcde Fouls an Luis kurz vor der Strafraumgrenze. Die beiden Freist\u00f6\u00dfe verfehlten denkbar knapp das gegnerische Geh\u00e4use und so endete die Begegnung letztendlich mit einem leistungsgerechten und auch in diese H\u00f6he verdienten Ausw\u00e4rtssieg. So geht das Wunder vom Wiesengrund in den n\u00e4chsten Akt. Verlustpunktfrei f\u00fchrt man hauchd\u00fcnn vor dem \u00e4rgsten Wiedersacher Frauenaurach die Tabelle an. So wird es wahrscheinlich in 14 Tagen zum entscheidenden Spiel\u00a0 gegen MediaMarkt Downtown im Wiesengrund kommen. Vorher sollte jedoch die lupenreine Weste beim schweren Ausw\u00e4rtsspiel in Leutenbach behauptet werden!<\/p>\n<p>Jungs macht weiter so! Vielleicht wird ja aus dem Wunder, das M\u00e4rchen vom Wiesengrund.<\/p>\n\n\t\t<style type=\"text\/css\">\n\t\t\t#gallery-1 {\n\t\t\t\tmargin: auto;\n\t\t\t}\n\t\t\t#gallery-1 .gallery-item {\n\t\t\t\tfloat: left;\n\t\t\t\tmargin-top: 10px;\n\t\t\t\ttext-align: center;\n\t\t\t\twidth: 33%;\n\t\t\t}\n\t\t\t#gallery-1 img {\n\t\t\t\tborder: 2px solid #cfcfcf;\n\t\t\t}\n\t\t\t#gallery-1 .gallery-caption {\n\t\t\t\tmargin-left: 0;\n\t\t\t}\n\t\t\t\/* see gallery_shortcode() in wp-includes\/media.php *\/\n\t\t<\/style>\n\t\t<div id='gallery-1' class='gallery galleryid-4653 gallery-columns-3 gallery-size-thumbnail'><dl class='gallery-item'>\n\t\t\t<dt class='gallery-icon landscape'>\n\t\t\t\t<a href='https:\/\/www.djk-erlangen.de\/fussball\/wp-content\/uploads\/2010\/10\/P1020641.jpg'><img loading=\"lazy\" decoding=\"async\" width=\"150\" height=\"112\" src=\"https:\/\/www.djk-erlangen.de\/fussball\/wp-content\/uploads\/2010\/10\/P1020641-150x112.jpg\" class=\"attachment-thumbnail size-thumbnail\" alt=\"\" srcset=\"https:\/\/www.djk-erlangen.de\/fussball\/wp-content\/uploads\/2010\/10\/P1020641-150x112.jpg 150w, https:\/\/www.djk-erlangen.de\/fussball\/wp-content\/uploads\/2010\/10\/P1020641-300x225.jpg 300w, https:\/\/www.djk-erlangen.de\/fussball\/wp-content\/uploads\/2010\/10\/P1020641.jpg 640w\" sizes=\"auto, (max-width: 150px) 100vw, 150px\" \/><\/a>\n\t\t\t<\/dt><\/dl><dl class='gallery-item'>\n\t\t\t<dt class='gallery-icon landscape'>\n\t\t\t\t<a href='https:\/\/www.djk-erlangen.de\/fussball\/wp-content\/uploads\/2010\/10\/P1020643.jpg'><img loading=\"lazy\" decoding=\"async\" width=\"150\" height=\"112\" src=\"https:\/\/www.djk-erlangen.de\/fussball\/wp-content\/uploads\/2010\/10\/P1020643-150x112.jpg\" class=\"attachment-thumbnail size-thumbnail\" alt=\"\" srcset=\"https:\/\/www.djk-erlangen.de\/fussball\/wp-content\/uploads\/2010\/10\/P1020643-150x112.jpg 150w, https:\/\/www.djk-erlangen.de\/fussball\/wp-content\/uploads\/2010\/10\/P1020643-300x225.jpg 300w, https:\/\/www.djk-erlangen.de\/fussball\/wp-content\/uploads\/2010\/10\/P1020643.jpg 640w\" sizes=\"auto, (max-width: 150px) 100vw, 150px\" \/><\/a>\n\t\t\t<\/dt><\/dl><dl class='gallery-item'>\n\t\t\t<dt class='gallery-icon landscape'>\n\t\t\t\t<a href='https:\/\/www.djk-erlangen.de\/fussball\/wp-content\/uploads\/2010\/10\/P1020645.jpg'><img loading=\"lazy\" decoding=\"async\" width=\"150\" height=\"112\" src=\"https:\/\/www.djk-erlangen.de\/fussball\/wp-content\/uploads\/2010\/10\/P1020645-150x112.jpg\" class=\"attachment-thumbnail size-thumbnail\" alt=\"\" srcset=\"https:\/\/www.djk-erlangen.de\/fussball\/wp-content\/uploads\/2010\/10\/P1020645-150x112.jpg 150w, https:\/\/www.djk-erlangen.de\/fussball\/wp-content\/uploads\/2010\/10\/P1020645-300x225.jpg 300w, https:\/\/www.djk-erlangen.de\/fussball\/wp-content\/uploads\/2010\/10\/P1020645.jpg 640w\" sizes=\"auto, (max-width: 150px) 100vw, 150px\" \/><\/a>\n\t\t\t<\/dt><\/dl><br style=\"clear: both\" \/><dl class='gallery-item'>\n\t\t\t<dt class='gallery-icon landscape'>\n\t\t\t\t<a href='https:\/\/www.djk-erlangen.de\/fussball\/wp-content\/uploads\/2010\/10\/P1020650.jpg'><img loading=\"lazy\" decoding=\"async\" width=\"150\" height=\"112\" src=\"https:\/\/www.djk-erlangen.de\/fussball\/wp-content\/uploads\/2010\/10\/P1020650-150x112.jpg\" class=\"attachment-thumbnail size-thumbnail\" alt=\"\" srcset=\"https:\/\/www.djk-erlangen.de\/fussball\/wp-content\/uploads\/2010\/10\/P1020650-150x112.jpg 150w, https:\/\/www.djk-erlangen.de\/fussball\/wp-content\/uploads\/2010\/10\/P1020650-300x225.jpg 300w, https:\/\/www.djk-erlangen.de\/fussball\/wp-content\/uploads\/2010\/10\/P1020650.jpg 640w\" sizes=\"auto, (max-width: 150px) 100vw, 150px\" \/><\/a>\n\t\t\t<\/dt><\/dl><dl class='gallery-item'>\n\t\t\t<dt class='gallery-icon landscape'>\n\t\t\t\t<a href='https:\/\/www.djk-erlangen.de\/fussball\/wp-content\/uploads\/2010\/10\/P1020651.jpg'><img loading=\"lazy\" decoding=\"async\" width=\"150\" height=\"112\" src=\"https:\/\/www.djk-erlangen.de\/fussball\/wp-content\/uploads\/2010\/10\/P1020651-150x112.jpg\" class=\"attachment-thumbnail size-thumbnail\" alt=\"\" srcset=\"https:\/\/www.djk-erlangen.de\/fussball\/wp-content\/uploads\/2010\/10\/P1020651-150x112.jpg 150w, https:\/\/www.djk-erlangen.de\/fussball\/wp-content\/uploads\/2010\/10\/P1020651-300x225.jpg 300w, https:\/\/www.djk-erlangen.de\/fussball\/wp-content\/uploads\/2010\/10\/P1020651.jpg 640w\" sizes=\"auto, (max-width: 150px) 100vw, 150px\" \/><\/a>\n\t\t\t<\/dt><\/dl><dl class='gallery-item'>\n\t\t\t<dt class='gallery-icon landscape'>\n\t\t\t\t<a href='https:\/\/www.djk-erlangen.de\/fussball\/wp-content\/uploads\/2010\/10\/P1020653.jpg'><img loading=\"lazy\" decoding=\"async\" width=\"150\" height=\"112\" src=\"https:\/\/www.djk-erlangen.de\/fussball\/wp-content\/uploads\/2010\/10\/P1020653-150x112.jpg\" class=\"attachment-thumbnail size-thumbnail\" alt=\"\" srcset=\"https:\/\/www.djk-erlangen.de\/fussball\/wp-content\/uploads\/2010\/10\/P1020653-150x112.jpg 150w, https:\/\/www.djk-erlangen.de\/fussball\/wp-content\/uploads\/2010\/10\/P1020653-300x225.jpg 300w, https:\/\/www.djk-erlangen.de\/fussball\/wp-content\/uploads\/2010\/10\/P1020653.jpg 640w\" sizes=\"auto, (max-width: 150px) 100vw, 150px\" \/><\/a>\n\t\t\t<\/dt><\/dl><br style=\"clear: both\" \/><dl class='gallery-item'>\n\t\t\t<dt class='gallery-icon landscape'>\n\t\t\t\t<a href='https:\/\/www.djk-erlangen.de\/fussball\/wp-content\/uploads\/2010\/10\/P1020655.jpg'><img loading=\"lazy\" decoding=\"async\" width=\"150\" height=\"112\" src=\"https:\/\/www.djk-erlangen.de\/fussball\/wp-content\/uploads\/2010\/10\/P1020655-150x112.jpg\" class=\"attachment-thumbnail size-thumbnail\" alt=\"\" srcset=\"https:\/\/www.djk-erlangen.de\/fussball\/wp-content\/uploads\/2010\/10\/P1020655-150x112.jpg 150w, https:\/\/www.djk-erlangen.de\/fussball\/wp-content\/uploads\/2010\/10\/P1020655-300x225.jpg 300w, https:\/\/www.djk-erlangen.de\/fussball\/wp-content\/uploads\/2010\/10\/P1020655.jpg 640w\" sizes=\"auto, (max-width: 150px) 100vw, 150px\" \/><\/a>\n\t\t\t<\/dt><\/dl><dl class='gallery-item'>\n\t\t\t<dt class='gallery-icon landscape'>\n\t\t\t\t<a href='https:\/\/www.djk-erlangen.de\/fussball\/wp-content\/uploads\/2010\/10\/P1020659.jpg'><img loading=\"lazy\" decoding=\"async\" width=\"150\" height=\"112\" src=\"https:\/\/www.djk-erlangen.de\/fussball\/wp-content\/uploads\/2010\/10\/P1020659-150x112.jpg\" class=\"attachment-thumbnail size-thumbnail\" alt=\"\" srcset=\"https:\/\/www.djk-erlangen.de\/fussball\/wp-content\/uploads\/2010\/10\/P1020659-150x112.jpg 150w, https:\/\/www.djk-erlangen.de\/fussball\/wp-content\/uploads\/2010\/10\/P1020659-300x225.jpg 300w, https:\/\/www.djk-erlangen.de\/fussball\/wp-content\/uploads\/2010\/10\/P1020659.jpg 640w\" sizes=\"auto, (max-width: 150px) 100vw, 150px\" \/><\/a>\n\t\t\t<\/dt><\/dl><dl class='gallery-item'>\n\t\t\t<dt class='gallery-icon landscape'>\n\t\t\t\t<a href='https:\/\/www.djk-erlangen.de\/fussball\/wp-content\/uploads\/2010\/10\/P1020669.jpg'><img loading=\"lazy\" decoding=\"async\" width=\"150\" height=\"112\" src=\"https:\/\/www.djk-erlangen.de\/fussball\/wp-content\/uploads\/2010\/10\/P1020669-150x112.jpg\" class=\"attachment-thumbnail size-thumbnail\" alt=\"\" srcset=\"https:\/\/www.djk-erlangen.de\/fussball\/wp-content\/uploads\/2010\/10\/P1020669-150x112.jpg 150w, https:\/\/www.djk-erlangen.de\/fussball\/wp-content\/uploads\/2010\/10\/P1020669-300x225.jpg 300w, https:\/\/www.djk-erlangen.de\/fussball\/wp-content\/uploads\/2010\/10\/P1020669.jpg 640w\" sizes=\"auto, (max-width: 150px) 100vw, 150px\" \/><\/a>\n\t\t\t<\/dt><\/dl><br style=\"clear: both\" \/><dl class='gallery-item'>\n\t\t\t<dt class='gallery-icon landscape'>\n\t\t\t\t<a href='https:\/\/www.djk-erlangen.de\/fussball\/wp-content\/uploads\/2010\/10\/P1020670.jpg'><img loading=\"lazy\" decoding=\"async\" width=\"150\" height=\"112\" src=\"https:\/\/www.djk-erlangen.de\/fussball\/wp-content\/uploads\/2010\/10\/P1020670-150x112.jpg\" class=\"attachment-thumbnail size-thumbnail\" alt=\"\" srcset=\"https:\/\/www.djk-erlangen.de\/fussball\/wp-content\/uploads\/2010\/10\/P1020670-150x112.jpg 150w, https:\/\/www.djk-erlangen.de\/fussball\/wp-content\/uploads\/2010\/10\/P1020670-300x225.jpg 300w, https:\/\/www.djk-erlangen.de\/fussball\/wp-content\/uploads\/2010\/10\/P1020670.jpg 640w\" sizes=\"auto, (max-width: 150px) 100vw, 150px\" \/><\/a>\n\t\t\t<\/dt><\/dl><dl class='gallery-item'>\n\t\t\t<dt class='gallery-icon landscape'>\n\t\t\t\t<a href='https:\/\/www.djk-erlangen.de\/fussball\/wp-content\/uploads\/2010\/10\/P1020676.jpg'><img loading=\"lazy\" decoding=\"async\" width=\"150\" height=\"112\" src=\"https:\/\/www.djk-erlangen.de\/fussball\/wp-content\/uploads\/2010\/10\/P1020676-150x112.jpg\" class=\"attachment-thumbnail size-thumbnail\" alt=\"\" srcset=\"https:\/\/www.djk-erlangen.de\/fussball\/wp-content\/uploads\/2010\/10\/P1020676-150x112.jpg 150w, https:\/\/www.djk-erlangen.de\/fussball\/wp-content\/uploads\/2010\/10\/P1020676-300x225.jpg 300w, https:\/\/www.djk-erlangen.de\/fussball\/wp-content\/uploads\/2010\/10\/P1020676.jpg 640w\" sizes=\"auto, (max-width: 150px) 100vw, 150px\" \/><\/a>\n\t\t\t<\/dt><\/dl>\n\t\t\t<br style='clear: both' \/>\n\t\t<\/div>\n\n<p>Aufgebot DjK:<br \/>\nDominik K.; Dominik S.; Alex; Ermal; Manuel; Luis; Martin; Rick; Mate; Maxi; Momo;<\/p>\n<p>Tore:<br \/>\nAlex (2) Martin (1) Manuel (1)<\/p>\n","protected":false},"excerpt":{"rendered":"<p>Am heutigen Freitag nachmittag f\u00fchrte uns der Weg zum TSV nach Marloffstein. Beste \u00e4u\u00dfere Bedingungen bei sp\u00e4tsommerlichen Temperaturen sollte uns heute wieder einen Leckerbissen in Sachen Kleinfeld Fu\u00dfball pr\u00e4sentieren. Leider fing das Spiel mit einer unn\u00f6tigen Verz\u00f6gerung an, da erneut &hellip; <a href=\"https:\/\/www.djk-erlangen.de\/fussball\/?p=4653\">Weiterlesen <span class=\"meta-nav\">&rarr;<\/span><\/a><\/p>\n","protected":false},"author":32,"featured_media":0,"comment_status":"open","ping_status":"closed","sticky":false,"template":"","format":"standard","meta":{"jetpack_post_was_ever_published":false,"_jetpack_newsletter_access":"","_jetpack_dont_email_post_to_subs":false,"_jetpack_newsletter_tier_id":0,"_jetpack_memberships_contains_paywalled_content":false,"_jetpack_memberships_contains_paid_content":false,"footnotes":"","jetpack_publicize_message":"","jetpack_publicize_feature_enabled":true,"jetpack_social_post_already_shared":false,"jetpack_social_options":{"image_generator_settings":{"template":"highway","default_image_id":0,"font":"","enabled":false},"version":2}},"categories":[1],"tags":[],"class_list":["post-4653","post","type-post","status-publish","format-standard","hentry","category-allgemein"],"jetpack_publicize_connections":[],"jetpack_featured_media_url":"","jetpack_shortlink":"https:\/\/wp.me\/p2ZUr0-1d3","jetpack_sharing_enabled":true,"_links":{"self":[{"href":"https:\/\/www.djk-erlangen.de\/fussball\/index.php?rest_route=\/wp\/v2\/posts\/4653","targetHints":{"allow":["GET"]}}],"collection":[{"href":"https:\/\/www.djk-erlangen.de\/fussball\/index.php?rest_route=\/wp\/v2\/posts"}],"about":[{"href":"https:\/\/www.djk-erlangen.de\/fussball\/index.php?rest_route=\/wp\/v2\/types\/post"}],"author":[{"embeddable":true,"href":"https:\/\/www.djk-erlangen.de\/fussball\/index.php?rest_route=\/wp\/v2\/users\/32"}],"replies":[{"embeddable":true,"href":"https:\/\/www.djk-erlangen.de\/fussball\/index.php?rest_route=%2Fwp%2Fv2%2Fcomments&post=4653"}],"version-history":[{"count":5,"href":"https:\/\/www.djk-erlangen.de\/fussball\/index.php?rest_route=\/wp\/v2\/posts\/4653\/revisions"}],"predecessor-version":[{"id":4666,"href":"https:\/\/www.djk-erlangen.de\/fussball\/index.php?rest_route=\/wp\/v2\/posts\/4653\/revisions\/4666"}],"wp:attachment":[{"href":"https:\/\/www.djk-erlangen.de\/fussball\/index.php?rest_route=%2Fwp%2Fv2%2Fmedia&parent=4653"}],"wp:term":[{"taxonomy":"category","embeddable":true,"href":"https:\/\/www.djk-erlangen.de\/fussball\/index.php?rest_route=%2Fwp%2Fv2%2Fcategories&post=4653"},{"taxonomy":"post_tag","embeddable":true,"href":"https:\/\/www.djk-erlangen.de\/fussball\/index.php?rest_route=%2Fwp%2Fv2%2Ftags&post=4653"}],"curies":[{"name":"wp","href":"https:\/\/api.w.org\/{rel}","templated":true}]}}