{"id":4511,"date":"2010-09-26T20:32:49","date_gmt":"2010-09-26T18:32:49","guid":{"rendered":"http:\/\/www.djk-erlangen.de\/fussball\/?p=4511"},"modified":"2010-10-03T11:36:47","modified_gmt":"2010-10-03T09:36:47","slug":"9-spieltag-djk-erlangen-ii-turkischer-sv-erlangen-ii-81-30","status":"publish","type":"post","link":"https:\/\/www.djk-erlangen.de\/fussball\/?p=4511","title":{"rendered":"9. Spieltag: DJK Erlangen II &#8211; T\u00fcrkischer SV Erlangen II 8:1 (3:0)"},"content":{"rendered":"<table id=\"ctl00_contPlcHldL_modFBSpielbericht_Table1\" border=\"0\" cellspacing=\"0\" cellpadding=\"0\">\n<tbody>\n<tr>\n<td>\n<h4>DJK-Reserve zeigte sich gut erholt<\/h4>\n<\/td>\n<\/tr>\n<tr>\n<td>Mit einem &#8211; auch in dieser H\u00f6he &#8211; verdienten Heimerfolg \u00fcber die Zweite Garnitur des T\u00fcrkischen SV, gab die DJK-Reserve die richtige Antwort auf die 0:4-Niederlage gegen Pinzberg.<!--more--><\/td>\n<\/tr>\n<\/tbody>\n<\/table>\n<table id=\"ctl00_contPlcHldL_modFBSpielbericht_tblZusatz\" border=\"0\" cellspacing=\"0\" cellpadding=\"0\">\n<tbody>\n<tr>\n<td><\/td>\n<\/tr>\n<\/tbody>\n<\/table>\n<table id=\"ctl00_contPlcHldR_modFBSpielberichtMenu_UC_FB_Spielbericht_Statistik_Table1\" border=\"0\" cellspacing=\"0\" cellpadding=\"5\" align=\"center\">\n<tbody>\n<tr>\n<td>\n<table id=\"ctl00_contPlcHldR_modFBSpielberichtMenu_UC_FB_Spielbericht_Statistik_Table3\" border=\"0\" cellspacing=\"0\" cellpadding=\"0\">\n<tbody>\n<tr>\n<td align=\"center\">DJK Erlangen 2<\/td>\n<td>&#8211;<\/td>\n<td align=\"center\">T\u00fcrk. SV Erlangen 2<\/td>\n<\/tr>\n<\/tbody>\n<\/table>\n<\/td>\n<\/tr>\n<tr>\n<td>\n<table border=\"0\" cellspacing=\"0\" cellpadding=\"0\">\n<tbody>\n<tr>\n<td align=\"center\"><img decoding=\"async\" src=\"http:\/\/anpfiff.info\/upload\/Archiv\/A060001-60500\/60420.gif\" alt=\"\" \/><\/td>\n<td align=\"center\">8:1<br \/>\n(3:0)<\/td>\n<td align=\"center\"><img decoding=\"async\" src=\"http:\/\/anpfiff.info\/upload\/Archiv\/A061001-61500\/61039.gif\" alt=\"\" \/><\/td>\n<\/tr>\n<\/tbody>\n<\/table>\n<\/td>\n<\/tr>\n<tr>\n<td><\/td>\n<\/tr>\n<tr>\n<td><\/td>\n<\/tr>\n<tr>\n<td align=\"left\" valign=\"top\">\n<div>Spielinfos<\/div>\n<\/td>\n<\/tr>\n<tr>\n<td>\n<table id=\"ctl00_contPlcHldR_modFBSpielberichtMenu_UC_FB_Spielbericht_Statistik_Table2\" border=\"0\" cellspacing=\"0\" cellpadding=\"0\">\n<tbody>\n<tr>\n<td>Liga: A-Klasse 4<\/td>\n<\/tr>\n<tr>\n<td>Spieltag: Saison 2010\/11 &#8211; 9. Spieltag<\/td>\n<\/tr>\n<tr>\n<td>Datum: 26.09.2010<\/td>\n<\/tr>\n<tr>\n<td>Ansto\u00df: 13:15 Uhr<\/td>\n<\/tr>\n<tr>\n<td>Sportst\u00e4tte: Am Wiesengrund, Hauptplatz<\/td>\n<\/tr>\n<tr>\n<td>Zuschauer: 30<\/td>\n<\/tr>\n<tr>\n<td>Schiedsrichter: <a id=\"ctl00_contPlcHldR_modFBSpielberichtMenu_UC_FB_Spielbericht_Statistik_hypLnkSchiri\" href=\"http:\/\/anpfiff.info\/sites\/schiris\/stamm.aspx?SK=2&amp;Pers=33796\">Hans-Werner Hanke (ASV Weisendorf)<\/a><\/td>\n<\/tr>\n<tr>\n<td><\/td>\n<\/tr>\n<\/tbody>\n<\/table>\n<\/td>\n<\/tr>\n<tr>\n<td><\/td>\n<\/tr>\n<tr>\n<td align=\"left\" valign=\"top\"><\/td>\n<\/tr>\n<tr>\n<td>\n<table border=\"0\" cellspacing=\"0\" cellpadding=\"0\">\n<tbody>\n<tr>\n<td valign=\"top\"><strong>DJK Erlangen 2<\/strong><\/p>\n<table cellspacing=\"0\" cellpadding=\"2\" width=\"200\">\n<tbody>\n<tr>\n<td width=\"20\" align=\"center\">1<\/td>\n<td width=\"17\"><\/td>\n<td colspan=\"2\"><a href=\"http:\/\/anpfiff.info\/sites\/spieler\/stamm.aspx?SK=2&amp;Pers=35951&amp;spr=3&amp;Men=8\">Waldh\u00fctter<\/a><\/td>\n<\/tr>\n<tr>\n<td width=\"20\" align=\"center\">2<\/td>\n<td width=\"17\"><\/td>\n<td colspan=\"2\"><a href=\"http:\/\/anpfiff.info\/sites\/spieler\/stamm.aspx?SK=2&amp;Pers=44764&amp;spr=3&amp;Men=8\">Marstaller<\/a><\/td>\n<\/tr>\n<tr>\n<td width=\"20\" align=\"center\">3<\/td>\n<td width=\"17\"><\/td>\n<td colspan=\"2\"><a href=\"http:\/\/anpfiff.info\/sites\/spieler\/stamm.aspx?SK=2&amp;Pers=9214&amp;spr=3&amp;Men=8\">Behnsen<\/a><\/td>\n<\/tr>\n<tr>\n<td width=\"20\" align=\"center\">4<\/td>\n<td width=\"17\"><\/td>\n<td colspan=\"2\"><a href=\"http:\/\/anpfiff.info\/sites\/spieler\/stamm.aspx?SK=2&amp;Pers=44765&amp;spr=3&amp;Men=8\">Dirr<\/a><\/td>\n<\/tr>\n<tr>\n<td width=\"20\" align=\"center\">5<\/td>\n<td width=\"17\"><\/td>\n<td colspan=\"2\"><a href=\"http:\/\/anpfiff.info\/sites\/spieler\/stamm.aspx?SK=2&amp;Pers=30134&amp;spr=3&amp;Men=8\">Karabel<\/a><\/td>\n<\/tr>\n<tr>\n<td width=\"20\" align=\"center\">6<\/td>\n<td width=\"17\"><\/td>\n<td colspan=\"2\"><a href=\"http:\/\/anpfiff.info\/sites\/spieler\/stamm.aspx?SK=2&amp;Pers=37514&amp;spr=3&amp;Men=8\">M\u00fcssig<\/a><\/td>\n<\/tr>\n<tr>\n<td width=\"20\" align=\"center\">7<\/td>\n<td width=\"17\"><\/td>\n<td colspan=\"2\"><a href=\"http:\/\/anpfiff.info\/sites\/spieler\/stamm.aspx?SK=2&amp;Pers=61809&amp;spr=3&amp;Men=8\">Wagenbrenner<\/a><\/td>\n<\/tr>\n<tr>\n<td width=\"20\" align=\"center\">8<\/td>\n<td width=\"17\"><\/td>\n<td colspan=\"2\"><a href=\"http:\/\/anpfiff.info\/sites\/spieler\/stamm.aspx?SK=2&amp;Pers=9207&amp;spr=3&amp;Men=8\">Batheja<\/a><\/td>\n<\/tr>\n<tr>\n<td width=\"20\" align=\"center\">9<\/td>\n<td width=\"17\"><\/td>\n<td colspan=\"2\"><a href=\"http:\/\/anpfiff.info\/sites\/spieler\/stamm.aspx?SK=2&amp;Pers=37515&amp;spr=3&amp;Men=8\">Fiamma<\/a><\/td>\n<\/tr>\n<tr>\n<td width=\"20\" align=\"center\">10<\/td>\n<td width=\"17\"><\/td>\n<td colspan=\"2\"><a href=\"http:\/\/anpfiff.info\/sites\/spieler\/stamm.aspx?SK=2&amp;Pers=9182&amp;spr=3&amp;Men=8\">Ehrenforth<\/a><\/td>\n<\/tr>\n<tr>\n<td width=\"20\" align=\"center\">11<\/td>\n<td width=\"17\"><\/td>\n<td colspan=\"2\"><a href=\"http:\/\/anpfiff.info\/sites\/spieler\/stamm.aspx?SK=2&amp;Pers=26855&amp;spr=3&amp;Men=8\">Mayer<\/a><\/td>\n<\/tr>\n<tr>\n<td colspan=\"4\" align=\"center\"><img decoding=\"async\" src=\"http:\/\/anpfiff.info\/images\/design\/Top1Pixel_190.gif\" alt=\"\" \/><\/td>\n<\/tr>\n<tr>\n<td width=\"20\" align=\"center\"><img decoding=\"async\" src=\"http:\/\/anpfiff.info\/Images\/Design\/In.gif\" alt=\"\" \/><\/td>\n<td width=\"17\"><\/td>\n<td colspan=\"2\"><a href=\"http:\/\/anpfiff.info\/sites\/spieler\/stamm.aspx?SK=2&amp;Pers=9218&amp;spr=3&amp;Men=8\">Wessel<\/a> (2)<\/td>\n<\/tr>\n<tr>\n<td width=\"20\" align=\"center\"><img decoding=\"async\" src=\"http:\/\/anpfiff.info\/Images\/Design\/In.gif\" alt=\"\" \/><\/td>\n<td width=\"17\"><\/td>\n<td colspan=\"2\"><a href=\"http:\/\/anpfiff.info\/sites\/spieler\/stamm.aspx?SK=2&amp;Pers=35952&amp;spr=3&amp;Men=8\">Wallinger<\/a> (2)<\/td>\n<\/tr>\n<\/tbody>\n<\/table>\n<\/td>\n<td><\/td>\n<td valign=\"top\"><strong>T\u00fcrk. SV Erlangen 2<\/strong><\/p>\n<table cellspacing=\"0\" cellpadding=\"2\" width=\"200\">\n<tbody>\n<tr>\n<td width=\"20\" align=\"center\">1<\/td>\n<td width=\"17\"><\/td>\n<td colspan=\"2\"><a href=\"http:\/\/anpfiff.info\/sites\/spieler\/stamm.aspx?SK=2&amp;Pers=54226&amp;spr=3&amp;Men=8\">Aydemir C.<\/a><\/td>\n<\/tr>\n<tr>\n<td width=\"20\" align=\"center\">2<\/td>\n<td width=\"17\"><\/td>\n<td colspan=\"2\"><a href=\"http:\/\/anpfiff.info\/sites\/spieler\/stamm.aspx?SK=2&amp;Pers=56181&amp;spr=3&amp;Men=8\">Aydemir Y.<\/a><\/td>\n<\/tr>\n<tr>\n<td width=\"20\" align=\"center\">3<\/td>\n<td width=\"17\"><\/td>\n<td colspan=\"2\"><a href=\"http:\/\/anpfiff.info\/sites\/spieler\/stamm.aspx?SK=2&amp;Pers=59410&amp;spr=3&amp;Men=8\">Hosaf<\/a><\/td>\n<\/tr>\n<tr>\n<td width=\"20\" align=\"center\">4<\/td>\n<td width=\"17\"><\/td>\n<td colspan=\"2\"><a href=\"http:\/\/anpfiff.info\/sites\/spieler\/stamm.aspx?SK=2&amp;Pers=61805&amp;spr=3&amp;Men=8\">Dursun N.<\/a><\/td>\n<\/tr>\n<tr>\n<td width=\"20\" align=\"center\">5<\/td>\n<td width=\"17\"><\/td>\n<td colspan=\"2\"><a href=\"http:\/\/anpfiff.info\/sites\/spieler\/stamm.aspx?SK=2&amp;Pers=57652&amp;spr=3&amp;Men=8\">G\u00f6ztepe A.<\/a><\/td>\n<\/tr>\n<tr>\n<td width=\"20\" align=\"center\">6<\/td>\n<td width=\"17\"><\/td>\n<td colspan=\"2\"><a href=\"http:\/\/anpfiff.info\/sites\/spieler\/stamm.aspx?SK=2&amp;Pers=54229&amp;spr=3&amp;Men=8\">Akdag<\/a><\/td>\n<\/tr>\n<tr>\n<td width=\"20\" align=\"center\">7<\/td>\n<td width=\"17\"><\/td>\n<td colspan=\"2\"><a href=\"http:\/\/anpfiff.info\/sites\/spieler\/stamm.aspx?SK=2&amp;Pers=59412&amp;spr=3&amp;Men=8\">Topuz<\/a><\/td>\n<\/tr>\n<tr>\n<td width=\"20\" align=\"center\">8<\/td>\n<td width=\"17\"><\/td>\n<td colspan=\"2\"><a href=\"http:\/\/anpfiff.info\/sites\/spieler\/stamm.aspx?SK=2&amp;Pers=61806&amp;spr=3&amp;Men=8\">Evyopun<\/a><\/td>\n<\/tr>\n<tr>\n<td width=\"20\" align=\"center\">9<\/td>\n<td width=\"17\"><\/td>\n<td colspan=\"2\"><a href=\"http:\/\/anpfiff.info\/sites\/spieler\/stamm.aspx?SK=2&amp;Pers=13576&amp;spr=3&amp;Men=8\">\u00d6ner<\/a><\/td>\n<\/tr>\n<tr>\n<td width=\"20\" align=\"center\">10<\/td>\n<td width=\"17\"><img decoding=\"async\" src=\"http:\/\/anpfiff.info\/Images\/Design\/TelegrammGelb_Rot16.png\" alt=\"\" \/><\/td>\n<td colspan=\"2\"><a href=\"http:\/\/anpfiff.info\/sites\/spieler\/stamm.aspx?SK=2&amp;Pers=9756&amp;spr=3&amp;Men=8\">Ortakci E.<\/a><\/td>\n<\/tr>\n<tr>\n<td width=\"20\" align=\"center\">11<\/td>\n<td width=\"17\"><\/td>\n<td colspan=\"2\"><a href=\"http:\/\/anpfiff.info\/sites\/spieler\/stamm.aspx?SK=2&amp;Pers=15715&amp;spr=3&amp;Men=8\">Ortakci B.<\/a><\/td>\n<\/tr>\n<tr>\n<td colspan=\"4\" align=\"center\"><img decoding=\"async\" src=\"http:\/\/anpfiff.info\/images\/design\/Top1Pixel_190.gif\" alt=\"\" \/><\/td>\n<\/tr>\n<tr>\n<td width=\"20\" align=\"center\"><img decoding=\"async\" src=\"http:\/\/anpfiff.info\/Images\/Design\/In.gif\" alt=\"\" \/><\/td>\n<td width=\"17\"><\/td>\n<td colspan=\"2\"><a href=\"http:\/\/anpfiff.info\/sites\/spieler\/stamm.aspx?SK=2&amp;Pers=61807&amp;spr=3&amp;Men=8\">Aslan V.<\/a> (2)<\/td>\n<\/tr>\n<\/tbody>\n<\/table>\n<\/td>\n<\/tr>\n<\/tbody>\n<\/table>\n<\/td>\n<\/tr>\n<tr>\n<td>Zeichenerkl\u00e4rung:<br \/>\n<img decoding=\"async\" src=\"http:\/\/anpfiff.info\/Images\/Design\/TelegrammGelb_Rot16.gif\" alt=\"\" align=\"absmiddle\" \/> = gelb\/rote Karte | <img decoding=\"async\" src=\"http:\/\/anpfiff.info\/Images\/Design\/In.gif\" alt=\"\" align=\"absmiddle\" \/> = Einwechslung |  Zahl in Klammern des Einwechselspielers = Halbzeit der ersten Einwechslung des Spielers<\/td>\n<\/tr>\n<tr>\n<td><\/td>\n<\/tr>\n<tr>\n<td><\/td>\n<\/tr>\n<tr>\n<td align=\"left\" valign=\"top\">\n<div>Torsch\u00fctzen<\/div>\n<div>\n<div>pr\u00e4sentiert von<\/div>\n<\/div>\n<\/td>\n<\/tr>\n<tr>\n<td>\n<table cellspacing=\"0\" cellpadding=\"2\">\n<tbody>\n<tr>\n<td width=\"45\"><img decoding=\"async\" src=\"http:\/\/anpfiff.info\/Images\/Design\/person_blank_60x80.gif\" alt=\"\" width=\"40\" align=\"middle\" \/><\/td>\n<td width=\"130\">Batheja<\/td>\n<td width=\"40\" align=\"center\"><strong>1:0<\/strong><br \/>\n(30.)<\/td>\n<td width=\"45\"><\/td>\n<td width=\"130\"><\/td>\n<\/tr>\n<tr>\n<td colspan=\"5\"><\/td>\n<\/tr>\n<tr>\n<td width=\"45\"><img decoding=\"async\" src=\"http:\/\/anpfiff.info\/Images\/Design\/person_blank_60x80.gif\" alt=\"\" width=\"40\" align=\"middle\" \/><\/td>\n<td width=\"130\">Fiamma<\/td>\n<td width=\"40\" align=\"center\"><strong>2:0<\/strong><br \/>\n(40.)<\/td>\n<td width=\"45\"><\/td>\n<td width=\"130\"><\/td>\n<\/tr>\n<tr>\n<td colspan=\"5\"><\/td>\n<\/tr>\n<tr>\n<td width=\"45\"><img decoding=\"async\" src=\"http:\/\/anpfiff.info\/upload\/Archiv\/A043501-44000\/43968.jpg\" alt=\"\" width=\"40\" align=\"middle\" \/><\/td>\n<td width=\"130\">Mayer<\/td>\n<td width=\"40\" align=\"center\"><strong>3:0<\/strong><br \/>\n(42.)<\/td>\n<td width=\"45\"><\/td>\n<td width=\"130\"><\/td>\n<\/tr>\n<tr>\n<td colspan=\"5\"><\/td>\n<\/tr>\n<tr>\n<td width=\"45\"><img decoding=\"async\" src=\"http:\/\/anpfiff.info\/upload\/Archiv\/A043501-44000\/43968.jpg\" alt=\"\" width=\"40\" align=\"middle\" \/><\/td>\n<td width=\"130\">Mayer<\/td>\n<td width=\"40\" align=\"center\"><strong>4:0<\/strong><br \/>\n(60.)<\/td>\n<td width=\"45\"><\/td>\n<td width=\"130\"><\/td>\n<\/tr>\n<tr>\n<td colspan=\"5\"><\/td>\n<\/tr>\n<tr>\n<td width=\"45\"><img decoding=\"async\" src=\"http:\/\/anpfiff.info\/upload\/Archiv\/A043501-44000\/43952.jpg\" alt=\"\" width=\"40\" align=\"middle\" \/><\/td>\n<td width=\"130\">Behnsen<\/td>\n<td width=\"40\" align=\"center\"><strong>5:0<\/strong><br \/>\n(72.)<\/td>\n<td width=\"45\"><\/td>\n<td width=\"130\"><\/td>\n<\/tr>\n<tr>\n<td colspan=\"5\"><\/td>\n<\/tr>\n<tr>\n<td width=\"45\"><\/td>\n<td width=\"130\"><\/td>\n<td width=\"40\" align=\"center\"><strong>5:1<\/strong><br \/>\n(76.)<\/td>\n<td width=\"45\"><img decoding=\"async\" src=\"http:\/\/anpfiff.info\/upload\/Archiv\/A070001-70500\/70232.jpg\" alt=\"\" width=\"40\" align=\"middle\" \/><\/td>\n<td width=\"130\">Ortakci B.<br \/>\n<a>Foulelfmeter<\/a><\/td>\n<\/tr>\n<tr>\n<td colspan=\"5\"><\/td>\n<\/tr>\n<tr>\n<td width=\"45\"><img decoding=\"async\" src=\"http:\/\/anpfiff.info\/Images\/Design\/person_blank_60x80.gif\" alt=\"\" width=\"40\" align=\"middle\" \/><\/td>\n<td width=\"130\">Ehrenforth<\/td>\n<td width=\"40\" align=\"center\"><strong>6:1<\/strong><br \/>\n(80.)<\/td>\n<td width=\"45\"><\/td>\n<td width=\"130\"><\/td>\n<\/tr>\n<tr>\n<td colspan=\"5\"><\/td>\n<\/tr>\n<tr>\n<td width=\"45\"><img decoding=\"async\" src=\"http:\/\/anpfiff.info\/Images\/Design\/person_blank_60x80.gif\" alt=\"\" width=\"40\" align=\"middle\" \/><\/td>\n<td width=\"130\">Ehrenforth<\/td>\n<td width=\"40\" align=\"center\"><strong>7:1<\/strong><br \/>\n(85.)<\/td>\n<td width=\"45\"><\/td>\n<td width=\"130\"><\/td>\n<\/tr>\n<tr>\n<td colspan=\"5\"><\/td>\n<\/tr>\n<tr>\n<td width=\"45\"><img decoding=\"async\" src=\"http:\/\/anpfiff.info\/Images\/Design\/person_blank_60x80.gif\" alt=\"\" width=\"40\" align=\"middle\" \/><\/td>\n<td width=\"130\">Ehrenforth<\/td>\n<td width=\"40\" align=\"center\"><strong>8:1<\/strong><br \/>\n(87.)<\/td>\n<\/tr>\n<\/tbody>\n<\/table>\n<\/td>\n<\/tr>\n<\/tbody>\n<\/table>\n","protected":false},"excerpt":{"rendered":"<p>DJK-Reserve zeigte sich gut erholt Mit einem &#8211; auch in dieser H\u00f6he &#8211; verdienten Heimerfolg \u00fcber die Zweite Garnitur des T\u00fcrkischen SV, gab die DJK-Reserve die richtige Antwort auf die 0:4-Niederlage gegen Pinzberg.<\/p>\n","protected":false},"author":24,"featured_media":0,"comment_status":"open","ping_status":"closed","sticky":false,"template":"","format":"standard","meta":{"jetpack_post_was_ever_published":false,"_jetpack_newsletter_access":"","_jetpack_dont_email_post_to_subs":false,"_jetpack_newsletter_tier_id":0,"_jetpack_memberships_contains_paywalled_content":false,"_jetpack_memberships_contains_paid_content":false,"footnotes":"","jetpack_publicize_message":"","jetpack_publicize_feature_enabled":true,"jetpack_social_post_already_shared":false,"jetpack_social_options":{"image_generator_settings":{"template":"highway","default_image_id":0,"font":"","enabled":false},"version":2}},"categories":[5,18],"tags":[],"class_list":["post-4511","post","type-post","status-publish","format-standard","hentry","category-herren","category-herren-2"],"jetpack_publicize_connections":[],"jetpack_featured_media_url":"","jetpack_shortlink":"https:\/\/wp.me\/p2ZUr0-1aL","jetpack_sharing_enabled":true,"_links":{"self":[{"href":"https:\/\/www.djk-erlangen.de\/fussball\/index.php?rest_route=\/wp\/v2\/posts\/4511","targetHints":{"allow":["GET"]}}],"collection":[{"href":"https:\/\/www.djk-erlangen.de\/fussball\/index.php?rest_route=\/wp\/v2\/posts"}],"about":[{"href":"https:\/\/www.djk-erlangen.de\/fussball\/index.php?rest_route=\/wp\/v2\/types\/post"}],"author":[{"embeddable":true,"href":"https:\/\/www.djk-erlangen.de\/fussball\/index.php?rest_route=\/wp\/v2\/users\/24"}],"replies":[{"embeddable":true,"href":"https:\/\/www.djk-erlangen.de\/fussball\/index.php?rest_route=%2Fwp%2Fv2%2Fcomments&post=4511"}],"version-history":[{"count":1,"href":"https:\/\/www.djk-erlangen.de\/fussball\/index.php?rest_route=\/wp\/v2\/posts\/4511\/revisions"}],"predecessor-version":[{"id":4512,"href":"https:\/\/www.djk-erlangen.de\/fussball\/index.php?rest_route=\/wp\/v2\/posts\/4511\/revisions\/4512"}],"wp:attachment":[{"href":"https:\/\/www.djk-erlangen.de\/fussball\/index.php?rest_route=%2Fwp%2Fv2%2Fmedia&parent=4511"}],"wp:term":[{"taxonomy":"category","embeddable":true,"href":"https:\/\/www.djk-erlangen.de\/fussball\/index.php?rest_route=%2Fwp%2Fv2%2Fcategories&post=4511"},{"taxonomy":"post_tag","embeddable":true,"href":"https:\/\/www.djk-erlangen.de\/fussball\/index.php?rest_route=%2Fwp%2Fv2%2Ftags&post=4511"}],"curies":[{"name":"wp","href":"https:\/\/api.w.org\/{rel}","templated":true}]}}