{"id":4476,"date":"2010-09-26T20:07:44","date_gmt":"2010-09-26T18:07:44","guid":{"rendered":"http:\/\/www.djk-erlangen.de\/fussball\/?p=4476"},"modified":"2010-10-02T13:37:11","modified_gmt":"2010-10-02T11:37:11","slug":"9-spieltag-djk-erlangen-turkischer-sv-erlangen-31-10","status":"publish","type":"post","link":"https:\/\/www.djk-erlangen.de\/fussball\/?p=4476","title":{"rendered":"9. Spieltag: DJK Erlangen &#8211; T\u00fcrkischer SV Erlangen 3:1 (1:0)"},"content":{"rendered":"<table border=\"0\" cellspacing=\"0\" cellpadding=\"0\">\n<tbody>\n<tr>\n<td>\n<h4>Dritter Sieg in Folge<\/h4>\n<\/td>\n<\/tr>\n<tr>\n<td>Gegen einen sehr athletischen und k\u00f6rperlich \u00fcberlegenen Gegner vom T\u00fcrkischen SV Erlangen gelang der &#8211; zu Saisonbeginn doch arg gebeutelten &#8211; DJK der dritte Sieg in Folge<!--more-->, der weitere Luft nach unten verschafft. Schon nach zwei Minuten konnte der Youngster Marius Meyer nach sch\u00f6nem Zuspiel von Hanusch die Heimelf mit 1:0 in F\u00fchrung bringen. Trotz \u00fcberlegenem Spiel der Hausherren dauerte es bis zur 75. Minute, ehe Kraus nach einer Fenz-Flanke zum vorentscheidenden 2:0 einnicken konnte. Nachdem es eine zum Torschuss mutierte Costanzo-Flanke in der 77. Minute unter freundlicher Mithilfe des G\u00e4ste-Torh\u00fcters zum 3:0 hinter die Linie schaffte, war der dritte Sieg in Folge unter Dach und Fach. Der Ehrentreffer in der Nachspielzeit war eigentlich nicht mehr als Ergebniskosmetik, aus Sicht der Heimelf allerdings etwas \u00e4rgerlich, da man mit einem &#8222;zu Null&#8220; die an diesem Tag gute Defensiv-Leistung zus\u00e4tzlich h\u00e4tte ausdr\u00fccken k\u00f6nnen.<\/td>\n<\/tr>\n<\/tbody>\n<\/table>\n<table border=\"0\" cellspacing=\"0\" cellpadding=\"5\" align=\"center\">\n<tbody>\n<tr>\n<td align=\"left\" valign=\"top\">Spielinfos<\/td>\n<\/tr>\n<tr>\n<td>\n<table border=\"0\" cellspacing=\"0\" cellpadding=\"0\">\n<tbody>\n<tr>\n<td>Liga: Kreisklasse 1<\/td>\n<\/tr>\n<tr>\n<td>Spieltag: Saison 2010\/11 &#8211; 9. Spieltag<\/td>\n<\/tr>\n<tr>\n<td>Datum: 26.09.2010<\/td>\n<\/tr>\n<tr>\n<td>Ansto\u00df: 15:00 Uhr<\/td>\n<\/tr>\n<tr>\n<td>Sportst\u00e4tte: Am Wiesengrund, Hauptplatz<\/td>\n<\/tr>\n<tr>\n<td>Zuschauer: 75<\/td>\n<\/tr>\n<tr>\n<td>Schiedsrichter: <a href=\"http:\/\/anpfiff.info\/sites\/schiris\/stamm.aspx?SK=2&amp;Pers=40246\">Theodoros Mpairaktaridis (SpVgg 04 Erlangen)<\/a><\/td>\n<\/tr>\n<tr>\n<td><\/td>\n<\/tr>\n<\/tbody>\n<\/table>\n<\/td>\n<\/tr>\n<tr>\n<td><\/td>\n<\/tr>\n<tr>\n<td align=\"left\" valign=\"top\">Mannschafts-Aufstellungen:<\/td>\n<\/tr>\n<tr>\n<td>\n<table border=\"0\" cellspacing=\"0\" cellpadding=\"0\">\n<tbody>\n<tr>\n<td valign=\"top\"><strong>DJK Erlangen<\/strong><\/p>\n<table cellspacing=\"0\" cellpadding=\"2\" width=\"200\">\n<tbody>\n<tr>\n<td width=\"20\" align=\"center\">1<\/td>\n<td width=\"17\"><\/td>\n<td colspan=\"2\"><a href=\"http:\/\/anpfiff.info\/sites\/spieler\/stamm.aspx?SK=2&amp;Pers=9170&amp;spr=3&amp;Men=8\">Bachfischer<\/a><\/td>\n<\/tr>\n<tr>\n<td width=\"20\" align=\"center\">2<\/td>\n<td width=\"17\"><\/td>\n<td colspan=\"2\"><a href=\"http:\/\/anpfiff.info\/sites\/spieler\/stamm.aspx?SK=2&amp;Pers=37909&amp;spr=3&amp;Men=8\">Wagner<\/a><\/td>\n<\/tr>\n<tr>\n<td width=\"20\" align=\"center\">3<\/td>\n<td width=\"17\"><\/td>\n<td colspan=\"2\"><a href=\"http:\/\/anpfiff.info\/sites\/spieler\/stamm.aspx?SK=2&amp;Pers=30748&amp;spr=3&amp;Men=8\">Costanzo<\/a><\/td>\n<\/tr>\n<tr>\n<td width=\"20\" align=\"center\">4<\/td>\n<td width=\"17\"><\/td>\n<td colspan=\"2\"><a href=\"http:\/\/anpfiff.info\/sites\/spieler\/stamm.aspx?SK=2&amp;Pers=9175&amp;spr=3&amp;Men=8\">Haustein<\/a><\/td>\n<\/tr>\n<tr>\n<td width=\"20\" align=\"center\">5<\/td>\n<td width=\"17\"><\/td>\n<td colspan=\"2\"><a href=\"http:\/\/anpfiff.info\/sites\/spieler\/stamm.aspx?SK=2&amp;Pers=37074&amp;spr=3&amp;Men=8\">Peters<\/a><\/td>\n<\/tr>\n<tr>\n<td width=\"20\" align=\"center\">6<\/td>\n<td width=\"17\"><\/td>\n<td colspan=\"2\"><a href=\"http:\/\/anpfiff.info\/sites\/spieler\/stamm.aspx?SK=2&amp;Pers=30242&amp;spr=3&amp;Men=8\">Wein<\/a><\/td>\n<\/tr>\n<tr>\n<td width=\"20\" align=\"center\">7<\/td>\n<td width=\"17\"><\/td>\n<td colspan=\"2\"><a href=\"http:\/\/anpfiff.info\/sites\/spieler\/stamm.aspx?SK=2&amp;Pers=56797&amp;spr=3&amp;Men=8\">Meyer<\/a><\/td>\n<\/tr>\n<tr>\n<td width=\"20\" align=\"center\">8<\/td>\n<td width=\"17\"><\/td>\n<td colspan=\"2\"><a href=\"http:\/\/anpfiff.info\/sites\/spieler\/stamm.aspx?SK=2&amp;Pers=9179&amp;spr=3&amp;Men=8\">Hanusch<\/a><\/td>\n<\/tr>\n<tr>\n<td width=\"20\" align=\"center\">9<\/td>\n<td width=\"17\"><\/td>\n<td colspan=\"2\"><a href=\"http:\/\/anpfiff.info\/sites\/spieler\/stamm.aspx?SK=2&amp;Pers=9186&amp;spr=3&amp;Men=8\">Fenz<\/a><\/td>\n<\/tr>\n<tr>\n<td width=\"20\" align=\"center\">10<\/td>\n<td width=\"17\"><\/td>\n<td colspan=\"2\"><a href=\"http:\/\/anpfiff.info\/sites\/spieler\/stamm.aspx?SK=2&amp;Pers=37075&amp;spr=3&amp;Men=8\">Rausch T.<\/a><\/td>\n<\/tr>\n<tr>\n<td width=\"20\" align=\"center\">11<\/td>\n<td width=\"17\"><\/td>\n<td colspan=\"2\"><a href=\"http:\/\/anpfiff.info\/sites\/spieler\/stamm.aspx?SK=2&amp;Pers=11062&amp;spr=3&amp;Men=8\">Kraus<\/a><\/td>\n<\/tr>\n<tr>\n<td colspan=\"4\" align=\"center\"><\/td>\n<\/tr>\n<tr>\n<td width=\"20\" align=\"center\"><\/td>\n<td width=\"17\"><\/td>\n<td colspan=\"2\"><a href=\"http:\/\/anpfiff.info\/sites\/spieler\/stamm.aspx?SK=2&amp;Pers=9172&amp;spr=3&amp;Men=8\">Haas<\/a> (2)<\/td>\n<\/tr>\n<\/tbody>\n<\/table>\n<\/td>\n<td><\/td>\n<td valign=\"top\"><strong>T\u00fcrkischer SV Erlangen<\/strong><\/p>\n<table cellspacing=\"0\" cellpadding=\"2\" width=\"200\">\n<tbody>\n<tr>\n<td width=\"20\" align=\"center\">1<\/td>\n<td width=\"17\"><\/td>\n<td colspan=\"2\"><a href=\"http:\/\/anpfiff.info\/sites\/spieler\/stamm.aspx?SK=2&amp;Pers=59019&amp;spr=3&amp;Men=8\">G\u00fcnis<\/a><\/td>\n<\/tr>\n<tr>\n<td width=\"20\" align=\"center\">2<\/td>\n<td width=\"17\"><\/td>\n<td colspan=\"2\"><a href=\"http:\/\/anpfiff.info\/sites\/spieler\/stamm.aspx?SK=2&amp;Pers=56794&amp;spr=3&amp;Men=8\">Canbaz<\/a><\/td>\n<\/tr>\n<tr>\n<td width=\"20\" align=\"center\">3<\/td>\n<td width=\"17\"><\/td>\n<td colspan=\"2\"><a href=\"http:\/\/anpfiff.info\/sites\/spieler\/stamm.aspx?SK=2&amp;Pers=9759&amp;spr=3&amp;Men=8\">Kurtoglu<\/a><\/td>\n<\/tr>\n<tr>\n<td width=\"20\" align=\"center\">4<\/td>\n<td width=\"17\"><\/td>\n<td colspan=\"2\"><a href=\"http:\/\/anpfiff.info\/sites\/spieler\/stamm.aspx?SK=2&amp;Pers=29438&amp;spr=3&amp;Men=8\">Amara<\/a><\/td>\n<\/tr>\n<tr>\n<td width=\"20\" align=\"center\">5<\/td>\n<td width=\"17\"><\/td>\n<td colspan=\"2\"><a href=\"http:\/\/anpfiff.info\/sites\/spieler\/stamm.aspx?SK=2&amp;Pers=43211&amp;spr=3&amp;Men=8\">Noubi Simeu<\/a><\/td>\n<\/tr>\n<tr>\n<td width=\"20\" align=\"center\">6<\/td>\n<td width=\"17\"><\/td>\n<td colspan=\"2\"><a href=\"http:\/\/anpfiff.info\/sites\/spieler\/stamm.aspx?SK=2&amp;Pers=12605&amp;spr=3&amp;Men=8\">S\u00fctc\u00fc<\/a><\/td>\n<\/tr>\n<tr>\n<td width=\"20\" align=\"center\">7<\/td>\n<td width=\"17\"><\/td>\n<td colspan=\"2\"><a href=\"http:\/\/anpfiff.info\/sites\/spieler\/stamm.aspx?SK=2&amp;Pers=23034&amp;spr=3&amp;Men=8\">Noubissi-Kamgo<\/a><\/td>\n<\/tr>\n<tr>\n<td width=\"20\" align=\"center\">8<\/td>\n<td width=\"17\"><\/td>\n<td colspan=\"2\"><a href=\"http:\/\/anpfiff.info\/sites\/spieler\/stamm.aspx?SK=2&amp;Pers=12695&amp;spr=3&amp;Men=8\">Kenouben<\/a><\/td>\n<\/tr>\n<tr>\n<td width=\"20\" align=\"center\">9<\/td>\n<td width=\"17\"><\/td>\n<td colspan=\"2\"><a href=\"http:\/\/anpfiff.info\/sites\/spieler\/stamm.aspx?SK=2&amp;Pers=6705&amp;spr=3&amp;Men=8\">Kengni<\/a><\/td>\n<\/tr>\n<tr>\n<td width=\"20\" align=\"center\">10<\/td>\n<td width=\"17\"><\/td>\n<td colspan=\"2\"><a href=\"http:\/\/anpfiff.info\/sites\/spieler\/stamm.aspx?SK=2&amp;Pers=8755&amp;spr=3&amp;Men=8\">Noutchomwo B.<\/a><\/td>\n<\/tr>\n<tr>\n<td width=\"20\" align=\"center\">11<\/td>\n<td width=\"17\"><\/td>\n<td colspan=\"2\"><a href=\"http:\/\/anpfiff.info\/sites\/spieler\/stamm.aspx?SK=2&amp;Pers=54031&amp;spr=3&amp;Men=8\">Amri<\/a><\/td>\n<\/tr>\n<\/tbody>\n<\/table>\n<\/td>\n<\/tr>\n<\/tbody>\n<\/table>\n<\/td>\n<\/tr>\n<tr>\n<td><\/td>\n<\/tr>\n<tr>\n<td><\/td>\n<\/tr>\n<tr>\n<td><\/td>\n<\/tr>\n<tr>\n<td align=\"left\" valign=\"top\">Torsch\u00fctzen:<\/td>\n<\/tr>\n<tr>\n<td>\n<table cellspacing=\"0\" cellpadding=\"2\">\n<tbody>\n<tr>\n<td width=\"45\"><\/td>\n<td width=\"130\">Meyer<\/td>\n<td width=\"40\" align=\"center\"><strong>1:0<\/strong><br \/>\n(2.)<\/td>\n<td width=\"45\"><\/td>\n<td width=\"130\"><\/td>\n<\/tr>\n<tr>\n<td colspan=\"5\"><\/td>\n<\/tr>\n<tr>\n<td width=\"45\"><\/td>\n<td width=\"130\">Kraus<\/td>\n<td width=\"40\" align=\"center\"><strong>2:0<\/strong><br \/>\n(75.)<\/td>\n<td width=\"45\"><\/td>\n<td width=\"130\"><\/td>\n<\/tr>\n<tr>\n<td colspan=\"5\"><\/td>\n<\/tr>\n<tr>\n<td width=\"45\"><\/td>\n<td width=\"130\">Costanzo<\/td>\n<td width=\"40\" align=\"center\"><strong>3:0<\/strong><br \/>\n(77.)<\/td>\n<td width=\"45\"><\/td>\n<td width=\"130\"><\/td>\n<\/tr>\n<tr>\n<td colspan=\"5\"><\/td>\n<\/tr>\n<tr>\n<td width=\"45\"><\/td>\n<td width=\"130\"><\/td>\n<td width=\"40\" align=\"center\"><strong>3:1<\/strong><br \/>\n(91.)<\/td>\n<td width=\"45\"><\/td>\n<td width=\"130\">Noutchomwo B.<\/td>\n<\/tr>\n<\/tbody>\n<\/table>\n<\/td>\n<\/tr>\n<\/tbody>\n<\/table>\n","protected":false},"excerpt":{"rendered":"<p>Dritter Sieg in Folge Gegen einen sehr athletischen und k\u00f6rperlich \u00fcberlegenen Gegner vom T\u00fcrkischen SV Erlangen gelang der &#8211; zu Saisonbeginn doch arg gebeutelten &#8211; DJK der dritte Sieg in Folge<\/p>\n","protected":false},"author":24,"featured_media":0,"comment_status":"open","ping_status":"closed","sticky":false,"template":"","format":"standard","meta":{"jetpack_post_was_ever_published":false,"_jetpack_newsletter_access":"","_jetpack_dont_email_post_to_subs":false,"_jetpack_newsletter_tier_id":0,"_jetpack_memberships_contains_paywalled_content":false,"_jetpack_memberships_contains_paid_content":false,"footnotes":"","jetpack_publicize_message":"","jetpack_publicize_feature_enabled":true,"jetpack_social_post_already_shared":false,"jetpack_social_options":{"image_generator_settings":{"template":"highway","default_image_id":0,"font":"","enabled":false},"version":2}},"categories":[5,17],"tags":[],"class_list":["post-4476","post","type-post","status-publish","format-standard","hentry","category-herren","category-herren-1"],"jetpack_publicize_connections":[],"jetpack_featured_media_url":"","jetpack_shortlink":"https:\/\/wp.me\/p2ZUr0-1ac","jetpack_sharing_enabled":true,"_links":{"self":[{"href":"https:\/\/www.djk-erlangen.de\/fussball\/index.php?rest_route=\/wp\/v2\/posts\/4476","targetHints":{"allow":["GET"]}}],"collection":[{"href":"https:\/\/www.djk-erlangen.de\/fussball\/index.php?rest_route=\/wp\/v2\/posts"}],"about":[{"href":"https:\/\/www.djk-erlangen.de\/fussball\/index.php?rest_route=\/wp\/v2\/types\/post"}],"author":[{"embeddable":true,"href":"https:\/\/www.djk-erlangen.de\/fussball\/index.php?rest_route=\/wp\/v2\/users\/24"}],"replies":[{"embeddable":true,"href":"https:\/\/www.djk-erlangen.de\/fussball\/index.php?rest_route=%2Fwp%2Fv2%2Fcomments&post=4476"}],"version-history":[{"count":4,"href":"https:\/\/www.djk-erlangen.de\/fussball\/index.php?rest_route=\/wp\/v2\/posts\/4476\/revisions"}],"predecessor-version":[{"id":4495,"href":"https:\/\/www.djk-erlangen.de\/fussball\/index.php?rest_route=\/wp\/v2\/posts\/4476\/revisions\/4495"}],"wp:attachment":[{"href":"https:\/\/www.djk-erlangen.de\/fussball\/index.php?rest_route=%2Fwp%2Fv2%2Fmedia&parent=4476"}],"wp:term":[{"taxonomy":"category","embeddable":true,"href":"https:\/\/www.djk-erlangen.de\/fussball\/index.php?rest_route=%2Fwp%2Fv2%2Fcategories&post=4476"},{"taxonomy":"post_tag","embeddable":true,"href":"https:\/\/www.djk-erlangen.de\/fussball\/index.php?rest_route=%2Fwp%2Fv2%2Ftags&post=4476"}],"curies":[{"name":"wp","href":"https:\/\/api.w.org\/{rel}","templated":true}]}}