{"id":4249,"date":"2010-09-14T22:52:29","date_gmt":"2010-09-14T20:52:29","guid":{"rendered":"http:\/\/www.djk-erlangen.de\/fussball\/?p=4249"},"modified":"2010-09-15T00:27:47","modified_gmt":"2010-09-14T22:27:47","slug":"hochklassige-begegnung-am-wiesenweg","status":"publish","type":"post","link":"https:\/\/www.djk-erlangen.de\/fussball\/?p=4249","title":{"rendered":"Hochklassige Begegnung am Wiesenweg"},"content":{"rendered":"<p>Am heutigen Dienstag Nachmittag gastierten erneut binnen 48 Stunden die Kicker der SpVgg Greuther F\u00fcrth vom Laubenweg am Wiesenweg, um ebenfalls so kurz vor dem Saisonstart noch ein wenig Spielpraxis zu sammeln und die Generalprobe f\u00fcr die bevorstehende Punktspielrunde am kommenden Wochenende zu absolvieren.<\/p>\n<p>Vor dem Spiel einigte man sich auf einen ungewohnten Spielmodus von 3 x 20 Minuten!<\/p>\n<p><!--more-->Mit dem Anpfiff der Begegung entwickelte sich ein tolles Spiel, in dem die Gr\u00fcn-Wei\u00dfen aus F\u00fcrth ganz klar ihre \u00dcberlegenheit ausspielten und die Wiesenwegbuben immer wieder in Schwierigkeiten brachten. Den Sturmlauf konnten wir durch eine heute geschlossene Leistung im Defensiv-Verbund meistens unterbinden. Das Abwehrbollwerk hielt bis zur 12. Spielminute stand. Kurz hinter dem Strafraum wurde den Greuthern ein Freisto\u00df zugesprochen, den diese durch Coolness und taktisch vorbildliches Verhalten mit regul\u00e4rem Tackling am Mann direkt verwandeln konnten.<\/p>\n<p>Mit diesem ungl\u00fccklichen F\u00fchrungstreffer schien ein wenig das Selbstvertrauen und die Ordnung der Wiesenwegbuben zu entschwinden und F\u00fcrth f\u00fchrte uns nun phasenweise vor. Dieser Drangperiode konnten wir uns nur bis zur 17. Spielminute erwehren, ehe die Kicker vom Laubenweg zur verdienten Pausenf\u00fchrung auf 0:2 erh\u00f6hen konnten. Der Pausenpfiff kam uns gerade Recht, um mal wieder richtig durchzuschnaufen.<\/p>\n<p>Das zweite Drittel begann wie das erste endete. Die Greuther schn\u00fcrten uns f\u00f6rmlich in der eigenen H\u00e4lfte ein. Nur dank einer geschlossenen Mannschaftsleistung konnte Schlimmeres verhindert werden. Mit zunehmender Spieldauer erarbeiteten wir uns wieder ein paar Vorteile auf dem Platz und kamen durch eine etwas agressivere Spielweise prompt durch Ben &#8211; wenn auch etwas gl\u00fccklich &#8211; in der 28. Spielminute zum verdienten Anschlusstreffer.<\/p>\n<p>Von nun an entwickelte sich eine packende Partie, in der der Klassenunterschied nicht wirklich sichtbar war. Die klareren Chancen besa\u00dfen zwar die Kicker aus der Nachbarstadt, die immer wieder druckvoll den Weg zum Tor suchten, doch durch konsequente Arbeit gegen den Ball der DJKler immer wieder daran gehindert wurden, das Runde ins Eckige zu bef\u00f6rdern. Den sch\u00f6nsten Spielzug dieser Begegnung vollstreckte erneut Ben zum vielumjubelten Ausgleich in der 36. Spielminute.<\/p>\n<p>Von nun an rollte die Maschinerie der Greuther und diese wollten unbedingt vor der Drittelpause eine Ergebniskorrektur erzwingen. Spielerisch waren uns die Nachbarn aus F\u00fcrth sicherlich deutlich \u00fcberlegen, doch durch k\u00e4mpferischen Einsatz &#8211; jeder arbeitete f\u00fcr jeden auf dem Platz &#8211; glichen die Wiesenwegbuben diese Defizite aus. Auch unser Torh\u00fcter war heute endlich wieder auf dem Posten und vereitelte zahlreiche Einschussm\u00f6glichkeiten!\u00a0 So endete das zweite Drittel verdient, oder aber auch gl\u00fccklich, mit einem 2:2 Unentschieden.<\/p>\n<p>So ging man auch den letzten Spielabschnitt an. Es wurde um jeden Zentimeter Boden regelrecht &#8222;gefightet&#8220;. Das Spiel hatte echten &#8222;Derbycharakter&#8220;! Beide Mannschaften spielten nun &#8222;mit offenem Visier&#8220; und wollten die Entscheidung f\u00fcr ihren Verein erzwingen! In der gr\u00f6\u00dften Drangperiode der Greuther konnten wir uns den Ball im Mittelfeld erk\u00e4mpfen und durch eine sch\u00f6ne Kombination zwischen Lorenz, Franz und Mike unseren &#8211; hoffentlich wieder zu alter St\u00e4rke findenden &#8211;\u00a0 Torj\u00e4ger Ben musterg\u00fcltig den &#8222;t\u00f6dlichen Pass&#8220; in den R\u00fccken der Abwehr spielen, sodass Ben &#8222;The Man&#8220; nur noch die Kugel zur F\u00fchrung f\u00fcr die Gr\u00fcn-Wei\u00dfen vom Wiesenweg einschieben mu\u00dfte.<\/p>\n<p>In den verbleibenden 7 Spielminuten versuchten die Zankel-Buben nochmals alles, um das Ergebnis zu korrigieren. Doch durch hochkonzentriertes Arbeiten im Verbund konnten wir letztendlich als Sieger das Spielfeld verlassen. Somit ist die Revanche vom Sonntag gegl\u00fcckt und eine hochklassige Begegnung am Wiesenweg fand ein gl\u00fcckliches Ende f\u00fcr die DJK.<\/p>\n<p>Es war heute eine deutliche Leistungssteigerung zu erkennen und die Arbeit des harten Trainingslagers hat sich nachhaltig positiv auf die Leistung ausgewirkt und best\u00e4tigt das Trainerteam, an dem eingeschlagenen Weg festzuhalten.<\/p>\n<p>Auch m\u00f6chten wir uns bei dem &#8222;Nachwuchsschiri&#8220; der Greuther ganz herzlich bedanken. Der junge Mann hat eine tadellose Leistung w\u00e4hrend des gesamten Spiels absolviert und sollte den eingeschlagenen Weg fortf\u00fchren.<br \/>\nEbenfalls bedanken wir uns bei allen Zuschauern, die objektiv bei der Sache waren und dem Jugendfu\u00dfball so f\u00f6rderlich zur Seite stehen.<\/p>\n<p>Gerne w\u00fcrden wir weitere Spiele mit Euch\/gegen Euch bestreiten. Es macht Riesenspa\u00df!<\/p>\n<p>F\u00fcr die bevorstehende Freiluftsaison w\u00fcnschen wir Euch alles Gute und den gr\u00f6\u00dftm\u00f6glichen Erfolg!<\/p>\n<p>DJK Aufgebot:<br \/>\nLuis; Johannes; Daniel; Oliver; Lorenz K.; Benedikt; Ben; Mike; Franz<\/p>\n<p>Tore: Ben (3)<\/p>\n","protected":false},"excerpt":{"rendered":"<p>Am heutigen Dienstag Nachmittag gastierten erneut binnen 48 Stunden die Kicker der SpVgg Greuther F\u00fcrth vom Laubenweg am Wiesenweg, um ebenfalls so kurz vor dem Saisonstart noch ein wenig Spielpraxis zu sammeln und die Generalprobe f\u00fcr die bevorstehende Punktspielrunde am &hellip; <a href=\"https:\/\/www.djk-erlangen.de\/fussball\/?p=4249\">Weiterlesen <span class=\"meta-nav\">&rarr;<\/span><\/a><\/p>\n","protected":false},"author":32,"featured_media":0,"comment_status":"open","ping_status":"closed","sticky":false,"template":"","format":"standard","meta":{"jetpack_post_was_ever_published":false,"_jetpack_newsletter_access":"","_jetpack_dont_email_post_to_subs":false,"_jetpack_newsletter_tier_id":0,"_jetpack_memberships_contains_paywalled_content":false,"_jetpack_memberships_contains_paid_content":false,"footnotes":"","jetpack_publicize_message":"","jetpack_publicize_feature_enabled":true,"jetpack_social_post_already_shared":false,"jetpack_social_options":{"image_generator_settings":{"template":"highway","default_image_id":0,"font":"","enabled":false},"version":2}},"categories":[15],"tags":[],"class_list":["post-4249","post","type-post","status-publish","format-standard","hentry","category-u9-f1"],"jetpack_publicize_connections":[],"jetpack_featured_media_url":"","jetpack_shortlink":"https:\/\/wp.me\/p2ZUr0-16x","jetpack_sharing_enabled":true,"_links":{"self":[{"href":"https:\/\/www.djk-erlangen.de\/fussball\/index.php?rest_route=\/wp\/v2\/posts\/4249","targetHints":{"allow":["GET"]}}],"collection":[{"href":"https:\/\/www.djk-erlangen.de\/fussball\/index.php?rest_route=\/wp\/v2\/posts"}],"about":[{"href":"https:\/\/www.djk-erlangen.de\/fussball\/index.php?rest_route=\/wp\/v2\/types\/post"}],"author":[{"embeddable":true,"href":"https:\/\/www.djk-erlangen.de\/fussball\/index.php?rest_route=\/wp\/v2\/users\/32"}],"replies":[{"embeddable":true,"href":"https:\/\/www.djk-erlangen.de\/fussball\/index.php?rest_route=%2Fwp%2Fv2%2Fcomments&post=4249"}],"version-history":[{"count":3,"href":"https:\/\/www.djk-erlangen.de\/fussball\/index.php?rest_route=\/wp\/v2\/posts\/4249\/revisions"}],"predecessor-version":[{"id":4264,"href":"https:\/\/www.djk-erlangen.de\/fussball\/index.php?rest_route=\/wp\/v2\/posts\/4249\/revisions\/4264"}],"wp:attachment":[{"href":"https:\/\/www.djk-erlangen.de\/fussball\/index.php?rest_route=%2Fwp%2Fv2%2Fmedia&parent=4249"}],"wp:term":[{"taxonomy":"category","embeddable":true,"href":"https:\/\/www.djk-erlangen.de\/fussball\/index.php?rest_route=%2Fwp%2Fv2%2Fcategories&post=4249"},{"taxonomy":"post_tag","embeddable":true,"href":"https:\/\/www.djk-erlangen.de\/fussball\/index.php?rest_route=%2Fwp%2Fv2%2Ftags&post=4249"}],"curies":[{"name":"wp","href":"https:\/\/api.w.org\/{rel}","templated":true}]}}