{"id":4210,"date":"2010-09-12T20:14:28","date_gmt":"2010-09-12T18:14:28","guid":{"rendered":"http:\/\/www.djk-erlangen.de\/fussball\/?p=4210"},"modified":"2010-09-12T21:40:26","modified_gmt":"2010-09-12T19:40:26","slug":"holpriger-auftakt-in-die-neue-saison","status":"publish","type":"post","link":"https:\/\/www.djk-erlangen.de\/fussball\/?p=4210","title":{"rendered":"Holpriger Auftakt in die neue Saison"},"content":{"rendered":"<p>Nach einem kr\u00e4ftezehrenden 3t\u00e4gigen Trainingslager im heimischen Wiesengrund lud man zum ersten Stelldichein f\u00fcr die neue Saison am heutigen Sonntag zum Vorbereitungsturnier.<br \/>\nBei besten \u00e4u\u00dferlichen, ja fast hochsommerlichen Bedingungen, waren hochmotivierte Mannschaften wie die SpVgg Erlangen; Don Bosco Bamberg sowie die Nachwuchskicker der SpVgg Greuther F\u00fcrth<br \/>\nam Start.<\/p>\n<p><!--more--><\/p>\n<p style=\"text-align: center;\"><a rel=\"attachment wp-att-4214\" href=\"http:\/\/www.djk-erlangen.de\/fussball\/?attachment_id=4214\"><\/a><a href=\"http:\/\/www.djk-erlangen.de\/fussball\/wp-content\/uploads\/2010\/09\/DSCF1840.jpg\"><img loading=\"lazy\" decoding=\"async\" class=\"aligncenter size-medium wp-image-4226\" title=\"DSCF1840\" src=\"http:\/\/www.djk-erlangen.de\/fussball\/wp-content\/uploads\/2010\/09\/DSCF1840-300x275.jpg\" alt=\"\" width=\"300\" height=\"275\" srcset=\"https:\/\/www.djk-erlangen.de\/fussball\/wp-content\/uploads\/2010\/09\/DSCF1840-300x275.jpg 300w, https:\/\/www.djk-erlangen.de\/fussball\/wp-content\/uploads\/2010\/09\/DSCF1840-150x137.jpg 150w, https:\/\/www.djk-erlangen.de\/fussball\/wp-content\/uploads\/2010\/09\/DSCF1840.jpg 363w\" sizes=\"auto, (max-width: 300px) 100vw, 300px\" \/><\/a><\/p>\n<p>Unsere Auftaktbegegnung bestritten wir gegen den Nachbarn aus dem Osten der Stadt die SpVgg Erlangen. Irgendwie waren bei den Wiesenwegbuben noch die Beine schwer und ehe man sich versah gerieten wir mit 2:0 ins Hintertreffen. Nun wachten die Jungs endlich auf und fingen an Fu\u00dfball zu spielen was prompt mit dem Anschlu\u00dftreffer durch Ali Alex belohnt wurde. Jetzt war man am Dr\u00fccker und dr\u00e4ngte auf den Ausgleich.<br \/>\nDurch eine Unachtsamkeit im Abwehrverbund fingen wir einen mehr als dummen Gegentreffer zum 3:1 Endstand f\u00fcr die Spieli.<\/p>\n<p>Die Auftaktbegegnung der Greuther gegen Don Bosco Bamberg endete 3:0 f\u00fcr F\u00fcrth<\/p>\n<p>Die zweite Begegnung gegen die Bleier Buben aus Bamberg war eine spielerisch hochklassige Begegnung. Die Wiesenweg Buben waren jetzt angekommen und zeigten ihr wahres Gesicht. Leider gerieten wir erneut durch eine Unachtsamkeit ungl\u00fccklich in R\u00fcckstand und standen somit schon wieder mit dem R\u00fccken zur Wand. Das ganze wurde von den Trainer \u00e4u\u00dferst gelassen betrachtet, da man mit der Vorgabe sich einzuspielen in dieses Turnier ging. So wurden diverse Ver\u00e4nderungen in der Halbzeitpause vorgenommen und das System ein wenig umgestellt. Dieser Schu\u00df ging nach hinten los und erneut durch mehrere Stockfehler in den eigenen Reihen konnte die DJK Don Bosco auf 2:0 erh\u00f6hen. Dies war auch der Endstand dieser Begegnung.<\/p>\n<p>Die Begegnung der SpVgg Erlangen gegen die Kleebl\u00e4tter endete mit einem hart umk\u00e4mpften Arbeitssieg f\u00fcr die gr\u00fcn\/wei\u00dfen mit 2:1. Leider ereigneten sich bei dieser Partie einige unsch\u00f6ne Szenen auf und neben dem Spielfeld, soda\u00df der Schiedsrichter die Begegnung abbrechen wollte. Dank unseres umsichtigen Ordnungsdienstes konnten die Wogen jedoch rasch gegl\u00e4ttet werden und ein reibungsloser Turnierverlauf gew\u00e4hrleistet werden.<\/p>\n<p>Zum Abschlu\u00df des heutigen Vorbereitungsturnier trafen wir auf die Truppe von Holger und Mauricio, die SpVgg Greuther F\u00fcrth. Im ersten Spielabschnitt war der Klassenunterschied deutlich zu sehen. Die Fusionierer waren immer einen Tick schneller am Ball und deutlich ballsicherer. Auch in Sachen Kombinationsspiel wurde den Wiesenwegbuben ihre Grenzen aufgezeigt. Schade nur, da\u00df man wieder durch eigene Fehler und grobe Schnitzer den Gegner aufbaute und diesen so eine 2:0 F\u00fchrung bescherte.<\/p>\n<p>Mit Beginn des zweiten Spielabschnitts legten die Wiesenweg Buben endlich den Respekt ab und kamen ebenfalls zu einigen aussichtsreichen Torchancen. Das gleich Spiel wie schon in der zur\u00fcckliegenden Saison. Es werden einfach zu viele Chancen nicht genutzt und unsere Mittelst\u00fcrmer haben den Chancentod anscheinend mit \u00fcber die Sommerferien geschleppt. So kassierten wir erneut durch einen kapitalen Fehler unseres Torw\u00e4chters den dritten Gegentreffer.<\/p>\n<p>Die F\u00fcrther schalteten sichtbar einen Gang zur\u00fcck und lie\u00dfen uns immer besser ins Spiel kommen. Folgerichtig erzielte man endlich nach einem wundersch\u00f6nen Spielzug mit 2 P\u00e4ssen den Anschlu\u00dftreffer duch Ben.<br \/>\nDie mittlerweile auch k\u00f6rperlich m\u00fcde wirkenden Wiesenweg Buben rappelten sich noch mal auf und dr\u00e4ngten auf den Anschlu\u00dftreffer. Ein Ballverlust im Mittelfeld und die fehlende Kraft energisch nachzusetzen sorgte dann f\u00fcr die Entscheidung mit dem vierten Treffer f\u00fcr die F\u00fcrther. Mit dem Schlu\u00dfpfiff h\u00e4tten wir noch einen Strafsto\u00df wegen absichtlichen Handspiels bekommen m\u00fcssen, was jedoch von dem umsichtig pfeifenden Referee \u00fcbersehen wurde.<\/p>\n<p>Letzendlich auch egal. Dieses Turnier diente als Standortbestimmung f\u00fcr die neue Saison und wichtig ist am kommenden Samstag zur Heimspielpremiere gegen den SC Eltersdorf topfit in eine lange Saison zu starten.<\/p>\n\n\t\t<style type=\"text\/css\">\n\t\t\t#gallery-1 {\n\t\t\t\tmargin: auto;\n\t\t\t}\n\t\t\t#gallery-1 .gallery-item {\n\t\t\t\tfloat: left;\n\t\t\t\tmargin-top: 10px;\n\t\t\t\ttext-align: center;\n\t\t\t\twidth: 33%;\n\t\t\t}\n\t\t\t#gallery-1 img {\n\t\t\t\tborder: 2px solid #cfcfcf;\n\t\t\t}\n\t\t\t#gallery-1 .gallery-caption {\n\t\t\t\tmargin-left: 0;\n\t\t\t}\n\t\t\t\/* see gallery_shortcode() in wp-includes\/media.php *\/\n\t\t<\/style>\n\t\t<div id='gallery-1' class='gallery galleryid-4210 gallery-columns-3 gallery-size-thumbnail'><dl class='gallery-item'>\n\t\t\t<dt class='gallery-icon portrait'>\n\t\t\t\t<a href='https:\/\/www.djk-erlangen.de\/fussball\/wp-content\/uploads\/2010\/09\/DSCF1835.jpg'><img loading=\"lazy\" decoding=\"async\" width=\"112\" height=\"150\" src=\"https:\/\/www.djk-erlangen.de\/fussball\/wp-content\/uploads\/2010\/09\/DSCF1835-112x150.jpg\" class=\"attachment-thumbnail size-thumbnail\" alt=\"\" srcset=\"https:\/\/www.djk-erlangen.de\/fussball\/wp-content\/uploads\/2010\/09\/DSCF1835-112x150.jpg 112w, https:\/\/www.djk-erlangen.de\/fussball\/wp-content\/uploads\/2010\/09\/DSCF1835-225x300.jpg 225w, https:\/\/www.djk-erlangen.de\/fussball\/wp-content\/uploads\/2010\/09\/DSCF1835.jpg 480w\" sizes=\"auto, (max-width: 112px) 100vw, 112px\" \/><\/a>\n\t\t\t<\/dt><\/dl><dl class='gallery-item'>\n\t\t\t<dt class='gallery-icon portrait'>\n\t\t\t\t<a href='https:\/\/www.djk-erlangen.de\/fussball\/wp-content\/uploads\/2010\/09\/DSCF1836.jpg'><img loading=\"lazy\" decoding=\"async\" width=\"112\" height=\"150\" src=\"https:\/\/www.djk-erlangen.de\/fussball\/wp-content\/uploads\/2010\/09\/DSCF1836-112x150.jpg\" class=\"attachment-thumbnail size-thumbnail\" alt=\"\" srcset=\"https:\/\/www.djk-erlangen.de\/fussball\/wp-content\/uploads\/2010\/09\/DSCF1836-112x150.jpg 112w, https:\/\/www.djk-erlangen.de\/fussball\/wp-content\/uploads\/2010\/09\/DSCF1836-225x300.jpg 225w, https:\/\/www.djk-erlangen.de\/fussball\/wp-content\/uploads\/2010\/09\/DSCF1836.jpg 480w\" sizes=\"auto, (max-width: 112px) 100vw, 112px\" \/><\/a>\n\t\t\t<\/dt><\/dl><dl class='gallery-item'>\n\t\t\t<dt class='gallery-icon portrait'>\n\t\t\t\t<a href='https:\/\/www.djk-erlangen.de\/fussball\/wp-content\/uploads\/2010\/09\/DSCF1837.jpg'><img loading=\"lazy\" decoding=\"async\" width=\"112\" height=\"150\" src=\"https:\/\/www.djk-erlangen.de\/fussball\/wp-content\/uploads\/2010\/09\/DSCF1837-112x150.jpg\" class=\"attachment-thumbnail size-thumbnail\" alt=\"\" srcset=\"https:\/\/www.djk-erlangen.de\/fussball\/wp-content\/uploads\/2010\/09\/DSCF1837-112x150.jpg 112w, https:\/\/www.djk-erlangen.de\/fussball\/wp-content\/uploads\/2010\/09\/DSCF1837-225x300.jpg 225w, https:\/\/www.djk-erlangen.de\/fussball\/wp-content\/uploads\/2010\/09\/DSCF1837.jpg 480w\" sizes=\"auto, (max-width: 112px) 100vw, 112px\" \/><\/a>\n\t\t\t<\/dt><\/dl><br style=\"clear: both\" \/><dl class='gallery-item'>\n\t\t\t<dt class='gallery-icon landscape'>\n\t\t\t\t<a href='https:\/\/www.djk-erlangen.de\/fussball\/wp-content\/uploads\/2010\/09\/DSCF1840.jpg'><img loading=\"lazy\" decoding=\"async\" width=\"150\" height=\"137\" src=\"https:\/\/www.djk-erlangen.de\/fussball\/wp-content\/uploads\/2010\/09\/DSCF1840-150x137.jpg\" class=\"attachment-thumbnail size-thumbnail\" alt=\"\" srcset=\"https:\/\/www.djk-erlangen.de\/fussball\/wp-content\/uploads\/2010\/09\/DSCF1840-150x137.jpg 150w, https:\/\/www.djk-erlangen.de\/fussball\/wp-content\/uploads\/2010\/09\/DSCF1840-300x275.jpg 300w, https:\/\/www.djk-erlangen.de\/fussball\/wp-content\/uploads\/2010\/09\/DSCF1840.jpg 363w\" sizes=\"auto, (max-width: 150px) 100vw, 150px\" \/><\/a>\n\t\t\t<\/dt><\/dl>\n\t\t\t<br style='clear: both' \/>\n\t\t<\/div>\n\n<p>Die letzte Begegnung zwischen der Spieli und Don Bosco endete unspektakul\u00e4r mit einem leistungsgerechten 0:0<\/p>\n<p>An dieser Stelle ein ganz gro\u00dfer Dank an unsere beiden Referees, Thomas und Donato! Ihr habt super gepfiffen und dem Turnier gut getan!<\/p>\n<p><span style=\"text-decoration: underline;\"><span style=\"color: #000000;\"><strong>Abschlu\u00dftabelle:<\/strong><\/span><\/span><\/p>\n<ol>\n<li>SpVgg Greuther F\u00fcrth<\/li>\n<li>DjK Don Bosco Bamber<\/li>\n<li>SpVgg Erlangen<\/li>\n<li>DjK Erlangen<\/li>\n<\/ol>\n<p>Am kommenden Dienstag gastiert die SpVgg Greuther F\u00fcrth zu einem weiteren Vorbereitungsspiel erneut am Wiesenweg. Vielleicht gelingt uns ja dann eine kleine Sensation gegen einen sog. &#8222;Gro\u00dfen Gegner&#8220;<br \/>\nWir freuen und darauf!<\/p>\n<p>DjK Aufgebot:<br \/>\nLuis; Johannes G.; Ali Alex; Oliver; Lorenz K.; Rick; Benedikt; Ben; Mike; Franz<\/p>\n","protected":false},"excerpt":{"rendered":"<p>Nach einem kr\u00e4ftezehrenden 3t\u00e4gigen Trainingslager im heimischen Wiesengrund lud man zum ersten Stelldichein f\u00fcr die neue Saison am heutigen Sonntag zum Vorbereitungsturnier. Bei besten \u00e4u\u00dferlichen, ja fast hochsommerlichen Bedingungen, waren hochmotivierte Mannschaften wie die SpVgg Erlangen; Don Bosco Bamberg sowie &hellip; <a href=\"https:\/\/www.djk-erlangen.de\/fussball\/?p=4210\">Weiterlesen <span class=\"meta-nav\">&rarr;<\/span><\/a><\/p>\n","protected":false},"author":32,"featured_media":0,"comment_status":"open","ping_status":"closed","sticky":false,"template":"","format":"standard","meta":{"jetpack_post_was_ever_published":false,"_jetpack_newsletter_access":"","_jetpack_dont_email_post_to_subs":false,"_jetpack_newsletter_tier_id":0,"_jetpack_memberships_contains_paywalled_content":false,"_jetpack_memberships_contains_paid_content":false,"footnotes":"","jetpack_publicize_message":"","jetpack_publicize_feature_enabled":true,"jetpack_social_post_already_shared":false,"jetpack_social_options":{"image_generator_settings":{"template":"highway","default_image_id":0,"font":"","enabled":false},"version":2}},"categories":[15],"tags":[],"class_list":["post-4210","post","type-post","status-publish","format-standard","hentry","category-u9-f1"],"jetpack_publicize_connections":[],"jetpack_featured_media_url":"","jetpack_shortlink":"https:\/\/wp.me\/p2ZUr0-15U","jetpack_sharing_enabled":true,"_links":{"self":[{"href":"https:\/\/www.djk-erlangen.de\/fussball\/index.php?rest_route=\/wp\/v2\/posts\/4210","targetHints":{"allow":["GET"]}}],"collection":[{"href":"https:\/\/www.djk-erlangen.de\/fussball\/index.php?rest_route=\/wp\/v2\/posts"}],"about":[{"href":"https:\/\/www.djk-erlangen.de\/fussball\/index.php?rest_route=\/wp\/v2\/types\/post"}],"author":[{"embeddable":true,"href":"https:\/\/www.djk-erlangen.de\/fussball\/index.php?rest_route=\/wp\/v2\/users\/32"}],"replies":[{"embeddable":true,"href":"https:\/\/www.djk-erlangen.de\/fussball\/index.php?rest_route=%2Fwp%2Fv2%2Fcomments&post=4210"}],"version-history":[{"count":19,"href":"https:\/\/www.djk-erlangen.de\/fussball\/index.php?rest_route=\/wp\/v2\/posts\/4210\/revisions"}],"predecessor-version":[{"id":4241,"href":"https:\/\/www.djk-erlangen.de\/fussball\/index.php?rest_route=\/wp\/v2\/posts\/4210\/revisions\/4241"}],"wp:attachment":[{"href":"https:\/\/www.djk-erlangen.de\/fussball\/index.php?rest_route=%2Fwp%2Fv2%2Fmedia&parent=4210"}],"wp:term":[{"taxonomy":"category","embeddable":true,"href":"https:\/\/www.djk-erlangen.de\/fussball\/index.php?rest_route=%2Fwp%2Fv2%2Fcategories&post=4210"},{"taxonomy":"post_tag","embeddable":true,"href":"https:\/\/www.djk-erlangen.de\/fussball\/index.php?rest_route=%2Fwp%2Fv2%2Ftags&post=4210"}],"curies":[{"name":"wp","href":"https:\/\/api.w.org\/{rel}","templated":true}]}}