{"id":4149,"date":"2010-09-07T11:45:12","date_gmt":"2010-09-07T09:45:12","guid":{"rendered":"http:\/\/www.djk-erlangen.de\/fussball\/?p=4149"},"modified":"2010-09-15T00:32:07","modified_gmt":"2010-09-14T22:32:07","slug":"matthias-walze-waldhutter-im-anpfiff-interview","status":"publish","type":"post","link":"https:\/\/www.djk-erlangen.de\/fussball\/?p=4149","title":{"rendered":"Matthias \u201cWalze\u201d Waldh\u00fctter im anpfiff-Interview"},"content":{"rendered":"<h4>\u201cThe Big Four\u201d der A-Klasse 4<\/h4>\n<p>von Ben Schneider<\/p>\n<p>Sechs Runden sind absolviert in der A-Klasse 4 und es haben sich bereits die Reihen etwas gelichtet. An der Spitze stehen drei Teams, welche man vor der Saison auch hier erwartet hat. Sieht man aber ganz auf den Gipfel, steht da ein Team, das nun wirklich niemand auf der Rechnung hatte. Ob die genannten Teams auch am Ende den Aufstieg unter sich ausmachen werden? anpfiff sah mal genau hin und fragte auch nach\u2026 <!--more--><br \/>\nVier Teams mit zweistelliger Punktzahl nach sechs Spieltagen. Alle vier mit mindestens vier erzielten Toren pro Spiel. Drei davon noch ungeschlagen. Drei davon Erste Mannschaften. Und ein absolutes Greenhorn dazwischen. Wir sprechen von den Teams aus Pinzberg, Schlaifhausen, Reuth und \u2026. der Reserve der DJK Erlangen!<\/p>\n<p>Beginnen wir mit Platz 4 der Tabelle, der DJK-FC Schlaifhausen:<\/p>\n<p>Die Walberla-Kicker aus Schlaifhausen haben furios begonnen. Gleich am ersten Spieltag einen zweistelligen Sieg einzufahren, birgt einen faden Beigeschmack. Ist doch die Gefahr, \u00fcberheblich zu werden, sehr gro\u00df. Wolfgang Auer aber hat seine Sch\u00fctzlinge gut im Griff. In den n\u00e4chsten Spielen wurden auch deutliche Siege eingefahren. Lediglich am vergangenen Spieltag musste man im Kopf-an-Kopf-Rennen gegen den direkten Konkurrenten aus Reuth den K\u00fcrzeren ziehen. Zum ersten Mal in dieser Saison. Am kommenden Spieltag kommt mit Pinzberg gleich der n\u00e4chste Vergleich auf Augenh\u00f6he. In diesem Spiel wird sich zeigen, aus welchem Holz die Schlaifenh\u00e4user geschnitzt sind. Die anschlie\u00dfenden Spiele w\u00fcrden bei Buchmachern n\u00e4mlich wohl eher ungleiche Quoten erreichen. Danach treffen sie n\u00e4mlich auf Reserveteams, welche sich momentan im mittleren bis unteren Tabellenfeld aufhalten. Bis sie dann am 7. November auf die Reserve der DJK Erlangen treffen werden.<\/p>\n<p>Das Team auf dem bronzenen Treppchen, die SpVgg Reuth:<\/p>\n<p>Vier Tore schie\u00dfen pro Spiel. Das k\u00f6nnte die Reuther Devise sein. Sogar gegen Schlaifhausen gelang dieses Kunstst\u00fcck. Lediglich gegen den Aufstiegsfavoriten Nr. 1 aus Pinzberg konnte mit Ach und Krach ein Unentschieden erreicht werden. Die Turbulenzen der letzten Wochen mit<br \/>\nTrainerwechsel und mancher Unsicherheit konnten der Truppe aus dem Forchheimer Stadtteil nichts anhaben. Trotz vieler Abg\u00e4nge k\u00f6nnte der Mannschaft dieses Jahr der Aufstieg gelingen, nachdem man letztes Jahr so denkbar knapp scheiterte. Die n\u00e4chsten Spieltage sehen auf dem Papier einfach zu bew\u00e4ltigen aus, bis man am 31. Oktober ebenfalls auf die Reserve der Erlanger DJK trifft.<\/p>\n<p>Fast der Platz an der Sonne, Tabellenplatz 2, die DJK-TSV Pinzberg:<\/p>\n<p>Nicht nur die meisten Teams nannten vor der Saison die Pinzberger als Aufstiegsaspirant Nr. 1. Der Volksmund und deren bisherige Leistungen sagen es auch. Zwar \u201enur\u201c mit einem 2:1 in die Saison gestartet, sind die Pinzberger wohl die gr\u00f6\u00dfte Konstante unter den \u201eBig Four\u201c. Letzte Saison, wie auch die SpVgg Reuth, knapp am Aufstieg vorbeigeschrammt, sind sie dieses Jahr der Gejagte. Im Gegensatz zu Reuth konnten sie ihren Kader punktuell verst\u00e4rken und mit Jim Lutumba einen Ausnahmest\u00fcrmer an den Lohranger locken. Die Pinzberger aber haben sicherlich das schwerste Programm unserer Top Vier. In den n\u00e4chsten zwei Begegnungen werden sie sich erstens mit Schlaifhausen messen und danach die Erlanger DJK-Reserve bespielen. Nach diesen zwei Spielen wird sich zeigen, ob die Nagengast-Elf ihrem Ruf als Spitzenmannschaft gerecht wird.<\/p>\n<p>Senkrechtstarter der Saison, die Reserve der DJK Erlangen:<\/p>\n<p>Die letzten drei Saisons fand man die DJK-Reserve im Niemandsland der A-Klasse. Eine regelrechte Flut an A-Jugendlichen hat den Kader aber derart verst\u00e4rkt, dass von Beginn an eine schlagkr\u00e4ftige Truppe am Start ist. Gut, n\u00fcchtern betrachtet ist der momentane Tabellenplatz nicht sehr aussagekr\u00e4ftig. Schlie\u00dflich musste die DJK bisher noch nicht gegen eine Erste Mannschaft antreten und ihr K\u00f6nnen unter Beweis stellen. Die n\u00e4chsten Wochen werden zeigen, wie gut das Team wirklich ist. Derzeit wird die Mannschaft sicher von der Euphorie gen\u00e4hrt. Zudem wird es als Reserve-Mannschaft ein Weg auf ganz schmalen Brettern sein. Die Erste Mannschaft der DJK steht momentan abgeschlagen auf dem letzten Platz in der Kreisklasse 1. Es ist nur eine Frage der Zeit, bis die Stimmung im Verein umschwingt bzw. Spieler aus der Reserve dort aushelfen m\u00fcssen. Der jungen Mannschaft aber sei es geg\u00f6nnt, m\u00f6glichst lange oben mitspielen zu d\u00fcrfen. Ihr Ziel, n\u00e4mlich beste Reservemannschaft der Liga zu werden, k\u00f6nnen sie allemal erreichen.<\/p>\n<p>anpfiff fragte im Team der DJK Erlangen, bei Abwehrmann Matthias Waldh\u00fctter, nach:<\/p>\n<p><img loading=\"lazy\" decoding=\"async\" class=\"alignnone\" src=\"http:\/\/www.anpfiff.info\/upload\/Archiv\/A043501-44000\/43975.jpg\" alt=\"\" width=\"120\" height=\"160\" \/><\/p>\n<p>Matthias Waldh\u00fctter (20)<\/p>\n<p>Herr Waldh\u00fctter, wie k\u00f6nnen Sie sich den guten Saisonstart ihrer Mannschaft erkl\u00e4ren?<br \/>\nWir haben viele gute Spieler aus der Jugend bekommen. Die jetzige Mannschaft hat schon fr\u00fcher in der Jugend lange zusammengespielt. Wir kennen uns somit alle schon l\u00e4nger. Auch unser Trainer kommt aus dem Jugendbereich und konnte uns gut einstellen.<\/p>\n<p>Wo genau konnte sich Ihr Kader verst\u00e4rken?<br \/>\nDie Zug\u00e4nge konnten sich im gesamten Kader einfinden. Es ist eine Verst\u00e4rkung der kompletten Mannschaft, nicht nur im Sturm oder im Mittelfeld.<\/p>\n<p>Wie ist die Zusammenarbeit mit der Ersten Mannschaft? Muss die Reserve demn\u00e4chst Leute abgeben?<br \/>\nWir trainieren zusammen mit der Ersten Mannschaft. Nat\u00fcrlich rutschen von uns ab und zu welche nach oben, aber es kommen auch Spieler von der Ersten Mannschaft zu uns. Es gibt f\u00fcr beide Teams einen festen Stamm. Es wird aber nat\u00fcrlich darauf geachtet, dass die Erste Mannschaft gut aufgestellt wird.<\/p>\n<p>Kann Ihre Mannschaft auch gegen Erste Mannschaften bestehen?<br \/>\nDas wird sich jetzt zeigen gegen den Favoriten aus Pinzberg. Verstecken wollen wir uns nicht. Wir wollen jedes Spiel gewinnen und gehen auch in jedes Spiel mit der Einstellung zu gewinnen.<\/p>\n<p><img loading=\"lazy\" decoding=\"async\" class=\"alignnone\" src=\"http:\/\/www.anpfiff.info\/upload\/Archiv\/A074501-75000\/74958.jpg\" alt=\"\" width=\"500\" height=\"357\" \/><br \/>\nMatthias Waldh\u00fctter (gr\u00fcnes Trikot) in Abwehrdiensten der DJK Erlangen 2.<br \/>\nanpfiff.info<\/p>\n<p>Wie werden Sie gegen diese Mannschaft auftreten?<br \/>\nWir wollen gewinnen. Uns ist bewusst, dass Pinzberg neben Reuth die Top-Mannschaft ist. Wir verstecken uns aber nicht.<\/p>\n<p>Wie ist Ihr Ergebnis-Tipp?<br \/>\nWenn das Spiel gut l\u00e4uft k\u00f6nnte ein 2:2 f\u00fcr uns rausspringen.<\/p>\n<p>Auf welchem Tabellenplatz wird sich die DJK-Reserve am Ende<br \/>\nder Saison wiederfinden?<br \/>\nDas ist eine sehr schwere Frage. Ein sehr, sehr guter vierter Platz sollte drin sein.<\/p>\n<p>Mann kann sich nur \u00fcberraschen lassen, ob die DJK Erlangen der Stolperstein der gro\u00dfen Mannschaften wird oder ob ihr bisheriges Abschneiden nichts weiter als ein Strohfeuer war. Interessant ist diese Konstellation auf jeden Fall.<\/p>\n<p>anpfiff bedankt sich bei Matthias Waldh\u00fctter und w\u00fcnscht weiterhin viel Erfolg.<\/p>\n","protected":false},"excerpt":{"rendered":"<p>\u201cThe Big Four\u201d der A-Klasse 4 von Ben Schneider Sechs Runden sind absolviert in der A-Klasse 4 und es haben sich bereits die Reihen etwas gelichtet. An der Spitze stehen drei Teams, welche man vor der Saison auch hier erwartet &hellip; <a href=\"https:\/\/www.djk-erlangen.de\/fussball\/?p=4149\">Weiterlesen <span class=\"meta-nav\">&rarr;<\/span><\/a><\/p>\n","protected":false},"author":24,"featured_media":0,"comment_status":"open","ping_status":"closed","sticky":false,"template":"","format":"standard","meta":{"jetpack_post_was_ever_published":false,"_jetpack_newsletter_access":"","_jetpack_dont_email_post_to_subs":false,"_jetpack_newsletter_tier_id":0,"_jetpack_memberships_contains_paywalled_content":false,"_jetpack_memberships_contains_paid_content":false,"footnotes":"","jetpack_publicize_message":"","jetpack_publicize_feature_enabled":true,"jetpack_social_post_already_shared":false,"jetpack_social_options":{"image_generator_settings":{"template":"highway","default_image_id":0,"font":"","enabled":false},"version":2}},"categories":[18],"tags":[],"class_list":["post-4149","post","type-post","status-publish","format-standard","hentry","category-herren-2"],"jetpack_publicize_connections":[],"jetpack_featured_media_url":"","jetpack_shortlink":"https:\/\/wp.me\/p2ZUr0-14V","jetpack_sharing_enabled":true,"_links":{"self":[{"href":"https:\/\/www.djk-erlangen.de\/fussball\/index.php?rest_route=\/wp\/v2\/posts\/4149","targetHints":{"allow":["GET"]}}],"collection":[{"href":"https:\/\/www.djk-erlangen.de\/fussball\/index.php?rest_route=\/wp\/v2\/posts"}],"about":[{"href":"https:\/\/www.djk-erlangen.de\/fussball\/index.php?rest_route=\/wp\/v2\/types\/post"}],"author":[{"embeddable":true,"href":"https:\/\/www.djk-erlangen.de\/fussball\/index.php?rest_route=\/wp\/v2\/users\/24"}],"replies":[{"embeddable":true,"href":"https:\/\/www.djk-erlangen.de\/fussball\/index.php?rest_route=%2Fwp%2Fv2%2Fcomments&post=4149"}],"version-history":[{"count":5,"href":"https:\/\/www.djk-erlangen.de\/fussball\/index.php?rest_route=\/wp\/v2\/posts\/4149\/revisions"}],"predecessor-version":[{"id":4267,"href":"https:\/\/www.djk-erlangen.de\/fussball\/index.php?rest_route=\/wp\/v2\/posts\/4149\/revisions\/4267"}],"wp:attachment":[{"href":"https:\/\/www.djk-erlangen.de\/fussball\/index.php?rest_route=%2Fwp%2Fv2%2Fmedia&parent=4149"}],"wp:term":[{"taxonomy":"category","embeddable":true,"href":"https:\/\/www.djk-erlangen.de\/fussball\/index.php?rest_route=%2Fwp%2Fv2%2Fcategories&post=4149"},{"taxonomy":"post_tag","embeddable":true,"href":"https:\/\/www.djk-erlangen.de\/fussball\/index.php?rest_route=%2Fwp%2Fv2%2Ftags&post=4149"}],"curies":[{"name":"wp","href":"https:\/\/api.w.org\/{rel}","templated":true}]}}