{"id":4015,"date":"2010-08-21T11:57:31","date_gmt":"2010-08-21T09:57:31","guid":{"rendered":"http:\/\/www.djk-erlangen.de\/fussball\/?p=4015"},"modified":"2010-08-23T20:10:14","modified_gmt":"2010-08-23T18:10:14","slug":"eine-woche-lang-fusball-in-allen-facetten","status":"publish","type":"post","link":"https:\/\/www.djk-erlangen.de\/fussball\/?p=4015","title":{"rendered":"&#8222;Eine Woche lang Fu\u00dfball in allen Facetten&#8220;"},"content":{"rendered":"<p><strong>Artikel zum Superstar-Soccer-Camp aus den Nordbayrischen Nachrichten vom 20.08.2010<\/strong><br \/>\nEin Teil der fu\u00dfballbegeisterten DJK-Kicker aus der F-1, F-2 und der E-3 hatten einen Riesenspa\u00df beim Fu\u00dfball-Camp der Fa. Super-Star-Soccer in Neuhaus.<br \/>\nSelbst der Regen am Dienstag konnte die Begeisterung kaum bremsen und so wurde kurzerhand die Halle und die Kegelbahn in Beschlag genommen.<\/p>\n<p>Die Jungs freuen sich schon auf\u00b4s n\u00e4chste Jahr, denn dann k\u00f6nnen Sie zwei Trainingslager von Super-Star-Soccer besuchen.<br \/>\nVom 20.06. &#8211; 24.06.2011 findet das Fu\u00dfball-Camp erstmals bei uns im Wiesengrund statt und Ende August dann wieder in Neuhaus.<\/p>\n<p><a title=\"Bericht zum Super-Soccer-Camp 2010\" href=\"http:\/\/www.nordbayern.de\/region\/herzogenaurach\/eine-woche-lang-fussball-in-allen-facetten-1.109453\" target=\"_blank\">Online-Bericht lesen &#8230;<\/a><br \/>\n<a href=\"http:\/\/www.djk-erlangen.de\/fussball\/wp-content\/uploads\/2010\/08\/FT_Bericht_SuperStarSoccer2010.pdf\">FT_Bericht_SuperStarSoccer2010<\/a><\/p>\n","protected":false},"excerpt":{"rendered":"<p>Artikel zum Superstar-Soccer-Camp aus den Nordbayrischen Nachrichten vom 20.08.2010 Ein Teil der fu\u00dfballbegeisterten DJK-Kicker aus der F-1, F-2 und der E-3 hatten einen Riesenspa\u00df beim Fu\u00dfball-Camp der Fa. Super-Star-Soccer in Neuhaus. Selbst der Regen am Dienstag konnte die Begeisterung kaum &hellip; <a href=\"https:\/\/www.djk-erlangen.de\/fussball\/?p=4015\">Weiterlesen <span class=\"meta-nav\">&rarr;<\/span><\/a><\/p>\n","protected":false},"author":32,"featured_media":0,"comment_status":"open","ping_status":"closed","sticky":false,"template":"","format":"standard","meta":{"jetpack_post_was_ever_published":false,"_jetpack_newsletter_access":"","_jetpack_dont_email_post_to_subs":false,"_jetpack_newsletter_tier_id":0,"_jetpack_memberships_contains_paywalled_content":false,"_jetpack_memberships_contains_paid_content":false,"footnotes":"","jetpack_publicize_message":"","jetpack_publicize_feature_enabled":true,"jetpack_social_post_already_shared":false,"jetpack_social_options":{"image_generator_settings":{"template":"highway","default_image_id":0,"font":"","enabled":false},"version":2}},"categories":[15],"tags":[],"class_list":["post-4015","post","type-post","status-publish","format-standard","hentry","category-u9-f1"],"jetpack_publicize_connections":[],"jetpack_featured_media_url":"","jetpack_shortlink":"https:\/\/wp.me\/p2ZUr0-12L","jetpack_sharing_enabled":true,"_links":{"self":[{"href":"https:\/\/www.djk-erlangen.de\/fussball\/index.php?rest_route=\/wp\/v2\/posts\/4015","targetHints":{"allow":["GET"]}}],"collection":[{"href":"https:\/\/www.djk-erlangen.de\/fussball\/index.php?rest_route=\/wp\/v2\/posts"}],"about":[{"href":"https:\/\/www.djk-erlangen.de\/fussball\/index.php?rest_route=\/wp\/v2\/types\/post"}],"author":[{"embeddable":true,"href":"https:\/\/www.djk-erlangen.de\/fussball\/index.php?rest_route=\/wp\/v2\/users\/32"}],"replies":[{"embeddable":true,"href":"https:\/\/www.djk-erlangen.de\/fussball\/index.php?rest_route=%2Fwp%2Fv2%2Fcomments&post=4015"}],"version-history":[{"count":13,"href":"https:\/\/www.djk-erlangen.de\/fussball\/index.php?rest_route=\/wp\/v2\/posts\/4015\/revisions"}],"predecessor-version":[{"id":4065,"href":"https:\/\/www.djk-erlangen.de\/fussball\/index.php?rest_route=\/wp\/v2\/posts\/4015\/revisions\/4065"}],"wp:attachment":[{"href":"https:\/\/www.djk-erlangen.de\/fussball\/index.php?rest_route=%2Fwp%2Fv2%2Fmedia&parent=4015"}],"wp:term":[{"taxonomy":"category","embeddable":true,"href":"https:\/\/www.djk-erlangen.de\/fussball\/index.php?rest_route=%2Fwp%2Fv2%2Fcategories&post=4015"},{"taxonomy":"post_tag","embeddable":true,"href":"https:\/\/www.djk-erlangen.de\/fussball\/index.php?rest_route=%2Fwp%2Fv2%2Ftags&post=4015"}],"curies":[{"name":"wp","href":"https:\/\/api.w.org\/{rel}","templated":true}]}}