{"id":3992,"date":"2010-08-15T20:00:54","date_gmt":"2010-08-15T18:00:54","guid":{"rendered":"http:\/\/www.djk-erlangen.de\/fussball\/?p=3992"},"modified":"2010-09-15T00:32:31","modified_gmt":"2010-09-14T22:32:31","slug":"02-spieltag-djk-erlangen-%e2%80%93-fsv-erlangen-bruck-iii-13-01","status":"publish","type":"post","link":"https:\/\/www.djk-erlangen.de\/fussball\/?p=3992","title":{"rendered":"2. Spieltag DJK Erlangen \u2013 FSV Erlangen-Bruck III 1:3 (0:1)"},"content":{"rendered":"<table border=\"0\" cellspacing=\"0\" cellpadding=\"0\">\n<tr>\n<td>\n<h4>Verpatzter Saisonstart<\/h4>\n<\/td>\n<p>\u00a0<\/tr>\n<tr>\n<td>Das war zweimal nichts. So l\u00e4sst sich der Saisonstart der DJK nach dem Auftakt bei T\u00fcrkiyemspor und der Heimparte gegen Bruck III zusammenfassen. <!--more-->Obwohl die erste Halbzeit seitens der Heimelf noch \u00fcberwiegend ausgeglichen gestaltet werden konnte (Batheja und Flauger lie\u00dfen gute Einschussm\u00f6glichkeiten ungenutzt), schloss S\u00f6llmann einen 50-meter-Alleingang &#8211; vorbei an f\u00fcnf, sechs DJK-Akteuren &#8211; kurz vor dem Seitenwechsel zur 1:0-F\u00fchrung f\u00fcr die G\u00e4ste ab. Wer in der zweiten Halbzeit ein Aufb\u00e4umen der DJK erwartet hatte, sah sich entt\u00e4uscht. Keine echte Torchance und schlechtes Zweikampfverhalten f\u00fchrten zu einem 0:3-R\u00fcckstand nach 82 Minuten. Torwart Bachfischer konnte durch gute Paraden eine noch h\u00f6here G\u00e4stef\u00fchrung verhindern. Buffs Anschlusstreffer nach Batheja-Querpass war nicht mehr als Ergebniskosmetik. Trotz einiger fehlender Stammkr\u00e4fte, die es zu ersetzen galt (Hanusch, Wagenbrenner, Kraus, Hoffmann,&#8230;), w\u00e4re gegen eine nicht restlos \u00fcberzeugende Brucker Elf deutlich mehr zu holen gewesen. Letztlich geht der Ausw\u00e4rtsdreier f\u00fcr den FSV allerdings absolut in Ordnung. F\u00fcr die n\u00e4chsten Spiele ist eine geh\u00f6rige Steigerung der Gr\u00fcn-Wei\u00dfen von N\u00f6ten, um den Saisonauftakt nicht noch desolater zu gestalten.<\/td>\n<\/tr>\n<\/table>\n<table border=\"0\" cellspacing=\"0\" cellpadding=\"0\">\n<tbody>\n<tr>\n<td>\u00a0<\/td>\n<\/tr>\n<\/tbody>\n<\/table>\n<p><a href=\"http:\/\/anpfiff.info\/sites\/fb\/spielbericht.aspx?SK=2&amp;Lg=26&amp;Sp=52949&amp;Ver=266&amp;TmHm=426&amp;TmGt=526&amp;Top=0&amp;Men=23#\"><\/a><\/p>\n<table border=\"0\" cellspacing=\"0\" cellpadding=\"5\" align=\"center\">\n<tbody>\n<tr>\n<td>\n<table border=\"0\" cellspacing=\"0\" cellpadding=\"0\">\n<tbody>\n<tr>\n<td align=\"center\">DJK Erlangen<\/td>\n<td>&#8211;<\/td>\n<td align=\"center\">FSV Erlangen-Bruck 3 1:3 (0:1)<\/td>\n<\/tr>\n<\/tbody>\n<\/table>\n<\/td>\n<\/tr>\n<tr>\n<td align=\"left\" valign=\"top\">Spielinfos<\/td>\n<\/tr>\n<tr>\n<td>\n<table border=\"0\" cellspacing=\"0\" cellpadding=\"0\">\n<tbody>\n<tr>\n<td>Liga: Kreisklasse 1<\/td>\n<\/tr>\n<tr>\n<td>Spieltag: Saison 2010\/11 &#8211; 2. Spieltag<\/td>\n<\/tr>\n<tr>\n<td>Datum: 15.08.2010<\/td>\n<\/tr>\n<tr>\n<td>Ansto\u00df: 15:00 Uhr<\/td>\n<\/tr>\n<tr>\n<td>Sportst\u00e4tte: Am Wiesengrund, Hauptplatz<\/td>\n<\/tr>\n<tr>\n<td>Zuschauer: 75<\/td>\n<\/tr>\n<tr>\n<td>Schiedsrichter: <a href=\"http:\/\/anpfiff.info\/sites\/schiris\/stamm.aspx?SK=2&amp;Pers=39146\">Dieter Hertel (TSV Brand)<\/a><\/td>\n<\/tr>\n<tr>\n<td>\u00a0<\/td>\n<\/tr>\n<\/tbody>\n<\/table>\n<\/td>\n<\/tr>\n<tr>\n<td>\n<table border=\"0\" cellspacing=\"0\" cellpadding=\"0\">\n<tbody>\n<tr>\n<td valign=\"top\"><strong>DJK Erlangen<\/strong><\/p>\n<table cellspacing=\"0\" cellpadding=\"2\" width=\"200\">\n<tbody>\n<tr>\n<td width=\"20\" align=\"center\">1<\/td>\n<td width=\"17\">\u00a0<\/td>\n<td colspan=\"2\"><a href=\"http:\/\/anpfiff.info\/sites\/spieler\/stamm.aspx?SK=2&amp;Pers=9170&amp;spr=3&amp;Men=8\">Bachfischer<\/a><\/td>\n<\/tr>\n<tr>\n<td width=\"20\" align=\"center\">2<\/td>\n<td width=\"17\">\u00a0<\/td>\n<td colspan=\"2\"><a href=\"http:\/\/anpfiff.info\/sites\/spieler\/stamm.aspx?SK=2&amp;Pers=37909&amp;spr=3&amp;Men=8\">Wagner<\/a><\/td>\n<\/tr>\n<tr>\n<td width=\"20\" align=\"center\">3<\/td>\n<td width=\"17\">\u00a0<\/td>\n<td colspan=\"2\"><a href=\"http:\/\/anpfiff.info\/sites\/spieler\/stamm.aspx?SK=2&amp;Pers=30748&amp;spr=3&amp;Men=8\">Costanzo<\/a><\/td>\n<\/tr>\n<tr>\n<td width=\"20\" align=\"center\">4<\/td>\n<td width=\"17\">\u00a0<\/td>\n<td colspan=\"2\"><a href=\"http:\/\/anpfiff.info\/sites\/spieler\/stamm.aspx?SK=2&amp;Pers=9175&amp;spr=3&amp;Men=8\">Haustein<\/a><\/td>\n<\/tr>\n<tr>\n<td width=\"20\" align=\"center\">5<\/td>\n<td width=\"17\">\u00a0<\/td>\n<td colspan=\"2\"><a href=\"http:\/\/anpfiff.info\/sites\/spieler\/stamm.aspx?SK=2&amp;Pers=42233&amp;spr=3&amp;Men=8\">Kubitz<\/a><\/td>\n<\/tr>\n<tr>\n<td width=\"20\" align=\"center\">6<\/td>\n<td width=\"17\">\u00a0<\/td>\n<td colspan=\"2\"><a href=\"http:\/\/anpfiff.info\/sites\/spieler\/stamm.aspx?SK=2&amp;Pers=20485&amp;spr=3&amp;Men=8\">Mayer<\/a><\/td>\n<\/tr>\n<tr>\n<td width=\"20\" align=\"center\">7<\/td>\n<td width=\"17\">\u00a0<\/td>\n<td colspan=\"2\"><a href=\"http:\/\/anpfiff.info\/sites\/spieler\/stamm.aspx?SK=2&amp;Pers=9186&amp;spr=3&amp;Men=8\">Fenz<\/a><\/td>\n<\/tr>\n<tr>\n<td width=\"20\" align=\"center\">8<\/td>\n<td width=\"17\">\u00a0<\/td>\n<td colspan=\"2\"><a href=\"http:\/\/anpfiff.info\/sites\/spieler\/stamm.aspx?SK=2&amp;Pers=30242&amp;spr=3&amp;Men=8\">Wein<\/a><\/td>\n<\/tr>\n<tr>\n<td width=\"20\" align=\"center\">9<\/td>\n<td width=\"17\">\u00a0<\/td>\n<td colspan=\"2\"><a href=\"http:\/\/anpfiff.info\/sites\/spieler\/stamm.aspx?SK=2&amp;Pers=9187&amp;spr=3&amp;Men=8\">Flauger<\/a><\/td>\n<\/tr>\n<tr>\n<td width=\"20\" align=\"center\">10<\/td>\n<td width=\"17\">\u00a0<\/td>\n<td colspan=\"2\"><a href=\"http:\/\/anpfiff.info\/sites\/spieler\/stamm.aspx?SK=2&amp;Pers=37075&amp;spr=3&amp;Men=8\">Rausch T.<\/a><\/td>\n<\/tr>\n<tr>\n<td width=\"20\" align=\"center\">11<\/td>\n<td width=\"17\">\u00a0<\/td>\n<td colspan=\"2\"><a href=\"http:\/\/anpfiff.info\/sites\/spieler\/stamm.aspx?SK=2&amp;Pers=9207&amp;spr=3&amp;Men=8\">Batheja<\/a><\/td>\n<\/tr>\n<tr>\n<td colspan=\"4\" align=\"center\">\u00a0<\/td>\n<\/tr>\n<tr>\n<td width=\"20\" align=\"center\">\u00a0<\/td>\n<td width=\"17\">\u00a0<\/td>\n<td colspan=\"2\"><a href=\"http:\/\/anpfiff.info\/sites\/spieler\/stamm.aspx?SK=2&amp;Pers=9181&amp;spr=3&amp;Men=8\">Buff<\/a> (1)<\/td>\n<\/tr>\n<tr>\n<td width=\"20\" align=\"center\">\u00a0<\/td>\n<td width=\"17\">\u00a0<\/td>\n<td colspan=\"2\"><a href=\"http:\/\/anpfiff.info\/sites\/spieler\/stamm.aspx?SK=2&amp;Pers=37074&amp;spr=3&amp;Men=8\">Peters<\/a> (2)<\/td>\n<\/tr>\n<tr>\n<td width=\"20\" align=\"center\">\u00a0<\/td>\n<td width=\"17\">\u00a0<\/td>\n<td colspan=\"2\"><a href=\"http:\/\/anpfiff.info\/sites\/spieler\/stamm.aspx?SK=2&amp;Pers=53112&amp;spr=3&amp;Men=8\">Marstaller<\/a> (2)<\/td>\n<\/tr>\n<\/tbody>\n<\/table>\n<\/td>\n<td>\u00a0<\/td>\n<td valign=\"top\"><strong>FSV Erlangen-Bruck 3<\/strong><\/p>\n<table cellspacing=\"0\" cellpadding=\"2\" width=\"200\">\n<tbody>\n<tr>\n<td width=\"20\" align=\"center\">1<\/td>\n<td width=\"17\">\u00a0<\/td>\n<td colspan=\"2\"><a href=\"http:\/\/anpfiff.info\/sites\/spieler\/stamm.aspx?SK=2&amp;Pers=55261&amp;spr=3&amp;Men=8\">Kist<\/a><\/td>\n<\/tr>\n<tr>\n<td width=\"20\" align=\"center\">2<\/td>\n<td width=\"17\">\u00a0<\/td>\n<td colspan=\"2\"><a href=\"http:\/\/anpfiff.info\/sites\/spieler\/stamm.aspx?SK=2&amp;Pers=7585&amp;spr=3&amp;Men=8\">Schlichter<\/a><\/td>\n<\/tr>\n<tr>\n<td width=\"20\" align=\"center\">3<\/td>\n<td width=\"17\">\u00a0<\/td>\n<td colspan=\"2\"><a href=\"http:\/\/anpfiff.info\/sites\/spieler\/stamm.aspx?SK=2&amp;Pers=55262&amp;spr=3&amp;Men=8\">Moritz<\/a><\/td>\n<\/tr>\n<tr>\n<td width=\"20\" align=\"center\">4<\/td>\n<td width=\"17\">\u00a0<\/td>\n<td colspan=\"2\"><a href=\"http:\/\/anpfiff.info\/sites\/spieler\/stamm.aspx?SK=2&amp;Pers=55263&amp;spr=3&amp;Men=8\">Hinterseher<\/a><\/td>\n<\/tr>\n<tr>\n<td width=\"20\" align=\"center\">5<\/td>\n<td width=\"17\">\u00a0<\/td>\n<td colspan=\"2\"><a href=\"http:\/\/anpfiff.info\/sites\/spieler\/stamm.aspx?SK=2&amp;Pers=55264&amp;spr=3&amp;Men=8\">St\u00f6hr<\/a><\/td>\n<\/tr>\n<tr>\n<td width=\"20\" align=\"center\">6<\/td>\n<td width=\"17\">\u00a0<\/td>\n<td colspan=\"2\"><a href=\"http:\/\/anpfiff.info\/sites\/spieler\/stamm.aspx?SK=2&amp;Pers=55265&amp;spr=3&amp;Men=8\">Schneider<\/a><\/td>\n<\/tr>\n<tr>\n<td width=\"20\" align=\"center\">7<\/td>\n<td width=\"17\">\u00a0<\/td>\n<td colspan=\"2\"><a href=\"http:\/\/anpfiff.info\/sites\/spieler\/stamm.aspx?SK=2&amp;Pers=55266&amp;spr=3&amp;Men=8\">Hassa<\/a><\/td>\n<\/tr>\n<tr>\n<td width=\"20\" align=\"center\">8<\/td>\n<td width=\"17\">\u00a0<\/td>\n<td colspan=\"2\"><a href=\"http:\/\/anpfiff.info\/sites\/spieler\/stamm.aspx?SK=2&amp;Pers=7579&amp;spr=3&amp;Men=8\">Pakosz A.<\/a><\/td>\n<\/tr>\n<tr>\n<td width=\"20\" align=\"center\">9<\/td>\n<td width=\"17\">\u00a0<\/td>\n<td colspan=\"2\"><a href=\"http:\/\/anpfiff.info\/sites\/spieler\/stamm.aspx?SK=2&amp;Pers=25794&amp;spr=3&amp;Men=8\">G\u00fcler<\/a><\/td>\n<\/tr>\n<tr>\n<td width=\"20\" align=\"center\">10<\/td>\n<td width=\"17\">\u00a0<\/td>\n<td colspan=\"2\"><a href=\"http:\/\/anpfiff.info\/sites\/spieler\/stamm.aspx?SK=2&amp;Pers=55267&amp;spr=3&amp;Men=8\">S\u00f6llmann<\/a><\/td>\n<\/tr>\n<tr>\n<td width=\"20\" align=\"center\">11<\/td>\n<td width=\"17\">\u00a0<\/td>\n<td colspan=\"2\"><a href=\"http:\/\/anpfiff.info\/sites\/spieler\/stamm.aspx?SK=2&amp;Pers=22951&amp;spr=3&amp;Men=8\">Breunig<\/a><\/td>\n<\/tr>\n<tr>\n<td colspan=\"4\" align=\"center\">\u00a0<\/td>\n<\/tr>\n<tr>\n<td width=\"20\" align=\"center\">\u00a0<\/td>\n<td width=\"17\">\u00a0<\/td>\n<td colspan=\"2\"><a href=\"http:\/\/anpfiff.info\/sites\/spieler\/stamm.aspx?SK=2&amp;Pers=7597&amp;spr=3&amp;Men=8\">Ogiermann<\/a> (1)<\/td>\n<\/tr>\n<tr>\n<td width=\"20\" align=\"center\">\u00a0<\/td>\n<td width=\"17\">\u00a0<\/td>\n<td colspan=\"2\"><a href=\"http:\/\/anpfiff.info\/sites\/spieler\/stamm.aspx?SK=2&amp;Pers=32878&amp;spr=3&amp;Men=8\">Lachky<\/a> (1)<\/td>\n<\/tr>\n<tr>\n<td width=\"20\" align=\"center\">\u00a0<\/td>\n<td width=\"17\">\u00a0<\/td>\n<td colspan=\"2\"><a href=\"http:\/\/anpfiff.info\/sites\/spieler\/stamm.aspx?SK=2&amp;Pers=7591&amp;spr=3&amp;Men=8\">Heubeck Mat.<\/a> (1)<\/td>\n<\/tr>\n<\/tbody>\n<\/table>\n<\/td>\n<\/tr>\n<\/tbody>\n<\/table>\n<\/td>\n<\/tr>\n<tr>\n<td>Zeichenerkl\u00e4rung:<br \/>\n= Einwechslung | Zahl in Klammern des Einwechselspielers = Halbzeit der ersten Einwechslung des Spielers<\/td>\n<\/tr>\n<tr>\n<td>\u00a0<\/td>\n<\/tr>\n<tr>\n<td>\u00a0<\/td>\n<\/tr>\n<tr>\n<td align=\"left\" valign=\"top\">\u00a0<\/td>\n<\/tr>\n<tr>\n<td>\n<table cellspacing=\"0\" cellpadding=\"2\">\n<tbody>\n<tr>\n<td width=\"45\">\u00a0<\/td>\n<td width=\"130\">\u00a0<\/td>\n<td width=\"40\" align=\"center\"><strong>0:1<\/strong><br \/>\n(42.)<\/td>\n<td width=\"45\">\u00a0<\/td>\n<td width=\"130\">S\u00f6llmann<\/td>\n<\/tr>\n<tr>\n<td colspan=\"5\">\u00a0<\/td>\n<\/tr>\n<tr>\n<td width=\"45\">\u00a0<\/td>\n<td width=\"130\">\u00a0<\/td>\n<td width=\"40\" align=\"center\"><strong>0:2<\/strong><br \/>\n(60.)<\/td>\n<td width=\"45\">\u00a0<img loading=\"lazy\" decoding=\"async\" class=\"alignnone\" src=\"http:\/\/anpfiff.info\/upload\/Archiv\/A054501-55000\/54897.jpg\" alt=\"\" width=\"60\" height=\"80\" \/><\/td>\n<td width=\"130\">G\u00fcler<\/td>\n<\/tr>\n<tr>\n<td colspan=\"5\">\u00a0<\/td>\n<\/tr>\n<tr>\n<td width=\"45\">\u00a0<\/td>\n<td width=\"130\">\u00a0<\/td>\n<td width=\"40\" align=\"center\"><strong>0:3<\/strong><br \/>\n(82.)<\/td>\n<td width=\"45\">\u00a0<img loading=\"lazy\" decoding=\"async\" class=\"alignnone\" src=\"http:\/\/anpfiff.info\/upload\/Archiv\/A054501-55000\/54897.jpg\" alt=\"\" width=\"60\" height=\"80\" \/><\/td>\n<td width=\"130\">G\u00fcler<\/td>\n<\/tr>\n<tr>\n<td colspan=\"5\">\u00a0<\/td>\n<\/tr>\n<tr>\n<td width=\"45\">\u00a0<img loading=\"lazy\" decoding=\"async\" class=\"alignnone\" src=\"http:\/\/anpfiff.info\/upload\/Archiv\/A045001-45500\/45367.jpg\" alt=\"\" width=\"60\" height=\"80\" \/><\/td>\n<td width=\"130\">Buff<\/td>\n<td width=\"40\" align=\"center\"><strong>1:3<\/strong><br \/>\n(84.)<\/td>\n<\/tr>\n<\/tbody>\n<\/table>\n<\/td>\n<\/tr>\n<\/tbody>\n<\/table>\n","protected":false},"excerpt":{"rendered":"<p>Verpatzter Saisonstart \u00a0 Das war zweimal nichts. So l\u00e4sst sich der Saisonstart der DJK nach dem Auftakt bei T\u00fcrkiyemspor und der Heimparte gegen Bruck III zusammenfassen.<\/p>\n","protected":false},"author":24,"featured_media":0,"comment_status":"open","ping_status":"closed","sticky":false,"template":"","format":"standard","meta":{"jetpack_post_was_ever_published":false,"_jetpack_newsletter_access":"","_jetpack_dont_email_post_to_subs":false,"_jetpack_newsletter_tier_id":0,"_jetpack_memberships_contains_paywalled_content":false,"_jetpack_memberships_contains_paid_content":false,"footnotes":"","jetpack_publicize_message":"","jetpack_publicize_feature_enabled":true,"jetpack_social_post_already_shared":false,"jetpack_social_options":{"image_generator_settings":{"template":"highway","default_image_id":0,"font":"","enabled":false},"version":2}},"categories":[17],"tags":[],"class_list":["post-3992","post","type-post","status-publish","format-standard","hentry","category-herren-1"],"jetpack_publicize_connections":[],"jetpack_featured_media_url":"","jetpack_shortlink":"https:\/\/wp.me\/p2ZUr0-12o","jetpack_sharing_enabled":true,"_links":{"self":[{"href":"https:\/\/www.djk-erlangen.de\/fussball\/index.php?rest_route=\/wp\/v2\/posts\/3992","targetHints":{"allow":["GET"]}}],"collection":[{"href":"https:\/\/www.djk-erlangen.de\/fussball\/index.php?rest_route=\/wp\/v2\/posts"}],"about":[{"href":"https:\/\/www.djk-erlangen.de\/fussball\/index.php?rest_route=\/wp\/v2\/types\/post"}],"author":[{"embeddable":true,"href":"https:\/\/www.djk-erlangen.de\/fussball\/index.php?rest_route=\/wp\/v2\/users\/24"}],"replies":[{"embeddable":true,"href":"https:\/\/www.djk-erlangen.de\/fussball\/index.php?rest_route=%2Fwp%2Fv2%2Fcomments&post=3992"}],"version-history":[{"count":6,"href":"https:\/\/www.djk-erlangen.de\/fussball\/index.php?rest_route=\/wp\/v2\/posts\/3992\/revisions"}],"predecessor-version":[{"id":4269,"href":"https:\/\/www.djk-erlangen.de\/fussball\/index.php?rest_route=\/wp\/v2\/posts\/3992\/revisions\/4269"}],"wp:attachment":[{"href":"https:\/\/www.djk-erlangen.de\/fussball\/index.php?rest_route=%2Fwp%2Fv2%2Fmedia&parent=3992"}],"wp:term":[{"taxonomy":"category","embeddable":true,"href":"https:\/\/www.djk-erlangen.de\/fussball\/index.php?rest_route=%2Fwp%2Fv2%2Fcategories&post=3992"},{"taxonomy":"post_tag","embeddable":true,"href":"https:\/\/www.djk-erlangen.de\/fussball\/index.php?rest_route=%2Fwp%2Fv2%2Ftags&post=3992"}],"curies":[{"name":"wp","href":"https:\/\/api.w.org\/{rel}","templated":true}]}}