{"id":3949,"date":"2010-08-13T00:24:52","date_gmt":"2010-08-12T22:24:52","guid":{"rendered":"http:\/\/www.djk-erlangen.de\/fussball\/?p=3949"},"modified":"2010-08-16T21:00:12","modified_gmt":"2010-08-16T19:00:12","slug":"vorbereitungsturnier","status":"publish","type":"post","link":"https:\/\/www.djk-erlangen.de\/fussball\/?p=3949","title":{"rendered":"Vorbereitungsturnier"},"content":{"rendered":"<p>Nach der Saison ist vor der Saison.<br \/>\nDaher veranstaltet die F-1 am Sonntag, den 12.09.2010 ein kleines Vorbereitungsturnier im heimischen Wiesengrund.<\/p>\n<p><!--more-->Als G\u00e4ste begr\u00fc\u00dfen wir folgende Mannschaften:<\/p>\n<ol>\n<li>SpVgg Greuther F\u00fcrth<\/li>\n<li>SpVgg Erlangen<\/li>\n<li>DJK Don Bosco Bamberg<\/li>\n<li>DJK Erlangen<\/li>\n<\/ol>\n<p>Turnierbeginn ist um 11.00 Uhr.<br \/>\nGespielt wird jeder gegen jeden. Nach dem Turnier gibt&#8217;s dann lecker Pizza, Pommes und Spaghetti f\u00fcr die Kinder im Sportheim.<br \/>\nNat\u00fcrlich d\u00fcrfen die Trainer und Betreuer auch mit essen.<\/p>\n","protected":false},"excerpt":{"rendered":"<p>Nach der Saison ist vor der Saison. Daher veranstaltet die F-1 am Sonntag, den 12.09.2010 ein kleines Vorbereitungsturnier im heimischen Wiesengrund.<\/p>\n","protected":false},"author":32,"featured_media":0,"comment_status":"open","ping_status":"closed","sticky":false,"template":"","format":"standard","meta":{"jetpack_post_was_ever_published":false,"_jetpack_newsletter_access":"","_jetpack_dont_email_post_to_subs":false,"_jetpack_newsletter_tier_id":0,"_jetpack_memberships_contains_paywalled_content":false,"_jetpack_memberships_contains_paid_content":false,"footnotes":"","jetpack_publicize_message":"","jetpack_publicize_feature_enabled":true,"jetpack_social_post_already_shared":false,"jetpack_social_options":{"image_generator_settings":{"template":"highway","default_image_id":0,"font":"","enabled":false},"version":2}},"categories":[15],"tags":[],"class_list":["post-3949","post","type-post","status-publish","format-standard","hentry","category-u9-f1"],"jetpack_publicize_connections":[],"jetpack_featured_media_url":"","jetpack_shortlink":"https:\/\/wp.me\/p2ZUr0-11H","jetpack_sharing_enabled":true,"_links":{"self":[{"href":"https:\/\/www.djk-erlangen.de\/fussball\/index.php?rest_route=\/wp\/v2\/posts\/3949","targetHints":{"allow":["GET"]}}],"collection":[{"href":"https:\/\/www.djk-erlangen.de\/fussball\/index.php?rest_route=\/wp\/v2\/posts"}],"about":[{"href":"https:\/\/www.djk-erlangen.de\/fussball\/index.php?rest_route=\/wp\/v2\/types\/post"}],"author":[{"embeddable":true,"href":"https:\/\/www.djk-erlangen.de\/fussball\/index.php?rest_route=\/wp\/v2\/users\/32"}],"replies":[{"embeddable":true,"href":"https:\/\/www.djk-erlangen.de\/fussball\/index.php?rest_route=%2Fwp%2Fv2%2Fcomments&post=3949"}],"version-history":[{"count":6,"href":"https:\/\/www.djk-erlangen.de\/fussball\/index.php?rest_route=\/wp\/v2\/posts\/3949\/revisions"}],"predecessor-version":[{"id":3990,"href":"https:\/\/www.djk-erlangen.de\/fussball\/index.php?rest_route=\/wp\/v2\/posts\/3949\/revisions\/3990"}],"wp:attachment":[{"href":"https:\/\/www.djk-erlangen.de\/fussball\/index.php?rest_route=%2Fwp%2Fv2%2Fmedia&parent=3949"}],"wp:term":[{"taxonomy":"category","embeddable":true,"href":"https:\/\/www.djk-erlangen.de\/fussball\/index.php?rest_route=%2Fwp%2Fv2%2Fcategories&post=3949"},{"taxonomy":"post_tag","embeddable":true,"href":"https:\/\/www.djk-erlangen.de\/fussball\/index.php?rest_route=%2Fwp%2Fv2%2Ftags&post=3949"}],"curies":[{"name":"wp","href":"https:\/\/api.w.org\/{rel}","templated":true}]}}