{"id":391,"date":"2009-07-13T16:00:00","date_gmt":"2009-07-13T14:00:00","guid":{"rendered":"http:\/\/www.rainerschmitt.de\/fussball\/?p=391"},"modified":"2009-09-19T13:52:32","modified_gmt":"2009-09-19T11:52:32","slug":"djk-kerwa-2009-turnier-und-party","status":"publish","type":"post","link":"https:\/\/www.djk-erlangen.de\/fussball\/?p=391","title":{"rendered":"DJK-Kerwa 2009 .:. Party .:.<h5><strong>Samstag, 11. Juli 2009<\/strong><\/h5>"},"content":{"rendered":"<p>Am Abend nach dem Kerwa-Turnier wurde dann die DJK-Terasse gerockt!!!<br \/>\n<a class=\"note\" title=\"Jackson Syndikat\" href=\"http:\/\/www.jacksonsyndikat.de\" target=\"_blank\">Jackson Syndikat<\/a> heizte derma\u00dfen ein, dass das Eis in den Cocktails &#8211; gemixt von den &#8222;DJK-Kerwa-Burschen&#8220; &#8211; ruckzuck zu schmelzen drohte. Aber man konnte ja ordentlich nachschenken lassen \ud83d\ude09<\/p>\n<p>Es war ein klasse Abend, der bis in den fr\u00fchen Morgen andauerte und an dem wohl jede(r) seinen Spass hatte.<br \/>\nDa konnten kleine Versorgungsengp\u00e4sse, pers\u00f6nliche &#8222;Einbr\u00fcche&#8220; (wer sie halt so hatte ;-)) und ein paar Regentropfen locker verkraftet werden.<\/p>\n<p>So kann mer, ja <strong>muss <\/strong>mer, Kerwa feiern!!!<\/p>\n<p><a class=\"note\" title=\"Fotos DJK-Kerwa 2009\" href=\"http:\/\/picasaweb.google.com\/cunofotos\/DJKKerwa2009?authkey=Gv1sRgCPLPo5u6gs-xkgE\" target=\"_blank\">Kerwa-Fotos&#8230;<\/a><br \/>\n&#8230;<\/p>\n","protected":false},"excerpt":{"rendered":"<p>Am Abend nach dem Kerwa-Turnier wurde dann die DJK-Terasse gerockt!!! Jackson Syndikat heizte derma\u00dfen ein, dass das Eis in den Cocktails &#8211; gemixt von den &#8222;DJK-Kerwa-Burschen&#8220; &#8211; ruckzuck zu schmelzen drohte. Aber man konnte ja ordentlich nachschenken lassen \ud83d\ude09 Es &hellip; <a href=\"https:\/\/www.djk-erlangen.de\/fussball\/?p=391\">Weiterlesen <span class=\"meta-nav\">&rarr;<\/span><\/a><\/p>\n","protected":false},"author":3,"featured_media":0,"comment_status":"open","ping_status":"closed","sticky":false,"template":"","format":"standard","meta":{"jetpack_post_was_ever_published":false,"_jetpack_newsletter_access":"","_jetpack_dont_email_post_to_subs":false,"_jetpack_newsletter_tier_id":0,"_jetpack_memberships_contains_paywalled_content":false,"_jetpack_memberships_contains_paid_content":false,"footnotes":"","jetpack_publicize_message":"","jetpack_publicize_feature_enabled":true,"jetpack_social_post_already_shared":false,"jetpack_social_options":{"image_generator_settings":{"template":"highway","default_image_id":0,"font":"","enabled":false},"version":2}},"categories":[4,1,5],"tags":[],"class_list":["post-391","post","type-post","status-publish","format-standard","hentry","category-ah","category-allgemein","category-herren"],"jetpack_publicize_connections":[],"jetpack_featured_media_url":"","jetpack_shortlink":"https:\/\/wp.me\/p2ZUr0-6j","jetpack_sharing_enabled":true,"_links":{"self":[{"href":"https:\/\/www.djk-erlangen.de\/fussball\/index.php?rest_route=\/wp\/v2\/posts\/391","targetHints":{"allow":["GET"]}}],"collection":[{"href":"https:\/\/www.djk-erlangen.de\/fussball\/index.php?rest_route=\/wp\/v2\/posts"}],"about":[{"href":"https:\/\/www.djk-erlangen.de\/fussball\/index.php?rest_route=\/wp\/v2\/types\/post"}],"author":[{"embeddable":true,"href":"https:\/\/www.djk-erlangen.de\/fussball\/index.php?rest_route=\/wp\/v2\/users\/3"}],"replies":[{"embeddable":true,"href":"https:\/\/www.djk-erlangen.de\/fussball\/index.php?rest_route=%2Fwp%2Fv2%2Fcomments&post=391"}],"version-history":[{"count":11,"href":"https:\/\/www.djk-erlangen.de\/fussball\/index.php?rest_route=\/wp\/v2\/posts\/391\/revisions"}],"predecessor-version":[{"id":524,"href":"https:\/\/www.djk-erlangen.de\/fussball\/index.php?rest_route=\/wp\/v2\/posts\/391\/revisions\/524"}],"wp:attachment":[{"href":"https:\/\/www.djk-erlangen.de\/fussball\/index.php?rest_route=%2Fwp%2Fv2%2Fmedia&parent=391"}],"wp:term":[{"taxonomy":"category","embeddable":true,"href":"https:\/\/www.djk-erlangen.de\/fussball\/index.php?rest_route=%2Fwp%2Fv2%2Fcategories&post=391"},{"taxonomy":"post_tag","embeddable":true,"href":"https:\/\/www.djk-erlangen.de\/fussball\/index.php?rest_route=%2Fwp%2Fv2%2Ftags&post=391"}],"curies":[{"name":"wp","href":"https:\/\/api.w.org\/{rel}","templated":true}]}}