{"id":3901,"date":"2010-08-06T21:00:07","date_gmt":"2010-08-06T19:00:07","guid":{"rendered":"http:\/\/www.djk-erlangen.de\/fussball\/?p=3901"},"modified":"2010-08-13T16:09:18","modified_gmt":"2010-08-13T14:09:18","slug":"die-neue-saison-kann-beginnen","status":"publish","type":"post","link":"https:\/\/www.djk-erlangen.de\/fussball\/?p=3901","title":{"rendered":"Die neue Saison kann beginnen"},"content":{"rendered":"<p>Der reibungslose Umzug von der F-3 Saison 2009\/2010 auf die neue Mannschaft F-1 ist gegl\u00fcckt!<br \/>\nAn dieser Stelle m\u00f6chten wir uns bei unseren Webmastern f\u00fcr die unkomplizierte und stets zeitnahe Aktualisierung<br \/>\nunserer Seiten bedanken. Die F-3 sagt Danke und freut sich als F-1 und F-2 in die neue Saison 2010\/2011 zu starten.<\/p>\n<p>Das Update mit Bildern, Mannschaftsphotos usw. erfolgt gleich nach den Sommerferien.<\/p>\n<p>Wir w\u00fcnschen allen sch\u00f6ne Ferien und freuen uns in der neuen Saison, Euch wieder begr\u00fc\u00dfen zu d\u00fcrfen.<\/p>\n<p>Mit sportlichen Gr\u00fc\u00dfen<br \/>\nEure F-3, bzw. F-1 und F-2<\/p>\n","protected":false},"excerpt":{"rendered":"<p>Der reibungslose Umzug von der F-3 Saison 2009\/2010 auf die neue Mannschaft F-1 ist gegl\u00fcckt! An dieser Stelle m\u00f6chten wir uns bei unseren Webmastern f\u00fcr die unkomplizierte und stets zeitnahe Aktualisierung unserer Seiten bedanken. Die F-3 sagt Danke und freut &hellip; <a href=\"https:\/\/www.djk-erlangen.de\/fussball\/?p=3901\">Weiterlesen <span class=\"meta-nav\">&rarr;<\/span><\/a><\/p>\n","protected":false},"author":32,"featured_media":0,"comment_status":"open","ping_status":"closed","sticky":false,"template":"","format":"standard","meta":{"jetpack_post_was_ever_published":false,"_jetpack_newsletter_access":"","_jetpack_dont_email_post_to_subs":false,"_jetpack_newsletter_tier_id":0,"_jetpack_memberships_contains_paywalled_content":false,"_jetpack_memberships_contains_paid_content":false,"footnotes":"","jetpack_publicize_message":"","jetpack_publicize_feature_enabled":true,"jetpack_social_post_already_shared":false,"jetpack_social_options":{"image_generator_settings":{"template":"highway","default_image_id":0,"font":"","enabled":false},"version":2}},"categories":[15],"tags":[],"class_list":["post-3901","post","type-post","status-publish","format-standard","hentry","category-u9-f1"],"jetpack_publicize_connections":[],"jetpack_featured_media_url":"","jetpack_shortlink":"https:\/\/wp.me\/p2ZUr0-10V","jetpack_sharing_enabled":true,"_links":{"self":[{"href":"https:\/\/www.djk-erlangen.de\/fussball\/index.php?rest_route=\/wp\/v2\/posts\/3901","targetHints":{"allow":["GET"]}}],"collection":[{"href":"https:\/\/www.djk-erlangen.de\/fussball\/index.php?rest_route=\/wp\/v2\/posts"}],"about":[{"href":"https:\/\/www.djk-erlangen.de\/fussball\/index.php?rest_route=\/wp\/v2\/types\/post"}],"author":[{"embeddable":true,"href":"https:\/\/www.djk-erlangen.de\/fussball\/index.php?rest_route=\/wp\/v2\/users\/32"}],"replies":[{"embeddable":true,"href":"https:\/\/www.djk-erlangen.de\/fussball\/index.php?rest_route=%2Fwp%2Fv2%2Fcomments&post=3901"}],"version-history":[{"count":9,"href":"https:\/\/www.djk-erlangen.de\/fussball\/index.php?rest_route=\/wp\/v2\/posts\/3901\/revisions"}],"predecessor-version":[{"id":3903,"href":"https:\/\/www.djk-erlangen.de\/fussball\/index.php?rest_route=\/wp\/v2\/posts\/3901\/revisions\/3903"}],"wp:attachment":[{"href":"https:\/\/www.djk-erlangen.de\/fussball\/index.php?rest_route=%2Fwp%2Fv2%2Fmedia&parent=3901"}],"wp:term":[{"taxonomy":"category","embeddable":true,"href":"https:\/\/www.djk-erlangen.de\/fussball\/index.php?rest_route=%2Fwp%2Fv2%2Fcategories&post=3901"},{"taxonomy":"post_tag","embeddable":true,"href":"https:\/\/www.djk-erlangen.de\/fussball\/index.php?rest_route=%2Fwp%2Fv2%2Ftags&post=3901"}],"curies":[{"name":"wp","href":"https:\/\/api.w.org\/{rel}","templated":true}]}}