{"id":3820,"date":"2010-08-01T22:22:30","date_gmt":"2010-08-01T20:22:30","guid":{"rendered":"http:\/\/www.djk-erlangen.de\/fussball\/?p=3820"},"modified":"2010-08-13T16:19:04","modified_gmt":"2010-08-13T14:19:04","slug":"der-hohepunkt-war-ein-gelungener-saisonabschlus","status":"publish","type":"post","link":"https:\/\/www.djk-erlangen.de\/fussball\/?p=3820","title":{"rendered":"Der H\u00f6hepunkt war ein gelungener Saisonabschlu\u00df"},"content":{"rendered":"<p>Zum Monatsletzten im Juli stand das Ereignis des Jahres auf dem Programm.<br \/>\nDer 1. DJK Sommercup!<\/p>\n<p>2 Tage lang war das Helferteam damit besch\u00e4ftigt, die Sportanlage in einen einladenden Zustand zu versetzen. An dieser Stelle m\u00f6chten wir uns vorab bei unserem Greenkeeper bedanken, der den Platz extra f\u00fcr dieses Turnier in einen fabelhaften Untergrund verwandelt hatte und diesen sogar f\u00fcr den Trainingsbetrieb der 1. Mannschaft, die mitten in der Saisonvorbereitung steht, gesperrt hatte. <!--more--><\/p>\n<p>Zum verabredeten Zeitpunkt gleich nach Sonnenaufgang waren die eingeteilten Helferinnen und Helfer an ihren Pl\u00e4tzen, um f\u00fcr das kulinarische Wohl unserer G\u00e4ste zu sorgen. Das war auch gut so, denn lange vor Turnierbeginn f\u00fcllte sich die Anlage der DJK im Minutentakt, so dass einem rechtzeitigen Anpfiff nichts im Wege stand.<br \/>\nNachdem die Generalprobe reibungslos funktionierte, machte uns die Stromversorgung zum Turnierstart ein klein wenig Probleme. Diese wurden dann aber schnell und unkompliziert durch die Abteilung \u201cStrom\u201d gel\u00f6st.<\/p>\n<p>P\u00fcnktlich zu Beginn der Veranstaltung konnte dann \u201cRadio Wiesengrund\u201d auf Sendung gehen und das Turnier sprachlich wie musikalisch bereichern. Nachdem alle Unklarheiten beseitigt waren, konnte auch endlich<br \/>\nmit dem eigentlich Grund der Anwesenden begonnen werden.<br \/>\nDie ersten Spiele zum 1. DJK Sommercup wurden angepfiffen.<\/p>\n<p>Die Wiesenweg-Buben I und II pr\u00e4sentierten einem breiten Publikum ihre neue Spielkleidung f\u00fcr die kommende Saison und die Erste traf zum Auftakt auf unsere Freunde aus He\u00dfdorf. Die Partie wurde klar mit 3:0 Toren f\u00fcr uns entschieden. Die Zweite traf auf die spielstarken Hemhofener. Mit einer 0:4 Niederlage zog man sich mehr als achtbar gegen die Schubertsch\u00fctzlinge aus der Aff\u00e4re.<\/p>\n<p>Im zweiten Vorrundenspiel ging es f\u00fcr die grasgr\u00fcn Gekleideten gegen die Rotschwarzen aus der Noris. Die Begegnung der DJK I gegen den 1. FC N\u00fcrnberg endete mit einem verdienten 1:1 Unentschieden.<br \/>\nF\u00fcr die Kurz\/Lober-Buben lief es \u00e4hnlich wie zu Beginn. Das zweite Spiel gegen Eltersdorf ging knapp mit 0:2 verloren.<br \/>\nUnser drittes Spiel gegen den Stadtteilnachbarn BSC Erlangen haben wir durch einen Dreierpack von Ben klar mit 3:0 gewonnen. Die Zweite hat auch diese Begegnung gegen eine sympathische Truppe aus Fischbach deutlich verloren.<\/p>\n<p>Im weiteren Verlauf der Vorrunde konnten wichtige Punkte f\u00fcr das Erreichen des Halbfinale erspielt werden. Der 2. Mannschaft bot sich die Gelegenheit, weitere Erfahrungen zu sammeln und sich in der Truppe zu finden. Das Trainerteam ist auf einem guten Weg und wird die neue Runde sicherlich erfolgreich gestalten.<\/p>\n<p>Als Gruppenzweiter zogen wir dann ins Halbfinale ein und trafen in dieser Begegnung auf den Gewinner des diesj\u00e4hrigen Kreispokalfinales und Sieger der Gruppe B. Es entwickelte sich ein packendes Spiel auf beiden Seiten und die Devensivabteilungen standen im Mittelpunkt dieser Begegnung. Mit einem leistungsgerechten Unentschieden endete das Halbfinale. Das Achtmeterschie\u00dfen mu\u00dfte die Entscheidung bringen.<br \/>\nDieses konnten wir gl\u00fccklicherweise durch zwei gehaltene Sch\u00fcsse unseres Torw\u00e4chters f\u00fcr uns entscheiden. Wieder war man binnen Wochenfrist in ein gro\u00dfes Endspiel eingezogen.<\/p>\n<p>Im Finale trafen wir auf die bisher st\u00e4rkste Mannschaft aus der anderen Gruppe, den TSV Fischbach!<\/p>\n<p>Das letzte Spiel dieses Turniers fand vor stattlicher Kulisse statt. Als sich beide Teams schon gedanklich auf die Entscheidung vom Punkt vorbereiteten, brachte ein weiter Pass der Fischbacher die Entscheidung. Kurz vor Schlu\u00df ein langer Ball, den unser Keeper eigentlich schon sicher in den H\u00e4nden hatte, wurde durch einen geschickten Kopfball direkt in die Maschen bef\u00f6rdert und der TSV\u00a0 gewann verdient den 1. DJK Sommercup.<\/p>\n<p>Schade f\u00fcr uns! Wir haben binnen 3 Wochen drei Vizemeistertitel erreicht, was bei den Wiesenwegbuben sicherlich f\u00fcr gro\u00dfe Entt\u00e4uschung sorgte. Das stecken wir aber locker weg und die Jungs werden bis zum Trainingslager in Neuhaus in den Ferien hart arbeiten, um endlich einen Titel in den Wiesengrund zu holen!<\/p>\n<p>An dieser Stelle m\u00f6chten wir uns bei allen Helferinnen und Helfern f\u00fcr dieses gelungene Turnier bedanken.<br \/>\nIhr seid alle Spitze!!!<\/p>\n<p>Auch unsere sportliche F\u00fchrungsetage war mit Eifer dabei. Unser spezieller Dank geht an Radio Wiesengrund mit Michi und Gebbi, Joe, Uwe, Markus Schubert, Harry, Jolla, Steffi, Gerhardt.<\/p>\n<p>Bevor jemand vergessen wird: Ein ganz gro\u00dfes Dankesch\u00f6n an unsere gro\u00dfe DJK-Familie!<br \/>\nNur zusammen sind wir stark!<\/p>\n<p><strong>Abschlusstabelle 1. DJK Sommercup:<\/strong><\/p>\n<p>1<strong>. <\/strong>TSV Fischbach<\/p>\n<p><strong>2. DJK Erlangen I<\/strong><\/p>\n<p>3. TSV R\u00f6ttenbach<\/p>\n<p>4. FSV Erlangen-Bruck<\/p>\n<p>5. 1. FC Herzogenaurach<\/p>\n<p>6. TSV Hemhofen<\/p>\n<p>7. Don Bosco Bamberg<\/p>\n<p>8. VfL N\u00fcrnberg<\/p>\n<p>9. SpVgg Erlangen<\/p>\n<p>10. SV Laufamholz<\/p>\n<p>11. 1. FC N\u00fcrnberg<\/p>\n<p>12. FC Gro\u00dfdechsendorf<\/p>\n<p>13. SC Eltersdorf<\/p>\n<p>14. SF Gro\u00dfgr\u00fcndlach<\/p>\n<p>15. VdS Spardorf<\/p>\n<p>16. SpVgg He\u00dfdorf<\/p>\n<p>17. BSC Erlangen<\/p>\n<p>18. DJK Erlangen II<\/p>\n<p>Der gelungene Saisonabschlu\u00df mit dem positiven Feedback sollte Ansporn genug sein, um in der n\u00e4chsten Runde endlich etwas zu erreichen. Es gibt viel zu tun, packen wir es an!<\/p>\n","protected":false},"excerpt":{"rendered":"<p>Zum Monatsletzten im Juli stand das Ereignis des Jahres auf dem Programm. Der 1. DJK Sommercup! 2 Tage lang war das Helferteam damit besch\u00e4ftigt, die Sportanlage in einen einladenden Zustand zu versetzen. An dieser Stelle m\u00f6chten wir uns vorab bei &hellip; <a href=\"https:\/\/www.djk-erlangen.de\/fussball\/?p=3820\">Weiterlesen <span class=\"meta-nav\">&rarr;<\/span><\/a><\/p>\n","protected":false},"author":32,"featured_media":0,"comment_status":"open","ping_status":"closed","sticky":false,"template":"","format":"standard","meta":{"jetpack_post_was_ever_published":false,"_jetpack_newsletter_access":"","_jetpack_dont_email_post_to_subs":false,"_jetpack_newsletter_tier_id":0,"_jetpack_memberships_contains_paywalled_content":false,"_jetpack_memberships_contains_paid_content":false,"footnotes":"","jetpack_publicize_message":"","jetpack_publicize_feature_enabled":true,"jetpack_social_post_already_shared":false,"jetpack_social_options":{"image_generator_settings":{"template":"highway","default_image_id":0,"font":"","enabled":false},"version":2}},"categories":[1],"tags":[],"class_list":["post-3820","post","type-post","status-publish","format-standard","hentry","category-allgemein"],"jetpack_publicize_connections":[],"jetpack_featured_media_url":"","jetpack_shortlink":"https:\/\/wp.me\/p2ZUr0-ZC","jetpack_sharing_enabled":true,"_links":{"self":[{"href":"https:\/\/www.djk-erlangen.de\/fussball\/index.php?rest_route=\/wp\/v2\/posts\/3820","targetHints":{"allow":["GET"]}}],"collection":[{"href":"https:\/\/www.djk-erlangen.de\/fussball\/index.php?rest_route=\/wp\/v2\/posts"}],"about":[{"href":"https:\/\/www.djk-erlangen.de\/fussball\/index.php?rest_route=\/wp\/v2\/types\/post"}],"author":[{"embeddable":true,"href":"https:\/\/www.djk-erlangen.de\/fussball\/index.php?rest_route=\/wp\/v2\/users\/32"}],"replies":[{"embeddable":true,"href":"https:\/\/www.djk-erlangen.de\/fussball\/index.php?rest_route=%2Fwp%2Fv2%2Fcomments&post=3820"}],"version-history":[{"count":8,"href":"https:\/\/www.djk-erlangen.de\/fussball\/index.php?rest_route=\/wp\/v2\/posts\/3820\/revisions"}],"predecessor-version":[{"id":3822,"href":"https:\/\/www.djk-erlangen.de\/fussball\/index.php?rest_route=\/wp\/v2\/posts\/3820\/revisions\/3822"}],"wp:attachment":[{"href":"https:\/\/www.djk-erlangen.de\/fussball\/index.php?rest_route=%2Fwp%2Fv2%2Fmedia&parent=3820"}],"wp:term":[{"taxonomy":"category","embeddable":true,"href":"https:\/\/www.djk-erlangen.de\/fussball\/index.php?rest_route=%2Fwp%2Fv2%2Fcategories&post=3820"},{"taxonomy":"post_tag","embeddable":true,"href":"https:\/\/www.djk-erlangen.de\/fussball\/index.php?rest_route=%2Fwp%2Fv2%2Ftags&post=3820"}],"curies":[{"name":"wp","href":"https:\/\/api.w.org\/{rel}","templated":true}]}}