{"id":3779,"date":"2010-07-23T22:15:17","date_gmt":"2010-07-23T20:15:17","guid":{"rendered":"http:\/\/www.djk-erlangen.de\/fussball\/?p=3779"},"modified":"2010-11-03T09:53:05","modified_gmt":"2010-11-03T08:53:05","slug":"spvgg-erlangen-ah-djk-erlangen-ah-22-freitag-23-juli-2010-1830h","status":"publish","type":"post","link":"https:\/\/www.djk-erlangen.de\/fussball\/?p=3779","title":{"rendered":"SpVgg Erlangen AH &#8211; DJK Erlangen AH .:. <strong>2:2<\/strong> .:.<h5>Freitag, 23. Juli 2010, 18:30h<\/h5>"},"content":{"rendered":"<p><strong>Torfolge<\/strong>: 1:0 (Handelfmeter), <span style=\"color: #008000;\">1:1 Andi L., 1:2 Marcel K.<\/span>, 2:2<\/p>\n<p>Ein achtbares Unentschieden ist das Ergebnis dieses Kr\u00e4ftemessens an der L\u00f6hestra\u00dfe. Ohnehin nicht in Bestbesetzung angetreten, mu\u00dften noch zwei sehr kurzfristige Absagen verkraftet werden. Dank Neuzugang Andi L. und Greg E., der seit langer Zeit einmal wieder f\u00fcr die AH auflief, konnten wir dennoch eine Mannschaft stellen.<\/p>\n<p><!--more-->Das Spiel wurde witterungsbedingt auf dem C-Platz der SpVgg ausgetragen, der allerdings recht gut bespielbar war.<\/p>\n<p>Die erste nennenswerte Aktion nach Spielbeginn war ein leichtes Foulspiel an unserem Abwehrrecken Rainer S., bei dem sich dieser leider so schwer verletzte, dass die Partie f\u00fcr ihn beendet war.<\/p>\n<p>Spielerisch nahmen die Gastgeber von Beginn an das Heft in die Hand und kombinierten ansehnlich im Mittelfeld, konnten sich aus dem Spiel heraus jedoch keine nennenswerte Torchance erarbeiten.<br \/>\nDas 1:0 fiel dann auch durch einen Strafsto\u00df. Ein Weitschuss, der wohl harmlos f\u00fcr unseren Keeper gewesen w\u00e4re, sprang Nico G. in Strafraumn\u00e4he an die Hand, was einen Pfiff des Schiedsrichters zur Folge hatte. Die Frage war nun: Freisto\u00df oder Elfmeter. Eine schwierige Entscheidung, da durch den Dauerregen keine Linien mehr erkennbar waren. Der Schiedsrichter war sich seiner Sache sicher und entschied sofort auf Strafsto\u00df, den die Spieli zum 1:0 verwandelte. Unser Torh\u00fcter Markus H. w\u00e4hlte zwar die richtige Ecke, konnte den gut platzierten Schuss jedoch nicht abwehren. Mit diesem Spielstand ging es dann auch in die Halbzeitpause.<\/p>\n<p>F\u00fcr die zweiten 45 Minuten kam erschwerend hinzu, dass wir keine Wechselm\u00f6glichkeit mehr hatten. So musste Greg E. leicht verletzt durchspielen. Matze E. r\u00fcckte dadurch auf die f\u00fcr ihn sicherlich ungewohnte Verteidigerposition. Die zweite Halbzeit glich spielerisch zun\u00e4chst der ersten, die Spieli war feld\u00fcberlegen, ohne sich zwingende Torchancen erarbeiten zu k\u00f6nnen.\u00a0 Dies gelang dann der DJK bei einem Konter. Eine genaue Flanke von Mario S. nickte unser Neuer Andi L. aus kurzer Distanz zum Ausgleich ein. Kurze Zeit sp\u00e4ter wurde Harry W. am Strafraum gefoult. Den resultierenden Freisto\u00df verwandelte Marcel K. sogar zur zwischenzeitlichen F\u00fchrung der DJK.<br \/>\nNun spielten die Gastgeber noch offensiver und hatten auch Torm\u00f6glichkeiten, die jedoch vergeben oder durch unseren Keeper Markus H. gl\u00e4nzend pariert wurden. In der 80. Minute mu\u00dften wir dann doch noch den Ausgleich hinnehmen, wieder nach einer Standardsituation. Eine Flanke von halblinks an den langen Torpfosten konnte der St\u00fcrmer der SpVgg aus abseitsverd\u00e4chtiger Position eink\u00f6pfen. Kurze Zeit sp\u00e4ter wurde ein weiteres Tor f\u00fcr die Gastgeber wegen Abseitsstellung nicht anerkannt. Anschlie\u00dfend war die Partie beendet.<\/p>\n<p>Insgesamt eine geschlossene Mannschaftsleistung unserer AH und nach den vielen Spielerabsagen vor allem aufgrund der starken Defensivleistung ein nicht unbedingt erwartetes Ergebnis gegen einen spielstarken Gastgeber.<br \/>\n(Autor: Harry W.)<\/p>\n<p><strong>Aufstellung DJK:<\/strong> Markus H., Matze E., Rainer S., Mario S., Greg E., Jochen W., Robert G., Marcel K., Nico C., Markus G., Andi L., Harry W.<\/p>\n","protected":false},"excerpt":{"rendered":"<p>Torfolge: 1:0 (Handelfmeter), 1:1 Andi L., 1:2 Marcel K., 2:2 Ein achtbares Unentschieden ist das Ergebnis dieses Kr\u00e4ftemessens an der L\u00f6hestra\u00dfe. Ohnehin nicht in Bestbesetzung angetreten, mu\u00dften noch zwei sehr kurzfristige Absagen verkraftet werden. Dank Neuzugang Andi L. und Greg &hellip; <a href=\"https:\/\/www.djk-erlangen.de\/fussball\/?p=3779\">Weiterlesen <span class=\"meta-nav\">&rarr;<\/span><\/a><\/p>\n","protected":false},"author":21,"featured_media":0,"comment_status":"open","ping_status":"closed","sticky":false,"template":"","format":"standard","meta":{"jetpack_post_was_ever_published":false,"_jetpack_newsletter_access":"","_jetpack_dont_email_post_to_subs":false,"_jetpack_newsletter_tier_id":0,"_jetpack_memberships_contains_paywalled_content":false,"_jetpack_memberships_contains_paid_content":false,"footnotes":"","jetpack_publicize_message":"","jetpack_publicize_feature_enabled":true,"jetpack_social_post_already_shared":false,"jetpack_social_options":{"image_generator_settings":{"template":"highway","default_image_id":0,"font":"","enabled":false},"version":2}},"categories":[4],"tags":[],"class_list":["post-3779","post","type-post","status-publish","format-standard","hentry","category-ah"],"jetpack_publicize_connections":[],"jetpack_featured_media_url":"","jetpack_shortlink":"https:\/\/wp.me\/p2ZUr0-YX","jetpack_sharing_enabled":true,"_links":{"self":[{"href":"https:\/\/www.djk-erlangen.de\/fussball\/index.php?rest_route=\/wp\/v2\/posts\/3779","targetHints":{"allow":["GET"]}}],"collection":[{"href":"https:\/\/www.djk-erlangen.de\/fussball\/index.php?rest_route=\/wp\/v2\/posts"}],"about":[{"href":"https:\/\/www.djk-erlangen.de\/fussball\/index.php?rest_route=\/wp\/v2\/types\/post"}],"author":[{"embeddable":true,"href":"https:\/\/www.djk-erlangen.de\/fussball\/index.php?rest_route=\/wp\/v2\/users\/21"}],"replies":[{"embeddable":true,"href":"https:\/\/www.djk-erlangen.de\/fussball\/index.php?rest_route=%2Fwp%2Fv2%2Fcomments&post=3779"}],"version-history":[{"count":12,"href":"https:\/\/www.djk-erlangen.de\/fussball\/index.php?rest_route=\/wp\/v2\/posts\/3779\/revisions"}],"predecessor-version":[{"id":4849,"href":"https:\/\/www.djk-erlangen.de\/fussball\/index.php?rest_route=\/wp\/v2\/posts\/3779\/revisions\/4849"}],"wp:attachment":[{"href":"https:\/\/www.djk-erlangen.de\/fussball\/index.php?rest_route=%2Fwp%2Fv2%2Fmedia&parent=3779"}],"wp:term":[{"taxonomy":"category","embeddable":true,"href":"https:\/\/www.djk-erlangen.de\/fussball\/index.php?rest_route=%2Fwp%2Fv2%2Fcategories&post=3779"},{"taxonomy":"post_tag","embeddable":true,"href":"https:\/\/www.djk-erlangen.de\/fussball\/index.php?rest_route=%2Fwp%2Fv2%2Ftags&post=3779"}],"curies":[{"name":"wp","href":"https:\/\/api.w.org\/{rel}","templated":true}]}}