{"id":3626,"date":"2010-07-11T19:16:29","date_gmt":"2010-07-11T17:16:29","guid":{"rendered":"http:\/\/www.djk-erlangen.de\/fussball\/?p=3626"},"modified":"2010-07-11T19:52:10","modified_gmt":"2010-07-11T17:52:10","slug":"djk-erlangen-ah-beim-djk-kerwaturnier-2-platz-samstag-10-juli-2010-1500h","status":"publish","type":"post","link":"https:\/\/www.djk-erlangen.de\/fussball\/?p=3626","title":{"rendered":"AH beim DJK-Kerwaturnier .:. <strong>2. Platz<\/strong> .:.<h5>Samstag, 10. Juli 2010, 15:00h<\/h5>"},"content":{"rendered":"<p>\u00dcberraschung beim DJK-internen Kerwaturnier:<br \/>\nDie AH belegt den 2. Platz hinter dem &#8222;Team Bar&#8220; (eigentlich die eine H\u00e4lfte unserer Ersten).<\/p>\n<p><!--more-->Es waren insgesamt 6 DJK-Mannschaften, die &#8211; in 2 Gruppen eingeteilt &#8211; bei gef\u00fchlten 60 Grad Au\u00dfentemperatur auf dem gut hergerichteten DJK-A-Platz gegeneinander antraten.<br \/>\nJeder spielte in seiner Gruppe gegen die beiden anderen Mannschaften, wobei wir zuerst gegen die 1. Mannschaft (die andere H\u00e4lfte!) mit 1:0 gewannen. Ein Superpass auf Harry W., der eiskalt vollstreckte, und eine sehr disziplinierte Defensivarbeit gen\u00fcgten, um die wohl ziemlich \u00fcberraschten &#8222;Jungen&#8220; zu besiegen.<br \/>\nIm zweiten Spiel trafen wir auf unsere Handballer, die &#8211; wie jedes Jahr &#8211; sehr engagiert ins Spiel gingen. Wir hatten uns vorgenommen, diese Mannschaft keinesfalls zu untersch\u00e4tzen und gingen entsprechend konzentriert zu Werke. Am Ende konnten wir uns &#8211; doch einigerma\u00dfen klar &#8211; mit 4:1 durchsetzen.<\/p>\n<p>Als Gruppenerster trafen wir im Halbfinale nun auf den Zweiten der anderen Gruppe, die A-Jugend der vergangenen Saison.<br \/>\nEs war ein \u00e4u\u00dferst spannendes Spiel, wobei die &#8222;Jungen&#8220; ihre technische \u00dcberlegenheit &#8211; vermutlich gepaart mit etwas \u00dcberheblichkeit &#8211; nicht gegen eine solide Mischung aus kompromisslosem Einsatz, Disziplin und Erfahrung in Z\u00e4hlbares umsetzen. So kam es zu Achtmeterschie\u00dfen, bei dem die AH zwar einen &#8222;Achter&#8220; verschoss, unser Keeper Markus H. aber 2 &#8222;Achter&#8220; abwehren konnte. Einen dritten schoss die A-Jugend dann noch in den blauen Himmel, womit wir h\u00f6chst \u00fcberraschend im Finale des DJK-Kerwaturniers 2010 standen.<\/p>\n<p>Leider mussten wir hier dann doch der gro\u00dfen Hitze Tribut zollen und uns einer Mannschaft, die derzeit mitten in der Vorbereitung steht und nat\u00fcrlich k\u00f6rperlich topfit ist, mit 1:3 geschlagen geben.<\/p>\n<p>Hiermit ergeht nochmals unser Gl\u00fcckwunsch an den Turniersieger &#8222;Team Bar&#8220;, das vor allem auch am sp\u00e4teren Abend seinen Auftrag sehr ordentlich erledigt hat.<br \/>\nWill hei\u00dfen: die Cocktails haben grandios geschmeckt!!!<\/p>\n","protected":false},"excerpt":{"rendered":"<p>\u00dcberraschung beim DJK-internen Kerwaturnier: Die AH belegt den 2. Platz hinter dem &#8222;Team Bar&#8220; (eigentlich die eine H\u00e4lfte unserer Ersten).<\/p>\n","protected":false},"author":3,"featured_media":0,"comment_status":"open","ping_status":"closed","sticky":false,"template":"","format":"standard","meta":{"jetpack_post_was_ever_published":false,"_jetpack_newsletter_access":"","_jetpack_dont_email_post_to_subs":false,"_jetpack_newsletter_tier_id":0,"_jetpack_memberships_contains_paywalled_content":false,"_jetpack_memberships_contains_paid_content":false,"footnotes":"","jetpack_publicize_message":"","jetpack_publicize_feature_enabled":true,"jetpack_social_post_already_shared":false,"jetpack_social_options":{"image_generator_settings":{"template":"highway","default_image_id":0,"font":"","enabled":false},"version":2}},"categories":[4],"tags":[],"class_list":["post-3626","post","type-post","status-publish","format-standard","hentry","category-ah"],"jetpack_publicize_connections":[],"jetpack_featured_media_url":"","jetpack_shortlink":"https:\/\/wp.me\/p2ZUr0-Wu","jetpack_sharing_enabled":true,"_links":{"self":[{"href":"https:\/\/www.djk-erlangen.de\/fussball\/index.php?rest_route=\/wp\/v2\/posts\/3626","targetHints":{"allow":["GET"]}}],"collection":[{"href":"https:\/\/www.djk-erlangen.de\/fussball\/index.php?rest_route=\/wp\/v2\/posts"}],"about":[{"href":"https:\/\/www.djk-erlangen.de\/fussball\/index.php?rest_route=\/wp\/v2\/types\/post"}],"author":[{"embeddable":true,"href":"https:\/\/www.djk-erlangen.de\/fussball\/index.php?rest_route=\/wp\/v2\/users\/3"}],"replies":[{"embeddable":true,"href":"https:\/\/www.djk-erlangen.de\/fussball\/index.php?rest_route=%2Fwp%2Fv2%2Fcomments&post=3626"}],"version-history":[{"count":7,"href":"https:\/\/www.djk-erlangen.de\/fussball\/index.php?rest_route=\/wp\/v2\/posts\/3626\/revisions"}],"predecessor-version":[{"id":3633,"href":"https:\/\/www.djk-erlangen.de\/fussball\/index.php?rest_route=\/wp\/v2\/posts\/3626\/revisions\/3633"}],"wp:attachment":[{"href":"https:\/\/www.djk-erlangen.de\/fussball\/index.php?rest_route=%2Fwp%2Fv2%2Fmedia&parent=3626"}],"wp:term":[{"taxonomy":"category","embeddable":true,"href":"https:\/\/www.djk-erlangen.de\/fussball\/index.php?rest_route=%2Fwp%2Fv2%2Fcategories&post=3626"},{"taxonomy":"post_tag","embeddable":true,"href":"https:\/\/www.djk-erlangen.de\/fussball\/index.php?rest_route=%2Fwp%2Fv2%2Ftags&post=3626"}],"curies":[{"name":"wp","href":"https:\/\/api.w.org\/{rel}","templated":true}]}}