{"id":3608,"date":"2010-07-10T13:15:37","date_gmt":"2010-07-10T11:15:37","guid":{"rendered":"http:\/\/www.djk-erlangen.de\/fussball\/?p=3608"},"modified":"2010-07-11T19:07:32","modified_gmt":"2010-07-11T17:07:32","slug":"in-die-nachste-runde-gekampft","status":"publish","type":"post","link":"https:\/\/www.djk-erlangen.de\/fussball\/?p=3608","title":{"rendered":"In die n\u00e4chste Runde gek\u00e4mpft"},"content":{"rendered":"<p>Am zeitigen Samstag Vormittag trafen wir in der zweiten Runde auf den Stadtteilnachbarn, den TV 1848 Erlangen.<br \/>\nAm Vorabend der Begegnung rissen die Hiobsbotschaften nicht ab und man tippte sich die Finger wund, um die Ausf\u00e4lle zu kompensieren.<br \/>\n<!--more--> Die n\u00e4chste Schreckensmeldung erreichte uns dann noch unmittelbar vor Spielbeginn. Auch unser Mittelfeldmotor Mike musste passen. So wurden einige Umstellungen in der Mannschaft vorgenommen, um den Ausfall einer halben Truppe einigerma\u00dfen aufzufangen.<\/p>\n<p>Diese \u00c4nderungen waren nicht die schlechtesten und die Wiesenwegbuben kamen mit zunehmender Spieldauer immer besser in die G\u00e4nge. Allen voran die Leihgabe aus der G-Jugend, Elias entwickelte sich immer mehr zum Dreh und Angelpunkt und war \u00fcberall zu finden. Jetzt erspielten wir uns auch einige Torchancen, doch der gl\u00e4nzend aufgelegte Torh\u00fcter vom TVE machte selbst klare Einschu\u00dfm\u00f6glichkeiten zunichte.<\/p>\n<p>Mit einem gerechten Unentschieden wechselte man dann auch die Seiten.<\/p>\n<p>Zum zweiten Spielabschnitt meldete sich dann urpl\u00f6tzlich Mike verletzungsfrei zur\u00fcck und belebte sofort unser Spiel nach vorne. Bei der einen oder anderen Aktion merkte man dem Geburtstagskind jedoch schon an, dass er nicht hundertprozentig fit war.<\/p>\n<p>Der TV wurde nun mit sch\u00f6nem Kombinationsspiel immer \u00f6fter in Verlegenheit gebracht &#8211; nur das erl\u00f6sende Tor wollte einfach nicht fallen. Als man sich 60 Sekunden vor dem Ende schon gedanklich auf das Achtmeterschie\u00dfen vorbereitete, tankte sich Benedikt auf der rechten Au\u00dfenbahn durch und brachte die Flanke so genau aufs gegnerische Tor, dass Luis nur noch abstauben mu\u00dfte und das befreiende 1:0 f\u00fcr seine Farben erzielte.<\/p>\n<p>In der Nachspielzeit kontrollierten wir die Begegung und haben uns mit diesem Sieg in die n\u00e4chste Runde gek\u00e4mpft. &#8222;Man of the Match&#8220; war Elias, der sicherlich heute seine beste Saisonleistung erbracht hat.<\/p>\n<p>Gegner im heimischen Wiesengrund ist am kommenden Dienstag, 13.07.10 um 18.00 Uhr der BSV Baiersdorf.<\/p>\n<p>DJK-Aufgebot:<br \/>\nDaniel; Johannes; Oliver; Franz; Benedikt; Mike; Luis; Elias; Martin<\/p>\n<p>Tor:<br \/>\nLuBe (Coproduktion von Luis &amp; Benedikt)<\/p>\n","protected":false},"excerpt":{"rendered":"<p>Am zeitigen Samstag Vormittag trafen wir in der zweiten Runde auf den Stadtteilnachbarn, den TV 1848 Erlangen. Am Vorabend der Begegnung rissen die Hiobsbotschaften nicht ab und man tippte sich die Finger wund, um die Ausf\u00e4lle zu kompensieren.<\/p>\n","protected":false},"author":32,"featured_media":0,"comment_status":"open","ping_status":"closed","sticky":false,"template":"","format":"standard","meta":{"jetpack_post_was_ever_published":false,"_jetpack_newsletter_access":"","_jetpack_dont_email_post_to_subs":false,"_jetpack_newsletter_tier_id":0,"_jetpack_memberships_contains_paywalled_content":false,"_jetpack_memberships_contains_paid_content":false,"footnotes":"","jetpack_publicize_message":"","jetpack_publicize_feature_enabled":true,"jetpack_social_post_already_shared":false,"jetpack_social_options":{"image_generator_settings":{"template":"highway","default_image_id":0,"font":"","enabled":false},"version":2}},"categories":[1],"tags":[],"class_list":["post-3608","post","type-post","status-publish","format-standard","hentry","category-allgemein"],"jetpack_publicize_connections":[],"jetpack_featured_media_url":"","jetpack_shortlink":"https:\/\/wp.me\/p2ZUr0-Wc","jetpack_sharing_enabled":true,"_links":{"self":[{"href":"https:\/\/www.djk-erlangen.de\/fussball\/index.php?rest_route=\/wp\/v2\/posts\/3608","targetHints":{"allow":["GET"]}}],"collection":[{"href":"https:\/\/www.djk-erlangen.de\/fussball\/index.php?rest_route=\/wp\/v2\/posts"}],"about":[{"href":"https:\/\/www.djk-erlangen.de\/fussball\/index.php?rest_route=\/wp\/v2\/types\/post"}],"author":[{"embeddable":true,"href":"https:\/\/www.djk-erlangen.de\/fussball\/index.php?rest_route=\/wp\/v2\/users\/32"}],"replies":[{"embeddable":true,"href":"https:\/\/www.djk-erlangen.de\/fussball\/index.php?rest_route=%2Fwp%2Fv2%2Fcomments&post=3608"}],"version-history":[{"count":4,"href":"https:\/\/www.djk-erlangen.de\/fussball\/index.php?rest_route=\/wp\/v2\/posts\/3608\/revisions"}],"predecessor-version":[{"id":3621,"href":"https:\/\/www.djk-erlangen.de\/fussball\/index.php?rest_route=\/wp\/v2\/posts\/3608\/revisions\/3621"}],"wp:attachment":[{"href":"https:\/\/www.djk-erlangen.de\/fussball\/index.php?rest_route=%2Fwp%2Fv2%2Fmedia&parent=3608"}],"wp:term":[{"taxonomy":"category","embeddable":true,"href":"https:\/\/www.djk-erlangen.de\/fussball\/index.php?rest_route=%2Fwp%2Fv2%2Fcategories&post=3608"},{"taxonomy":"post_tag","embeddable":true,"href":"https:\/\/www.djk-erlangen.de\/fussball\/index.php?rest_route=%2Fwp%2Fv2%2Ftags&post=3608"}],"curies":[{"name":"wp","href":"https:\/\/api.w.org\/{rel}","templated":true}]}}