{"id":3460,"date":"2010-06-21T17:30:34","date_gmt":"2010-06-21T15:30:34","guid":{"rendered":"http:\/\/www.djk-erlangen.de\/fussball\/?p=3460"},"modified":"2010-07-06T23:59:46","modified_gmt":"2010-07-06T21:59:46","slug":"djk-erlangen-ah-%e2%80%93-vds-spardorf-ah-56-freitag-18-juni-2010-1900h","status":"publish","type":"post","link":"https:\/\/www.djk-erlangen.de\/fussball\/?p=3460","title":{"rendered":"DJK Erlangen AH \u2013 VdS Spardorf AH .:. <strong>5:6<\/strong> .:.<h5>Freitag, 18. Juni 2010, 19:00h<\/h5>"},"content":{"rendered":"<p>Das Unverm\u00f6gen &#8211; Pech will ich es einfach nicht nennen &#8211; der AH der DJK Erlangen rei\u00dft nicht ab.<br \/>\n<!--more-->Nun schon die n\u00e4chste Niederlage in Folge und das, obwohl wir gegen den Gegner aus Spardorf ganz ansehnlich und \u00fcberzeugend begonnen hatten.<\/p>\n<p>Nach 30 Minuten \u201eWarmspielen\u201c konnten wir in schneller Abfolge 3 Tore durch Mario S. (30.), Markus G. (35., Elfmeter) und Nico G. (37., sehenswerter Kopfballtreffer) schie\u00dfen und gingen mit \u201enur\u201c einem Gegentreffer \u2013 nach Ballverlust im Mittelfeld in der 42. Min. \u2013 mit einer 3:1-F\u00fchrung in die Halbzeitpause. Da war die DJK-Welt noch in Ordnung und jeder sch\u00f6pfte Hoffnung f\u00fcr den langersehnten Sieg.<\/p>\n<p>Auch die zweite Halbzeit ging nach kleinen Startschwierigkeiten mit Toren durch Harry W. (55.) und Marcel &#8222;Kalle&#8220; K. (65.) \u00fcberzeugend weiter.<\/p>\n<p>Mit dem 5:1 schien uns der Sieg praktisch nicht mehr zu nehmen, doch ab der 65. Spielminute stellten wir das Fu\u00dfballspielen ganz und gar ein und gaben das Spielfeld dem bis dahin unterlegenen Gegner komplett frei.<br \/>\nDass der sicher geglaubte Sieg schlie\u00dflich noch innerhalb weniger Minuten einer Niederlage weichen musste (bezeichnenderweise fiel der Siegtreffer der Spardorfer in der Schlusssekunde!), war die Konsequenz aus einer kollektiven Arbeitsverweigerung mit kapitalen Fehlern in der Abwehr und einem \u00fcberragenden Endspurt der Spardorfer. Einzig positiv sei hier noch der gehaltene Elfmeter in der 68. Minute durch Markus H. hervorzuheben.<\/p>\n<p>Liebe AH der DJK!<br \/>\nDass wir uns mit dem Spiel nicht zum Gesp\u00f6tt der Nation (bzw. von Erlangen) gemacht haben, lag allein nur daran, dass (leider) auch die Deutschen beim ihrem WM-Spiel gegen Serbien unterlagen und kaum Interesse auf unser kleines unbedeutendes Spiel gerichtet war. Dennoch halte ich es f\u00fcr unvertretbar, was wir an diesem schwarzen Freitag abgeliefert haben &#8230; die Leistung des Autors inbegriffen. Ich denke f\u00fcr alle zu sprechen, dass sich eine solch blamable Niederlage <strong>nie mehr <\/strong>wiederholen darf!<\/p>\n<p>(Autor: Mario S.)<\/p>\n","protected":false},"excerpt":{"rendered":"<p>Das Unverm\u00f6gen &#8211; Pech will ich es einfach nicht nennen &#8211; der AH der DJK Erlangen rei\u00dft nicht ab.<\/p>\n","protected":false},"author":21,"featured_media":0,"comment_status":"open","ping_status":"closed","sticky":false,"template":"","format":"standard","meta":{"jetpack_post_was_ever_published":false,"_jetpack_newsletter_access":"","_jetpack_dont_email_post_to_subs":false,"_jetpack_newsletter_tier_id":0,"_jetpack_memberships_contains_paywalled_content":false,"_jetpack_memberships_contains_paid_content":false,"footnotes":"","jetpack_publicize_message":"","jetpack_publicize_feature_enabled":true,"jetpack_social_post_already_shared":false,"jetpack_social_options":{"image_generator_settings":{"template":"highway","default_image_id":0,"font":"","enabled":false},"version":2}},"categories":[4],"tags":[],"class_list":["post-3460","post","type-post","status-publish","format-standard","hentry","category-ah"],"jetpack_publicize_connections":[],"jetpack_featured_media_url":"","jetpack_shortlink":"https:\/\/wp.me\/p2ZUr0-TO","jetpack_sharing_enabled":true,"_links":{"self":[{"href":"https:\/\/www.djk-erlangen.de\/fussball\/index.php?rest_route=\/wp\/v2\/posts\/3460","targetHints":{"allow":["GET"]}}],"collection":[{"href":"https:\/\/www.djk-erlangen.de\/fussball\/index.php?rest_route=\/wp\/v2\/posts"}],"about":[{"href":"https:\/\/www.djk-erlangen.de\/fussball\/index.php?rest_route=\/wp\/v2\/types\/post"}],"author":[{"embeddable":true,"href":"https:\/\/www.djk-erlangen.de\/fussball\/index.php?rest_route=\/wp\/v2\/users\/21"}],"replies":[{"embeddable":true,"href":"https:\/\/www.djk-erlangen.de\/fussball\/index.php?rest_route=%2Fwp%2Fv2%2Fcomments&post=3460"}],"version-history":[{"count":6,"href":"https:\/\/www.djk-erlangen.de\/fussball\/index.php?rest_route=\/wp\/v2\/posts\/3460\/revisions"}],"predecessor-version":[{"id":3574,"href":"https:\/\/www.djk-erlangen.de\/fussball\/index.php?rest_route=\/wp\/v2\/posts\/3460\/revisions\/3574"}],"wp:attachment":[{"href":"https:\/\/www.djk-erlangen.de\/fussball\/index.php?rest_route=%2Fwp%2Fv2%2Fmedia&parent=3460"}],"wp:term":[{"taxonomy":"category","embeddable":true,"href":"https:\/\/www.djk-erlangen.de\/fussball\/index.php?rest_route=%2Fwp%2Fv2%2Fcategories&post=3460"},{"taxonomy":"post_tag","embeddable":true,"href":"https:\/\/www.djk-erlangen.de\/fussball\/index.php?rest_route=%2Fwp%2Fv2%2Ftags&post=3460"}],"curies":[{"name":"wp","href":"https:\/\/api.w.org\/{rel}","templated":true}]}}