{"id":3390,"date":"2010-06-11T13:30:16","date_gmt":"2010-06-11T11:30:16","guid":{"rendered":"http:\/\/www.djk-erlangen.de\/fussball\/?p=3390"},"modified":"2010-06-11T14:05:53","modified_gmt":"2010-06-11T12:05:53","slug":"1-spieltag-im-kreispokal","status":"publish","type":"post","link":"https:\/\/www.djk-erlangen.de\/fussball\/?p=3390","title":{"rendered":"1. Spieltag im Kreispokal"},"content":{"rendered":"<p>Unser erster Gegner hei\u00dft <strong>FC Dechsendorf<\/strong>.<\/p>\n<p>Wir spielen am Samstag, den <strong>26.06.2010<\/strong> <strong>zuhause <\/strong>auf den DJK-Sportgel\u00e4nde.<br \/>\nSpielbeginn: <strong>10:00 Uhr<br \/>\n<\/strong>Treffpunkt: <strong>9:30 Uhr<\/strong><\/p>\n<p>Wer gewinnt, spielt sich in die n\u00e4chste Runde.<\/p>\n<p>Bis dahin eine gute Zeit<br \/>\nEuer Gerhard<\/p>\n","protected":false},"excerpt":{"rendered":"<p>Unser erster Gegner hei\u00dft FC Dechsendorf. Wir spielen am Samstag, den 26.06.2010 zuhause auf den DJK-Sportgel\u00e4nde. Spielbeginn: 10:00 Uhr Treffpunkt: 9:30 Uhr Wer gewinnt, spielt sich in die n\u00e4chste Runde. Bis dahin eine gute Zeit Euer Gerhard<\/p>\n","protected":false},"author":2,"featured_media":0,"comment_status":"open","ping_status":"closed","sticky":false,"template":"","format":"standard","meta":{"jetpack_post_was_ever_published":false,"_jetpack_newsletter_access":"","_jetpack_dont_email_post_to_subs":false,"_jetpack_newsletter_tier_id":0,"_jetpack_memberships_contains_paywalled_content":false,"_jetpack_memberships_contains_paid_content":false,"footnotes":"","jetpack_publicize_message":"","jetpack_publicize_feature_enabled":true,"jetpack_social_post_already_shared":false,"jetpack_social_options":{"image_generator_settings":{"template":"highway","default_image_id":0,"font":"","enabled":false},"version":2}},"categories":[14],"tags":[],"class_list":["post-3390","post","type-post","status-publish","format-standard","hentry","category-u7"],"jetpack_publicize_connections":[],"jetpack_featured_media_url":"","jetpack_shortlink":"https:\/\/wp.me\/p2ZUr0-SG","jetpack_sharing_enabled":true,"_links":{"self":[{"href":"https:\/\/www.djk-erlangen.de\/fussball\/index.php?rest_route=\/wp\/v2\/posts\/3390","targetHints":{"allow":["GET"]}}],"collection":[{"href":"https:\/\/www.djk-erlangen.de\/fussball\/index.php?rest_route=\/wp\/v2\/posts"}],"about":[{"href":"https:\/\/www.djk-erlangen.de\/fussball\/index.php?rest_route=\/wp\/v2\/types\/post"}],"author":[{"embeddable":true,"href":"https:\/\/www.djk-erlangen.de\/fussball\/index.php?rest_route=\/wp\/v2\/users\/2"}],"replies":[{"embeddable":true,"href":"https:\/\/www.djk-erlangen.de\/fussball\/index.php?rest_route=%2Fwp%2Fv2%2Fcomments&post=3390"}],"version-history":[{"count":6,"href":"https:\/\/www.djk-erlangen.de\/fussball\/index.php?rest_route=\/wp\/v2\/posts\/3390\/revisions"}],"predecessor-version":[{"id":3401,"href":"https:\/\/www.djk-erlangen.de\/fussball\/index.php?rest_route=\/wp\/v2\/posts\/3390\/revisions\/3401"}],"wp:attachment":[{"href":"https:\/\/www.djk-erlangen.de\/fussball\/index.php?rest_route=%2Fwp%2Fv2%2Fmedia&parent=3390"}],"wp:term":[{"taxonomy":"category","embeddable":true,"href":"https:\/\/www.djk-erlangen.de\/fussball\/index.php?rest_route=%2Fwp%2Fv2%2Fcategories&post=3390"},{"taxonomy":"post_tag","embeddable":true,"href":"https:\/\/www.djk-erlangen.de\/fussball\/index.php?rest_route=%2Fwp%2Fv2%2Ftags&post=3390"}],"curies":[{"name":"wp","href":"https:\/\/api.w.org\/{rel}","templated":true}]}}