{"id":3302,"date":"2010-05-29T21:14:20","date_gmt":"2010-05-29T19:14:20","guid":{"rendered":"http:\/\/www.djk-erlangen.de\/fussball\/?p=3302"},"modified":"2010-05-29T22:07:42","modified_gmt":"2010-05-29T20:07:42","slug":"schwere-beine-im-testspiel","status":"publish","type":"post","link":"https:\/\/www.djk-erlangen.de\/fussball\/?p=3302","title":{"rendered":"Schwere Beine im Testspiel"},"content":{"rendered":"<p>Nach intensiven harten Trainingseinheiten in der ersten Ferienwoche der 1. Mannschaft erg\u00e4nzt durch Leistungstr\u00e4ger der 2. Mannschaft\u00a0 \u00fcbte man am heutigen Samstag bei einem Testspiel am heimischen Wiesengrund gegen die SpVgg Erlangen. <!--more-->Urlaubsbedingte Ausf\u00e4lle seitens der Wiesenweg Buben wurden durch leistungsstarke Spieler der 2. Mannschaft sowie einem weiteren Neuzugang , der Spielpraxis sammel sollte, erg\u00e4nzt. Leider hatte der Gegner kurzfristig massive Probleme eine Mannschaft aufs Feld zu schicken. So mu\u00dften wir irgendwie improvisieren!<\/p>\n<p>Mit dieser Umstellung kamen unsere Jungs besser zurecht und gingen verdient durch zwei blitzsaubere Tore von Mike mit 2:0 in F\u00fchrung. Mit dem Verlauf der ersten H\u00e4lfte merkte man den Jungs die intensive Trainingsarbeit in den zur\u00fcckliegenden Tagen an und so kassierte man folgerichtig durch eigene Konzentrationsschw\u00e4che und zuviel &#8222;Wechselei&#8220;\u00a0 vor der Pause noch zwei Treffer.<\/p>\n<p>Im zweiten Spielabschnitt das gleiche Bild. Das Erlernte wurde \u00fcber weite Strecken super umgesetzt und es entwickelte sich ein tolles Spiel mit Torchancen auf beiden Seiten. Die Torsteher beider Mannschaften hatten heute einen besseren Tag und vereitelten zahlreiche Einschu\u00dfm\u00f6glichkeiten.<\/p>\n<p>Nach einer kurzen sch\u00f6pferischen Pause unseres Mittelfeldmotors Mike ergriff dieser die Initiative und eroberte sich im eigenen Strafraum die Kugel und schlo\u00df einen einzigartigen Sololauf mit der verdienten F\u00fchrung zum 3:2 f\u00fcr die Wiesenweg Buben ab.<\/p>\n<p>Mit zunehmender Spieldauer verlie\u00dfen uns dann nach den aufwendigen Trainingseinheiten letztendlich die Kr\u00e4fte und die Spieli kam besser ins Spiel. Folgerichtig erzielten diese dann auch den zu diesem Zeitpunkt verdienten Ausgleich und kamen gl\u00fccklicherweise noch zu eine 4ten Treffer der letztendlich nicht mehr h\u00e4tte fallen d\u00fcrfen.<\/p>\n<p>Die schweren Beine der Wiesenweg Buben konnten diese Niederlage nicht verhindern! Viel wichtiger ist eine gute Vorbereitung auf die bevorstehenden Aufgaben mit nur noch einem Heimspiel in der laufenden Punktspielsaison!<\/p>\n<p>Die Trainer haben einige Erkentnisse aus dieser Begegung gezogen und werden diese vor dem n\u00e4chsten wichtigen Punktspiel in 14 Tagen in Eltersdorf akribisch aufarbeiten.<\/p>\n<p>Zuvor k\u00f6nnen wir uns noch bei einen Turnier in Schnaittach beweisen. Auch dort treffen wir am 05.06.10 zun\u00e4chst in der Gruppenphase auf den heutigen Testspielgegner.<\/p>\n<p>An dieser Stelle m\u00f6chten wir uns ganz herzlich bei Gerhard Kraus bedanken, der uns kurzfristig den Platz eingestreut hat und mit dieser Ma\u00dfnahme seine T\u00e4tigkeit als Platzwart niedergelegt hat.\u00a0 Die DjK verliert in dieser Institution eine ganz wichtige Person und wir w\u00fcnschen uns da\u00df das Vertrauen auf den Nachfolger Thomas Kurz \u00fcbertragen wird!\u00a0 Unsere Unterst\u00fctzung hat er!<\/p>\n<p>Gerhard K. w\u00fcnschen wir f\u00fcr seinen weiteren Lebensabschnitt alle Gute!!<\/p>\n<p>Der anschlie\u00dfende Bergausflug brachte f\u00fcr die Kinder dann auch noch was Gutes. Die Fahrgesch\u00e4fte: Autoscooter; Amazonas; Spickern; Bus uvm. wurden stark frequentiert, soda\u00df die Eltern beim Mark am Helbig Keller gen\u00fc\u00dflich ihr Bier trinken konnten.<\/p>\n<p>Fazit: Es war auch witterungsbedingt ein toller Feriensamstag!\u00a0 Training am 01.06.10 und am 03.06.10\u00a0 nicht vergessen!<\/p>\n<p>Aufgebot: Luis; Johannes; Alexander; Oliver; Lorenz K.; Benedikt; Mike; Momo;<br \/>\nTore: Mike (3)<\/p>\n","protected":false},"excerpt":{"rendered":"<p>Nach intensiven harten Trainingseinheiten in der ersten Ferienwoche der 1. Mannschaft erg\u00e4nzt durch Leistungstr\u00e4ger der 2. Mannschaft\u00a0 \u00fcbte man am heutigen Samstag bei einem Testspiel am heimischen Wiesengrund gegen die SpVgg Erlangen.<\/p>\n","protected":false},"author":32,"featured_media":0,"comment_status":"open","ping_status":"closed","sticky":false,"template":"","format":"standard","meta":{"jetpack_post_was_ever_published":false,"_jetpack_newsletter_access":"","_jetpack_dont_email_post_to_subs":false,"_jetpack_newsletter_tier_id":0,"_jetpack_memberships_contains_paywalled_content":false,"_jetpack_memberships_contains_paid_content":false,"footnotes":"","jetpack_publicize_message":"","jetpack_publicize_feature_enabled":true,"jetpack_social_post_already_shared":false,"jetpack_social_options":{"image_generator_settings":{"template":"highway","default_image_id":0,"font":"","enabled":false},"version":2}},"categories":[1],"tags":[],"class_list":["post-3302","post","type-post","status-publish","format-standard","hentry","category-allgemein"],"jetpack_publicize_connections":[],"jetpack_featured_media_url":"","jetpack_shortlink":"https:\/\/wp.me\/p2ZUr0-Rg","jetpack_sharing_enabled":true,"_links":{"self":[{"href":"https:\/\/www.djk-erlangen.de\/fussball\/index.php?rest_route=\/wp\/v2\/posts\/3302","targetHints":{"allow":["GET"]}}],"collection":[{"href":"https:\/\/www.djk-erlangen.de\/fussball\/index.php?rest_route=\/wp\/v2\/posts"}],"about":[{"href":"https:\/\/www.djk-erlangen.de\/fussball\/index.php?rest_route=\/wp\/v2\/types\/post"}],"author":[{"embeddable":true,"href":"https:\/\/www.djk-erlangen.de\/fussball\/index.php?rest_route=\/wp\/v2\/users\/32"}],"replies":[{"embeddable":true,"href":"https:\/\/www.djk-erlangen.de\/fussball\/index.php?rest_route=%2Fwp%2Fv2%2Fcomments&post=3302"}],"version-history":[{"count":10,"href":"https:\/\/www.djk-erlangen.de\/fussball\/index.php?rest_route=\/wp\/v2\/posts\/3302\/revisions"}],"predecessor-version":[{"id":3308,"href":"https:\/\/www.djk-erlangen.de\/fussball\/index.php?rest_route=\/wp\/v2\/posts\/3302\/revisions\/3308"}],"wp:attachment":[{"href":"https:\/\/www.djk-erlangen.de\/fussball\/index.php?rest_route=%2Fwp%2Fv2%2Fmedia&parent=3302"}],"wp:term":[{"taxonomy":"category","embeddable":true,"href":"https:\/\/www.djk-erlangen.de\/fussball\/index.php?rest_route=%2Fwp%2Fv2%2Fcategories&post=3302"},{"taxonomy":"post_tag","embeddable":true,"href":"https:\/\/www.djk-erlangen.de\/fussball\/index.php?rest_route=%2Fwp%2Fv2%2Ftags&post=3302"}],"curies":[{"name":"wp","href":"https:\/\/api.w.org\/{rel}","templated":true}]}}