{"id":3296,"date":"2010-05-25T18:00:19","date_gmt":"2010-05-25T16:00:19","guid":{"rendered":"http:\/\/www.djk-erlangen.de\/fussball\/?p=3296"},"modified":"2010-05-26T15:29:45","modified_gmt":"2010-05-26T13:29:45","slug":"djk-erlangen-ah-%e2%80%93-tsv-vestenbergsgreuth-ah-02-freitag-21-mai-2010-1830h","status":"publish","type":"post","link":"https:\/\/www.djk-erlangen.de\/fussball\/?p=3296","title":{"rendered":"DJK Erlangen AH \u2013 TSV Vestenbergsgreuth AH .:. <strong>0:2<\/strong> .:.<h5>Freitag, 21. Mai 2010, 18:30h<\/h5>"},"content":{"rendered":"<p><strong>Tore<\/strong>: 0:1 (50. Min.), 0:2 (80. Min.)<\/p>\n<p>Nach gutem Saisonstart mit einem Sieg und zwei Unentschieden hagelte es gegen den TSV Vestenbergsgreuth bereits die dritte Niederlage in Folge.<\/p>\n<p><!--more-->Zum allj\u00e4hrlichen Kerwaspiel trafen wir auf einen bissigen, im Vergleich zu den Vorjahren stark &#8222;verj\u00fcngten&#8220; Gegner. So verlief die erste Halbzeit relativ ausgeglichen, die DJK konnte nur durch einen Freisto\u00df von Matze E. und einer Strafraumaktion von Markus G. gef\u00e4hrlich werden, ohne dabei jedoch Z\u00e4hlbares zu erzielen.<\/p>\n<p>Kurz nach Beginn der zweiten Halbzeit dann der erste R\u00fcckschlag. Nach einem Stellungsfehler unseres routinierten Verteidigers Jochen &#8222;Gogo&#8220; W. konnten die Greuther unseren hervorragenden Torwartvertreter Uwe W. per Kopfballbogenlampe \u00fcberlisten.<br \/>\nEs entwickelte sich nun ein offener Schlagabtausch mit jedoch nur noch einer hochkar\u00e4tigen Chance auf Seiten der DJK (Markus G.), die jedoch ungenutzt blieb. So kam was kommen mu\u00dfte: mit einem Konter fing man sich das 0:2 ein. Dies war dann auch der Endstand eines von unserer Seite aus entt\u00e4uschenden Spiels.<\/p>\n<p>Was noch zu sagen w\u00e4re: Vielleicht sollten wir zuk\u00fcnftig bereits w\u00e4hrend  des Spiels flexibler auf taktische Zw\u00e4nge reagieren als dies im  Anschlu\u00df des Spiels am Biertisch zu tun.<\/p>\n<p>(Autor: Marcel K.)<\/p>\n<div id=\"_mcePaste\" style=\"position: absolute; left: -10000px; top: 0px; width: 1px; height: 1px; overflow: hidden;\">\n<div><span><span style=\"font-family: Arial; font-size: x-small;\">Nach gutem  Saisonstart mit einem Sieg und zwei Unentschieden hagelte es  gegen<\/span><\/span><\/div>\n<div><span><span style=\"font-family: Arial; font-size: x-small;\">die TSV  Vestenbergsgreuth bereits die dritte Niederlage in Folge. Zum  allj\u00e4hrlichen<\/span><\/span><\/div>\n<div><span><span style=\"font-family: Arial; font-size: x-small;\">Kirchweihspiel  trafen wir auf einen bissigen, im Vergleich zu den Vorjahren stark <\/span><\/span><\/div>\n<div><span><span style=\"font-family: Arial; font-size: x-small;\">&#8222;verj\u00fcngten&#8220; Gegner.  So verlief die erste Halbzeit relativ ausgeglichen, die DJK <\/span><\/span><\/div>\n<div><span><span style=\"font-family: Arial; font-size: x-small;\">konnte nur durch  einen Freisto\u00df von Matze E. und einer Strafraumaktion von <\/span><\/span><\/div>\n<div><span><span style=\"font-family: Arial; font-size: x-small;\">Markus G. gef\u00e4hrlich  werden, ohne dabei jedoch Z\u00e4hlbares zu erzielen. <\/span><\/span><\/div>\n<div><span><span style=\"font-family: Arial; font-size: x-small;\">Kurz nach <\/span><\/span><span><span style=\"font-family: Arial; font-size: x-small;\">Beginn der  zweiten Halbzeit dann der erste R\u00fcckschlag. Nach  Stellungsfehler<\/span><\/span><\/div>\n<div><span><span style=\"font-family: Arial; font-size: x-small;\">unseres routinierten  Verteidigers Jochen &#8222;Gogo&#8220; W. konnten die Greuther unseren<\/span><\/span><\/div>\n<div><span><span style=\"font-family: Arial; font-size: x-small;\">hervorragenden  Torwartersatz Uwe W. per Kopfballbogenlampe \u00fcberlisten.<\/span><\/span><\/div>\n<div><span><span style=\"font-family: Arial; font-size: x-small;\">Es entwickelte sich  nun ein offener Schlagabtausch\u00a0mit\u00a0jedoch nur noch einer  hochkar\u00e4tigen<\/span><\/span><\/div>\n<div><span><span style=\"font-family: Arial; font-size: x-small;\">Chance auf Seiten  der DJK (Markus G.), die jedoch ungenutzt blieb. So passierte <\/span><\/span><\/div>\n<div><span><span style=\"font-family: Arial; font-size: x-small;\">was <\/span><\/span><span><span style=\"font-family: Arial; font-size: x-small;\">kommen  mu\u00dfte, mit einem Konter fing man sich das 0:2. Dies war dann auch  der<\/span><\/span><\/div>\n<div><span><span style=\"font-family: Arial; font-size: x-small;\">Endstand eines von  unserer Seite aus entt\u00e4uschenden Spiels.<\/span><\/span><\/div>\n<div><span><span style=\"font-family: Arial; font-size: x-small;\">Was noch zu sagen  w\u00e4re: Vielleicht sollten wir zuk\u00fcnftig bereits w\u00e4hrend des Spiels  flexibler<\/span><\/span><\/div>\n<div><span><span style=\"font-family: Arial; font-size: x-small;\">auf taktische Zw\u00e4nge  reagieren als dies im Anschlu\u00df des Spiels am Biertisch zu  tun.<\/span><\/span><\/div>\n<\/div>\n","protected":false},"excerpt":{"rendered":"<p>Tore: 0:1 (50. Min.), 0:2 (80. Min.) Nach gutem Saisonstart mit einem Sieg und zwei Unentschieden hagelte es gegen den TSV Vestenbergsgreuth bereits die dritte Niederlage in Folge.<\/p>\n","protected":false},"author":21,"featured_media":0,"comment_status":"open","ping_status":"closed","sticky":false,"template":"","format":"standard","meta":{"jetpack_post_was_ever_published":false,"_jetpack_newsletter_access":"","_jetpack_dont_email_post_to_subs":false,"_jetpack_newsletter_tier_id":0,"_jetpack_memberships_contains_paywalled_content":false,"_jetpack_memberships_contains_paid_content":false,"footnotes":"","jetpack_publicize_message":"","jetpack_publicize_feature_enabled":true,"jetpack_social_post_already_shared":false,"jetpack_social_options":{"image_generator_settings":{"template":"highway","default_image_id":0,"font":"","enabled":false},"version":2}},"categories":[4],"tags":[],"class_list":["post-3296","post","type-post","status-publish","format-standard","hentry","category-ah"],"jetpack_publicize_connections":[],"jetpack_featured_media_url":"","jetpack_shortlink":"https:\/\/wp.me\/p2ZUr0-Ra","jetpack_sharing_enabled":true,"_links":{"self":[{"href":"https:\/\/www.djk-erlangen.de\/fussball\/index.php?rest_route=\/wp\/v2\/posts\/3296","targetHints":{"allow":["GET"]}}],"collection":[{"href":"https:\/\/www.djk-erlangen.de\/fussball\/index.php?rest_route=\/wp\/v2\/posts"}],"about":[{"href":"https:\/\/www.djk-erlangen.de\/fussball\/index.php?rest_route=\/wp\/v2\/types\/post"}],"author":[{"embeddable":true,"href":"https:\/\/www.djk-erlangen.de\/fussball\/index.php?rest_route=\/wp\/v2\/users\/21"}],"replies":[{"embeddable":true,"href":"https:\/\/www.djk-erlangen.de\/fussball\/index.php?rest_route=%2Fwp%2Fv2%2Fcomments&post=3296"}],"version-history":[{"count":5,"href":"https:\/\/www.djk-erlangen.de\/fussball\/index.php?rest_route=\/wp\/v2\/posts\/3296\/revisions"}],"predecessor-version":[{"id":3301,"href":"https:\/\/www.djk-erlangen.de\/fussball\/index.php?rest_route=\/wp\/v2\/posts\/3296\/revisions\/3301"}],"wp:attachment":[{"href":"https:\/\/www.djk-erlangen.de\/fussball\/index.php?rest_route=%2Fwp%2Fv2%2Fmedia&parent=3296"}],"wp:term":[{"taxonomy":"category","embeddable":true,"href":"https:\/\/www.djk-erlangen.de\/fussball\/index.php?rest_route=%2Fwp%2Fv2%2Fcategories&post=3296"},{"taxonomy":"post_tag","embeddable":true,"href":"https:\/\/www.djk-erlangen.de\/fussball\/index.php?rest_route=%2Fwp%2Fv2%2Ftags&post=3296"}],"curies":[{"name":"wp","href":"https:\/\/api.w.org\/{rel}","templated":true}]}}