{"id":2842,"date":"2010-04-12T22:17:04","date_gmt":"2010-04-12T20:17:04","guid":{"rendered":"http:\/\/www.djk-erlangen.de\/fussball\/?p=2842"},"modified":"2010-04-12T22:26:33","modified_gmt":"2010-04-12T20:26:33","slug":"f1-21-erfolgreich-beim-bsc-erlangen","status":"publish","type":"post","link":"https:\/\/www.djk-erlangen.de\/fussball\/?p=2842","title":{"rendered":"F1 2:1 erfolgreich beim BSC Erlangen"},"content":{"rendered":"<p>Mit einem schwer erk\u00e4mpften Sieg starteten heute die\u00a0Wickinger vom Wiesengrund\u00a0im Derby beim BSC Erlangen in die Sommerrunde.<!--more--><\/p>\n<p><img loading=\"lazy\" decoding=\"async\" class=\"size-full wp-image-2850 alignnone\" title=\"BSC - DJK 12.4.2010\" src=\"http:\/\/www.djk-erlangen.de\/fussball\/wp-content\/uploads\/2010\/04\/DJK_BSC-12_4_2010_1.jpg\" alt=\"\" width=\"366\" height=\"294\" \/><\/p>\n<p>Bei k\u00fchlen Au\u00dfentemperaturen und sehr guten Platzverh\u00e4ltnissen heizten beide Mannschaften mit einem tollem Fu\u00dfballspiel beiden Fangruppen an der Schallershofer Strasse ein. Ein offener Schlagabtausch mit vielen Torchancen auf beiden Seiten, f\u00fchrte aber in der 1. Halbzeit zu keinem Torerfolg.<\/p>\n<p>Nach der Halbzeitpause, gest\u00e4rkt mit warmen Tee, kamen die Jungs, top motiviert von unseren Trainern Marcus und Markus, auf das Feld zur\u00fcck, um viele weitere Torchancen zu erspielen. Die den Kinder anzusehende Spielfreude wurde dann auch mit 2 tollen Toren belohnt.<\/p>\n<p>Erw\u00e4hnt werden mu\u00df auch das verdiente Tor der Froscher, welche \u00fcber die gesamte Spielzeit ebenfalle eine tolle fu\u00dfballerische Leistung gezeigt haben. Der Einsatz wurde zurecht mit dem abschliessenden 2:1 belohnt.<\/p>\n<p>Nach dem gemeinsamen Sportgru\u00df, unter Leitung des DJK Schiedsrichters &#8222;Glogge&#8220;, erfreuten sich alle Kinder beim abschliessenden 7 m Schiessen.<\/p>\n<p>Super Jungs, macht weiter so.<\/p>\n","protected":false},"excerpt":{"rendered":"<p>Mit einem schwer erk\u00e4mpften Sieg starteten heute die\u00a0Wickinger vom Wiesengrund\u00a0im Derby beim BSC Erlangen in die Sommerrunde.<\/p>\n","protected":false},"author":9,"featured_media":0,"comment_status":"open","ping_status":"closed","sticky":false,"template":"","format":"standard","meta":{"jetpack_post_was_ever_published":false,"_jetpack_newsletter_access":"","_jetpack_dont_email_post_to_subs":false,"_jetpack_newsletter_tier_id":0,"_jetpack_memberships_contains_paywalled_content":false,"_jetpack_memberships_contains_paid_content":false,"footnotes":"","jetpack_publicize_message":"","jetpack_publicize_feature_enabled":true,"jetpack_social_post_already_shared":false,"jetpack_social_options":{"image_generator_settings":{"template":"highway","default_image_id":0,"font":"","enabled":false},"version":2}},"categories":[15],"tags":[],"class_list":["post-2842","post","type-post","status-publish","format-standard","hentry","category-u9-f1"],"jetpack_publicize_connections":[],"jetpack_featured_media_url":"","jetpack_shortlink":"https:\/\/wp.me\/p2ZUr0-JQ","jetpack_sharing_enabled":true,"_links":{"self":[{"href":"https:\/\/www.djk-erlangen.de\/fussball\/index.php?rest_route=\/wp\/v2\/posts\/2842","targetHints":{"allow":["GET"]}}],"collection":[{"href":"https:\/\/www.djk-erlangen.de\/fussball\/index.php?rest_route=\/wp\/v2\/posts"}],"about":[{"href":"https:\/\/www.djk-erlangen.de\/fussball\/index.php?rest_route=\/wp\/v2\/types\/post"}],"author":[{"embeddable":true,"href":"https:\/\/www.djk-erlangen.de\/fussball\/index.php?rest_route=\/wp\/v2\/users\/9"}],"replies":[{"embeddable":true,"href":"https:\/\/www.djk-erlangen.de\/fussball\/index.php?rest_route=%2Fwp%2Fv2%2Fcomments&post=2842"}],"version-history":[{"count":5,"href":"https:\/\/www.djk-erlangen.de\/fussball\/index.php?rest_route=\/wp\/v2\/posts\/2842\/revisions"}],"predecessor-version":[{"id":2869,"href":"https:\/\/www.djk-erlangen.de\/fussball\/index.php?rest_route=\/wp\/v2\/posts\/2842\/revisions\/2869"}],"wp:attachment":[{"href":"https:\/\/www.djk-erlangen.de\/fussball\/index.php?rest_route=%2Fwp%2Fv2%2Fmedia&parent=2842"}],"wp:term":[{"taxonomy":"category","embeddable":true,"href":"https:\/\/www.djk-erlangen.de\/fussball\/index.php?rest_route=%2Fwp%2Fv2%2Fcategories&post=2842"},{"taxonomy":"post_tag","embeddable":true,"href":"https:\/\/www.djk-erlangen.de\/fussball\/index.php?rest_route=%2Fwp%2Fv2%2Ftags&post=2842"}],"curies":[{"name":"wp","href":"https:\/\/api.w.org\/{rel}","templated":true}]}}