{"id":2841,"date":"2010-04-12T22:20:30","date_gmt":"2010-04-12T20:20:30","guid":{"rendered":"http:\/\/www.djk-erlangen.de\/fussball\/?p=2841"},"modified":"2010-04-13T09:43:34","modified_gmt":"2010-04-13T07:43:34","slug":"gegluckter-saisonauftakt","status":"publish","type":"post","link":"https:\/\/www.djk-erlangen.de\/fussball\/?p=2841","title":{"rendered":"gegl\u00fcckter Saisonauftakt"},"content":{"rendered":"<p>Am Montag den 12.04.10 um 17.00 Uhr war es endlich soweit. Nach \u00fcber 3monatiger Winterpause startete die Punkterunde.<br \/>\nZum Auftakt der Fr\u00fchjahrsrunde mu\u00dften wir in den Nordwesten\u00a0 zum 1. FC Gro\u00dfdechsendorf. <!--more-->Nach einer\u00a0 guten Vorbereitung mit dem einen oder anderen Freundschaftsspiel konnten wir am heutigen Auftaktspieltag\u00a0 in der Gruppe 6 fast in Bestbesetzung antreten.<br \/>\nSchon beim Treffpunkt konnte man den Jungs ansehen, da\u00df sie hochkonzentriert an die bevorstehende Aufgabe herangehen wollen.<\/p>\n<p>Das Wetter zeigte sich heute auch wieder p\u00fcnktlich zum Anpfiff von seiner besseren Seite, was sich jedoch nicht wirklich positiv auf die ersten Minuten unseres Spiels auswirkte.<br \/>\nUngewohnt viele Abspielfehler und Ballunsicherheit beherrschte unser Spiel in der Anfangsphase, was auch postwendend mit dem F\u00fchrungstreffer durch den FCD bestraft wurde.<\/p>\n<p>Man besann sich auf das Wesentliche und spielte endlich Fu\u00dfball. So wurde der Druck auf das Heimteam immer st\u00e4rker und Mike, der langsam aber sicher auch noch zum Torj\u00e4ger avisiert, erl\u00f6ste seine Farben und die zahlreich mitgereisten Fans in der 9. Spielminute\u00a0 mit dem l\u00e4ngst f\u00e4lligen Ausgleichstreffer.<\/p>\n<p>Wiederum ein druckvoll vorgetragener Gegensto\u00df konnte durch einen Dechsendorfer nur durch ein absichtliches Handspiel gestoppt werden. Den f\u00e4lligen Handsiebenmeter verwandelte erneut Mike sicher zur verdienten F\u00fchrung f\u00fcr die Wiesenwegbuben in Spielminute 14.<\/p>\n<p>Die Gastgeber packten jetzt noch eine Schippe drauf und dr\u00e4ngten auf den Ausgleich vor der Pause. Dieses Gelegenheit nutzte Ben der diesmal als h\u00e4ngende Spitze agierte vorbildlich, indem er sich im Mittelfeld den Ball erk\u00e4mpfte und mit einem traumhaften Soli unhaltbar f\u00fcr den G\u00e4stekeeper zur 3:1 Pausenf\u00fchrung einnetzte.<\/p>\n<p>Im zweiten Spielabschnitt versuchten wir das Spiel dann zu kontrollieren was wieder f\u00fcr Gefahr vor unserem Geh\u00e4use sorgte. Doch unsere am heutigen Tage sehr umsichtig agierende Abwehrreihe die dank Spielf\u00fchrer Oliver\u00a0 immer besser harmoniert, lie\u00dfen wir nichts mehr anbrennen, vielmehr vergaben wir durch s\u00e4mtliche Offensivkr\u00e4fte noch zahlreiche Einschu\u00dfm\u00f6glichkeiten die allesamt durch den hervorragenden G\u00e4stetorw\u00e4chter zunichte gemacht wurden.<\/p>\n<p style=\"text-align: left;\"><a rel=\"attachment wp-att-2843\" href=\"http:\/\/www.djk-erlangen.de\/fussball\/?attachment_id=2843\"><img loading=\"lazy\" decoding=\"async\" class=\"size-medium wp-image-2843 alignleft\" title=\"04 10 wandern fussball 008\" src=\"http:\/\/www.djk-erlangen.de\/fussball\/wp-content\/uploads\/2010\/04\/04-10-wandern-fussball-008-300x225.jpg\" alt=\"\" width=\"300\" height=\"225\" srcset=\"https:\/\/www.djk-erlangen.de\/fussball\/wp-content\/uploads\/2010\/04\/04-10-wandern-fussball-008-300x225.jpg 300w, https:\/\/www.djk-erlangen.de\/fussball\/wp-content\/uploads\/2010\/04\/04-10-wandern-fussball-008-150x112.jpg 150w, https:\/\/www.djk-erlangen.de\/fussball\/wp-content\/uploads\/2010\/04\/04-10-wandern-fussball-008.jpg 800w\" sizes=\"auto, (max-width: 300px) 100vw, 300px\" \/><\/a><a rel=\"attachment wp-att-2844\" href=\"http:\/\/www.djk-erlangen.de\/fussball\/?attachment_id=2844\"><img loading=\"lazy\" decoding=\"async\" class=\"aligncenter  size-medium wp-image-2844\" title=\"04 10 wandern fussball 015\" src=\"http:\/\/www.djk-erlangen.de\/fussball\/wp-content\/uploads\/2010\/04\/04-10-wandern-fussball-015-300x225.jpg\" alt=\"\" width=\"300\" height=\"225\" srcset=\"https:\/\/www.djk-erlangen.de\/fussball\/wp-content\/uploads\/2010\/04\/04-10-wandern-fussball-015-300x225.jpg 300w, https:\/\/www.djk-erlangen.de\/fussball\/wp-content\/uploads\/2010\/04\/04-10-wandern-fussball-015-150x112.jpg 150w, https:\/\/www.djk-erlangen.de\/fussball\/wp-content\/uploads\/2010\/04\/04-10-wandern-fussball-015.jpg 800w\" sizes=\"auto, (max-width: 300px) 100vw, 300px\" \/><\/a><\/p>\n<p style=\"text-align: left;\">\n<p style=\"text-align: left;\">Letztendlich konnten wir dann als verdiente Sieger die Heimreise  antreten und uns nun in aller Ruhe auf das schwere Heimspiel am kommenden  Freitag gegen den SC Eltersdorf vorbereiten.<\/p>\n<p style=\"text-align: left;\">Aufgebot DjK F-3\/I: Luis; Daniel; Oliver; Lorenz K.; Benedikt; Ben; Mike; Jojo;<br \/>\nTore: Mike (2); Ben (1)<\/p>\n<h2 style=\"text-align: left;\"><span style=\"text-decoration: underline;\">Spielbericht F-3\/II<\/span><\/h2>\n<p>Ebenfalls am heutigen Tag gab es die Punktspielpremiere der II. Mannschaft der F-3. Zum Auftakt in Gruppe 9 f\u00fchrte die Jungs und M\u00e4del der Weg nach Tennenlohe zum SV.<br \/>\nDie Mannschaft setzte das um was man erwarten konnte und zog sich mehr als achtbar aus der Aff\u00e4re. Geleitet vom umsichtig agierenden Alexander der seine Mitspieler immer wieder sortierte, und einen Johannes der immer wieder mit gef\u00e4hrlichen Vorst\u00f6\u00dfen zu gefallen wu\u00dfte und Elias mehrmals aussichtsreich in Szene setzte, entwickelte sich eine Partie die keinesfalls einseitig verlief. Mangelnde Kommunikation und teilweise fehlende Einstellung zum Mannschaftssport bei einigen Kameraden gepaart mit Trainingsr\u00fcckstand sorgte f\u00fcr eine\u00a0 3:1 Pausenf\u00fchrung f\u00fcr den SV Tennenlohe, die dank eines hervorragend aufgelegten Torstehers Dominik weit aus h\u00f6her h\u00e4tte ausfallen k\u00f6nnen.<\/p>\n<p>Im zweiten Spielabschnitt gingen die Jungs und M\u00e4del dann nochmals an Ihrer Leistungsgrenze und konnten die Partie offen gestalten. So trennte man sich nach 40 Minuten mit 4:2 und konnte trotz der knappen Niederlage erhobenen Hauptes zur\u00fcck in den Erlanger Westen fahren.<br \/>\nSicherlich wird\u00a0 die Mannschaft am kommenden Samstag zuhause gegen den Nachbarn TVE ein anderes Gesicht zeigen und versuchen die ersten Punkte auf der Habenseite zu verbuchen.<br \/>\nEin Anfang ist gemacht und Ihr seit alle auf einem guten Weg. Wenn sich die Mannschaft erstmal gefunden und eingespielt hat werden wir sicherlich noch f\u00fcr die eine oder andere \u00dcberraschung sorgen k\u00f6nnen.<\/p>\n<p>Aufgebot DjK F-3\/II: Dominik; Johannes; Alexander; Selena; Mate; Maxi; Elias; Lorenz G.<br \/>\nTore: Alexander (1); Elias (1)<\/p>\n","protected":false},"excerpt":{"rendered":"<p>Am Montag den 12.04.10 um 17.00 Uhr war es endlich soweit. Nach \u00fcber 3monatiger Winterpause startete die Punkterunde. Zum Auftakt der Fr\u00fchjahrsrunde mu\u00dften wir in den Nordwesten\u00a0 zum 1. FC Gro\u00dfdechsendorf.<\/p>\n","protected":false},"author":32,"featured_media":0,"comment_status":"open","ping_status":"closed","sticky":false,"template":"","format":"standard","meta":{"jetpack_post_was_ever_published":false,"_jetpack_newsletter_access":"","_jetpack_dont_email_post_to_subs":false,"_jetpack_newsletter_tier_id":0,"_jetpack_memberships_contains_paywalled_content":false,"_jetpack_memberships_contains_paid_content":false,"footnotes":"","jetpack_publicize_message":"","jetpack_publicize_feature_enabled":true,"jetpack_social_post_already_shared":false,"jetpack_social_options":{"image_generator_settings":{"template":"highway","default_image_id":0,"font":"","enabled":false},"version":2}},"categories":[1],"tags":[],"class_list":["post-2841","post","type-post","status-publish","format-standard","hentry","category-allgemein"],"jetpack_publicize_connections":[],"jetpack_featured_media_url":"","jetpack_shortlink":"https:\/\/wp.me\/p2ZUr0-JP","jetpack_sharing_enabled":true,"_links":{"self":[{"href":"https:\/\/www.djk-erlangen.de\/fussball\/index.php?rest_route=\/wp\/v2\/posts\/2841","targetHints":{"allow":["GET"]}}],"collection":[{"href":"https:\/\/www.djk-erlangen.de\/fussball\/index.php?rest_route=\/wp\/v2\/posts"}],"about":[{"href":"https:\/\/www.djk-erlangen.de\/fussball\/index.php?rest_route=\/wp\/v2\/types\/post"}],"author":[{"embeddable":true,"href":"https:\/\/www.djk-erlangen.de\/fussball\/index.php?rest_route=\/wp\/v2\/users\/32"}],"replies":[{"embeddable":true,"href":"https:\/\/www.djk-erlangen.de\/fussball\/index.php?rest_route=%2Fwp%2Fv2%2Fcomments&post=2841"}],"version-history":[{"count":29,"href":"https:\/\/www.djk-erlangen.de\/fussball\/index.php?rest_route=\/wp\/v2\/posts\/2841\/revisions"}],"predecessor-version":[{"id":2862,"href":"https:\/\/www.djk-erlangen.de\/fussball\/index.php?rest_route=\/wp\/v2\/posts\/2841\/revisions\/2862"}],"wp:attachment":[{"href":"https:\/\/www.djk-erlangen.de\/fussball\/index.php?rest_route=%2Fwp%2Fv2%2Fmedia&parent=2841"}],"wp:term":[{"taxonomy":"category","embeddable":true,"href":"https:\/\/www.djk-erlangen.de\/fussball\/index.php?rest_route=%2Fwp%2Fv2%2Fcategories&post=2841"},{"taxonomy":"post_tag","embeddable":true,"href":"https:\/\/www.djk-erlangen.de\/fussball\/index.php?rest_route=%2Fwp%2Fv2%2Ftags&post=2841"}],"curies":[{"name":"wp","href":"https:\/\/api.w.org\/{rel}","templated":true}]}}