{"id":2749,"date":"2010-03-29T13:05:20","date_gmt":"2010-03-29T11:05:20","guid":{"rendered":"http:\/\/www.djk-erlangen.de\/fussball\/?p=2749"},"modified":"2010-05-02T14:20:39","modified_gmt":"2010-05-02T12:20:39","slug":"djk-erlangen-ah-%e2%80%93-spvgg-erlangen-ah-22-samstag-27-marz-2010-1600h","status":"publish","type":"post","link":"https:\/\/www.djk-erlangen.de\/fussball\/?p=2749","title":{"rendered":"DJK Erlangen AH \u2013 SpVgg Erlangen AH .:. <strong>2:2<\/strong> .:.<h5>Samstag, 27. M\u00e4rz 2010, 16:00h<\/h5>"},"content":{"rendered":"<p><strong>Torsch\u00fctzen<\/strong>: Matze E., Robert G.<\/p>\n<p>In unserem zweiten Saisonspiel trafen wir auf den erwartet spielstarken Gegner.<br \/>\n<!--more-->Ob der Wetterkapriolen (&#8222;starke Sandf\u00e4lle&#8220;) der vergangenen Tage war der A-Platz unbespielbar und wir mussten auf den B-Platz ausweichen. Die Aufgabe wurde auch noch dadurch erschwert, dass kurz vor Anpfiff unsere etatm\u00e4\u00dfige Nr. 1 krankheitsbedingt passen musste. Gewohnt uneigenn\u00fctzig erkl\u00e4rte sich Jochen W. bereit, ins Torh\u00fctertrikot zu schl\u00fcpfen. Es sei schon hier angemerkt, dass er hielt, was zu halten war. Absolut tadellose Leistung! Oder gar eine Kampfansage an Gerd N.?!<\/p>\n<p>Die Spieli legte los wie die Feuerwehr. Die ersten f\u00fcnfzehn Minuten sahen wir kaum Land bzw. Ball. Folgerichtig lagen wir schnell durch einen satten Schuss aus 18 m mit 0:1 in R\u00fcckstand. Diesem ging eine ganze Reihe von halbherzig gef\u00fchrten und deshalb auch verlorenen Zweik\u00e4mpfen im Mittelfeld voraus.<\/p>\n<p>Durch eine geschlossene k\u00e4mpferische Mannschaftsleistung konnten wir in der Folgezeit der \u00dcberlegenheit der SpVgg Paroli bieten und das Spiel ausgeglichen gestalten. In dieser Phase gingen wir in der Defensivarbeit konzentrierter zu Werke und konnten das sichere Passspiel der gegnerischen Mannschaft effektiver st\u00f6ren. Klare Aktionen nach vorne blieben jedoch Mangelware. Vor allem gelang es uns zu selten, schnell von Defensive auf Offensive umzuschalten. Unserem Spiel fehlte es auf dem engen Feld an Passgenauigkeit. Folgerichtig entstanden unsere wenigen Torchancen eher zuf\u00e4llig. Es ging mit einem knappen R\u00fcckstand in die Halbzeitpause.<\/p>\n<p>Die zweite Halbzeit starteten wir so engagiert wie wir die erste beendet hatten. Es gelang uns zeitweise die Spieli richtig ins Schwimmen zu bringen. Belohnt wurden unsere Anstrengungen Mitte der 2. Halbzeit durch ein sehenswertes Kopfballtor unseres Kopfballungeheuers Matze E. Auf genau getimetes Zuspiel von Flankengott Markus G. stieg er hoch und versenkte die WM(!)-Kugel unhaltbar im rechten Eck. Danach setzten wir die gegnerische Abwehrreihe noch st\u00e4rker unter Druck und zwangen diese vermehrt zu Unsicherheiten. Nach einer scharfen Hereingabe von Stefan Sch. von rechts konnte einer der gegnerischen Innenverteidiger nicht entscheidend kl\u00e4ren und Robert G. brachte das Leder aus 5 m Entfernung zur 2:1 F\u00fchrung im Netz unter.<\/p>\n<p>Die Spieli hielt weiter dagegen, so dass im weiteren Verlauf das Spiel hin und her wogte. Den anzuerkennenden spielerischen Vorteilen des Gegners, der den Ball meist sicher durch seine Reihen laufen lie\u00df, setzten wir vor allem Einsatzbereitschaft entgegen. Hinterherlaufen mussten wir immer dann, wenn wir &#8222;altmodisch&#8220; Fu\u00dfball spielten. Etwa wenn Offensivkr\u00e4fte verga\u00dfen, dass die Abwehrarbeit in der H\u00e4lfte des Gegners beginnt. Oder Defensivspieler meinten, den Gegenspieler auch dann manndecken zu m\u00fcssen, wenn dieser am eigenen Sechzehner ein Verschnaufp\u00e4uschen einlegte. Einige aussichtsreiche Torchancen vergab die SpVgg aufgrund eigenen Unverm\u00f6gens. Der Ausgleichstreffer zum 2:2 eine Viertelstunde vor Abpfiff fiel nicht unverdient, jedoch in der konkreten Situation einigerma\u00dfen \u00fcberraschend. &#8222;Hut ab&#8220; in dieser Szene vorm gegnerischen St\u00fcrmer. Ihm (ca. 170 cm gro\u00df) gelang es, das Kopfballduell mit zwei DJK-Abwehrspielern (beide deutlich \u00fcber 180 cm!) &#8211; wohl aufgrund seiner enormen Sprungkraft &#8211; f\u00fcr sich zu entscheiden. In der verbleibenden Zeit hatten beide Mannschaften noch die ein oder andere Chance, die Begegnung f\u00fcr sich zu entscheiden. Es blieb jedoch beim gerechten Unentschieden.<\/p>\n<p>Alles in allem lieferten alle eingesetzten Spieler eine beachtenswerte k\u00e4mpferische und phasenweise auch spielerisch \u00fcberzeugende Leistung ab. Mit etwas Gl\u00fcck h\u00e4tten wir seit l\u00e4ngerer Zeit die Spieli mal wieder besiegen k\u00f6nnen. W\u00e4re aber nicht wirklich verdient gewesen.<\/p>\n<p>Zum Schluss noch das Schmankerl f\u00fcr unsere Statistikfreaks:<br \/>\nDie Torsch\u00fctzenliste wird nach diesem Spieltag &#8211; f\u00fcr manchen Experten nicht ganz unerwartet &#8211; von Robert G. angef\u00fchrt!<\/p>\n<p>(Autor: Gebby)<\/p>\n","protected":false},"excerpt":{"rendered":"<p>Torsch\u00fctzen: Matze E., Robert G. In unserem zweiten Saisonspiel trafen wir auf den erwartet spielstarken Gegner.<\/p>\n","protected":false},"author":21,"featured_media":0,"comment_status":"open","ping_status":"closed","sticky":false,"template":"","format":"standard","meta":{"jetpack_post_was_ever_published":false,"_jetpack_newsletter_access":"","_jetpack_dont_email_post_to_subs":false,"_jetpack_newsletter_tier_id":0,"_jetpack_memberships_contains_paywalled_content":false,"_jetpack_memberships_contains_paid_content":false,"footnotes":"","jetpack_publicize_message":"","jetpack_publicize_feature_enabled":true,"jetpack_social_post_already_shared":false,"jetpack_social_options":{"image_generator_settings":{"template":"highway","default_image_id":0,"font":"","enabled":false},"version":2}},"categories":[4],"tags":[],"class_list":["post-2749","post","type-post","status-publish","format-standard","hentry","category-ah"],"jetpack_publicize_connections":[],"jetpack_featured_media_url":"","jetpack_shortlink":"https:\/\/wp.me\/p2ZUr0-Il","jetpack_sharing_enabled":true,"_links":{"self":[{"href":"https:\/\/www.djk-erlangen.de\/fussball\/index.php?rest_route=\/wp\/v2\/posts\/2749","targetHints":{"allow":["GET"]}}],"collection":[{"href":"https:\/\/www.djk-erlangen.de\/fussball\/index.php?rest_route=\/wp\/v2\/posts"}],"about":[{"href":"https:\/\/www.djk-erlangen.de\/fussball\/index.php?rest_route=\/wp\/v2\/types\/post"}],"author":[{"embeddable":true,"href":"https:\/\/www.djk-erlangen.de\/fussball\/index.php?rest_route=\/wp\/v2\/users\/21"}],"replies":[{"embeddable":true,"href":"https:\/\/www.djk-erlangen.de\/fussball\/index.php?rest_route=%2Fwp%2Fv2%2Fcomments&post=2749"}],"version-history":[{"count":12,"href":"https:\/\/www.djk-erlangen.de\/fussball\/index.php?rest_route=\/wp\/v2\/posts\/2749\/revisions"}],"predecessor-version":[{"id":2753,"href":"https:\/\/www.djk-erlangen.de\/fussball\/index.php?rest_route=\/wp\/v2\/posts\/2749\/revisions\/2753"}],"wp:attachment":[{"href":"https:\/\/www.djk-erlangen.de\/fussball\/index.php?rest_route=%2Fwp%2Fv2%2Fmedia&parent=2749"}],"wp:term":[{"taxonomy":"category","embeddable":true,"href":"https:\/\/www.djk-erlangen.de\/fussball\/index.php?rest_route=%2Fwp%2Fv2%2Fcategories&post=2749"},{"taxonomy":"post_tag","embeddable":true,"href":"https:\/\/www.djk-erlangen.de\/fussball\/index.php?rest_route=%2Fwp%2Fv2%2Ftags&post=2749"}],"curies":[{"name":"wp","href":"https:\/\/api.w.org\/{rel}","templated":true}]}}