{"id":2705,"date":"2010-03-23T21:20:20","date_gmt":"2010-03-23T19:20:20","guid":{"rendered":"http:\/\/www.djk-erlangen.de\/fussball\/?p=2705"},"modified":"2010-05-02T14:20:59","modified_gmt":"2010-05-02T12:20:59","slug":"djk-erlangen-ah-asv-mohrendorf-ah-40-samstag-20-marz-2010-1600h","status":"publish","type":"post","link":"https:\/\/www.djk-erlangen.de\/fussball\/?p=2705","title":{"rendered":"DJK Erlangen AH &#8211; ASV M\u00f6hrendorf AH .:. <strong>4:0<\/strong> .:.<h5>Samstag, 20. M\u00e4rz 2010, 16:00h<\/h5>"},"content":{"rendered":"<p><strong>Torsch\u00fctzen<\/strong>: Harry W., Robert G., Lukasz M., Thomas M.<\/p>\n<p>Bei sch\u00f6nem Fr\u00fchlingswetter und guten Platzverh\u00e4ltnissen kam die DJK trotz kleiner Anfangsschwierigkeiten gut in das Spiel gegen den ASV M\u00f6hrendorf.<\/p>\n<p><!--more-->Unser 1. Saisontor machte unser Harry W. nach einer Flanke von Markus G. !<\/p>\n<p>Danach lief das Spiel deutlich besser, und die DJK konnte durch Robert G. auf 2:0 erh\u00f6hen.<\/p>\n<p>Die 2. Halbzeit begann dann etwas entspannter und man konnte irgendwie sp\u00fcren, dass noch mehr Tore fallen w\u00fcrden. Durch einen sch\u00f6nen Weitschuss von Lukasz M. fiel dann auch das 3:0 f\u00fcr die DJK.<\/p>\n<p>Die M\u00f6hrendorfer spielten nun offensiver und kamen dann auch zu einigen Chancen.<br \/>\nJedoch waren sie aber zu sehr mit sich selbst und dem Schiedsrichter besch\u00e4ftigt und so fiel dann letztendlich auch noch das letzte Tor dieser Partie durch Thomas M. zum 4:0 Endstand.<\/p>\n<p>Fazit: Ein gelungener Saisonauftakt !<\/p>\n<p>(Autor: Matze E.)<\/p>\n","protected":false},"excerpt":{"rendered":"<p>Torsch\u00fctzen: Harry W., Robert G., Lukasz M., Thomas M. Bei sch\u00f6nem Fr\u00fchlingswetter und guten Platzverh\u00e4ltnissen kam die DJK trotz kleiner Anfangsschwierigkeiten gut in das Spiel gegen den ASV M\u00f6hrendorf.<\/p>\n","protected":false},"author":21,"featured_media":0,"comment_status":"open","ping_status":"closed","sticky":false,"template":"","format":"standard","meta":{"jetpack_post_was_ever_published":false,"_jetpack_newsletter_access":"","_jetpack_dont_email_post_to_subs":false,"_jetpack_newsletter_tier_id":0,"_jetpack_memberships_contains_paywalled_content":false,"_jetpack_memberships_contains_paid_content":false,"footnotes":"","jetpack_publicize_message":"","jetpack_publicize_feature_enabled":true,"jetpack_social_post_already_shared":false,"jetpack_social_options":{"image_generator_settings":{"template":"highway","default_image_id":0,"font":"","enabled":false},"version":2}},"categories":[4],"tags":[],"class_list":["post-2705","post","type-post","status-publish","format-standard","hentry","category-ah"],"jetpack_publicize_connections":[],"jetpack_featured_media_url":"","jetpack_shortlink":"https:\/\/wp.me\/p2ZUr0-HD","jetpack_sharing_enabled":true,"_links":{"self":[{"href":"https:\/\/www.djk-erlangen.de\/fussball\/index.php?rest_route=\/wp\/v2\/posts\/2705","targetHints":{"allow":["GET"]}}],"collection":[{"href":"https:\/\/www.djk-erlangen.de\/fussball\/index.php?rest_route=\/wp\/v2\/posts"}],"about":[{"href":"https:\/\/www.djk-erlangen.de\/fussball\/index.php?rest_route=\/wp\/v2\/types\/post"}],"author":[{"embeddable":true,"href":"https:\/\/www.djk-erlangen.de\/fussball\/index.php?rest_route=\/wp\/v2\/users\/21"}],"replies":[{"embeddable":true,"href":"https:\/\/www.djk-erlangen.de\/fussball\/index.php?rest_route=%2Fwp%2Fv2%2Fcomments&post=2705"}],"version-history":[{"count":10,"href":"https:\/\/www.djk-erlangen.de\/fussball\/index.php?rest_route=\/wp\/v2\/posts\/2705\/revisions"}],"predecessor-version":[{"id":3164,"href":"https:\/\/www.djk-erlangen.de\/fussball\/index.php?rest_route=\/wp\/v2\/posts\/2705\/revisions\/3164"}],"wp:attachment":[{"href":"https:\/\/www.djk-erlangen.de\/fussball\/index.php?rest_route=%2Fwp%2Fv2%2Fmedia&parent=2705"}],"wp:term":[{"taxonomy":"category","embeddable":true,"href":"https:\/\/www.djk-erlangen.de\/fussball\/index.php?rest_route=%2Fwp%2Fv2%2Fcategories&post=2705"},{"taxonomy":"post_tag","embeddable":true,"href":"https:\/\/www.djk-erlangen.de\/fussball\/index.php?rest_route=%2Fwp%2Fv2%2Ftags&post=2705"}],"curies":[{"name":"wp","href":"https:\/\/api.w.org\/{rel}","templated":true}]}}